{"id":68012,"date":"2024-03-22T11:00:19","date_gmt":"2024-03-22T10:00:19","guid":{"rendered":"https:\/\/miradordeatarfe.es\/?p=68012"},"modified":"2024-03-21T11:56:09","modified_gmt":"2024-03-21T10:56:09","slug":"becas-mec-2024-2025-como-quien-y-para-que-pedir-esta-ayuda-para-los-estudios-el-proximo-curso","status":"publish","type":"post","link":"https:\/\/miradordeatarfe.es\/?p=68012","title":{"rendered":"Becas MEC 2024-2025: c\u00f3mo, qui\u00e9n y para qu\u00e9 pedir esta ayuda para los estudios el pr\u00f3ximo curso"},"content":{"rendered":"<h3 class=\"a_st\" style=\"text-align: justify;\">Algunas condiciones de las ayudas, de las que previsiblemente se beneficiar\u00e1n m\u00e1s de un mill\u00f3n de personas, han cambiado con el \u00faltimo decreto<\/h3>\n<p class=\"\" style=\"text-align: justify;\"><a href=\"https:\/\/elpais.com\/educacion\/2023-09-25\/el-gran-agujero-de-las-becas-el-60-de-los-ninos-mas-pobres-no-las-recibe-y-el-13-de-los-mas-ricos-si.html\" target=\"_blank\" rel=\"noopener\" data-link-track-dtm=\"\" data-mrf-link=\"https:\/\/elpais.com\/educacion\/2023-09-25\/el-gran-agujero-de-las-becas-el-60-de-los-ninos-mas-pobres-no-las-recibe-y-el-13-de-los-mas-ricos-si.html\"><strong>Las becas y ayudas al estudio para el pr\u00f3ximo curso <\/strong><\/a>ya se pueden solicitar y son muchos los interesados. Previsiblemente, se beneficiar\u00e1n en total m\u00e1s de un mill\u00f3n de personas. Los recursos financieros ascender\u00e1n a 2.536 millones de euros y se calcula que una cuarta parte se destinar\u00e1 a cubrir las matr\u00edculas de los m\u00e1s necesitados y las familias numerosas, mientras el resto se destinar\u00e1 a gastos de material, transporte o alojamiento.<\/p>\n<p class=\"\" style=\"text-align: justify;\">Por primera vez, <strong><a href=\"https:\/\/elpais.com\/educacion\/2024-02-27\/el-gobierno-mejora-las-becas-para-alumnos-con-discapacidad-y-para-las-victimas-de-abusos.html\" target=\"_blank\" rel=\"noopener\" data-link-track-dtm=\"\" data-mrf-link=\"https:\/\/elpais.com\/educacion\/2024-02-27\/el-gobierno-mejora-las-becas-para-alumnos-con-discapacidad-y-para-las-victimas-de-abusos.html\">el alumnado menor de edad que haya sido v\u00edctima de abusos sexuales quedar\u00e1 eximido <\/a><\/strong>\u2015como ya sucede con las v\u00edctimas de la violencia de g\u00e9nero\u2015 de cumplir los requisitos acad\u00e9micos para recibir las ayudas. Se calcula que la medida va a beneficiar a 2.000 solicitantes. Las ayudas al alquiler dejar\u00e1n de computar a la hora de establecer la renta familiar, lo que beneficiar\u00e1 a otros 3.000. El grado de discapacidad exigido para que los chavales con necesidades especiales de atenci\u00f3n educativa puedan recibir la ayuda espec\u00edfica por este motivo se reducir\u00e1 del 33% al 25%, alcanzando as\u00ed a 20.000 m\u00e1s. Y, con car\u00e1cter general, los umbrales de renta para percibir las ayudas aumentar\u00e1n un 5% para compensar la subida del IPC.<\/p>\n<p class=\"\" style=\"text-align: justify;\">El pr\u00f3ximo curso se mantiene la ayuda extraordinaria de 400 euros para estudiantes con necesidades espec\u00edficas de apoyo educativo que se puso en marcha este curso.<\/p>\n<h2 class=\"\" style=\"text-align: justify;\">\u00bfQui\u00e9n puede pedir la ayuda?<\/h2>\n<p class=\"\" style=\"text-align: justify;\">Los alumnos de primero y segundo de bachillerato pueden solicitarla para gastos, porque la docencia, aunque es una etapa postobligatoria, se imparte de forma gratuita. Tambi\u00e9n pueden solicitar la ayuda los alumnos de los ciclos de Formaci\u00f3n Profesional de grado medio y de grado superior \u2015<a href=\"https:\/\/elpais.com\/espana\/madrid\/2023-11-29\/las-becas-publicas-de-ayuso-en-colegios-privados-que-segregan-por-sexo-siete-millones-para-2700-alumnos-de-bachillerato.html\" target=\"_blank\" rel=\"noopener\" data-link-track-dtm=\"\" data-mrf-link=\"https:\/\/elpais.com\/espana\/madrid\/2023-11-29\/las-becas-publicas-de-ayuso-en-colegios-privados-que-segregan-por-sexo-siete-millones-para-2700-alumnos-de-bachillerato.html\">en algunas comunidades hay conciertos con centros privados y otorgan becas<\/a>\u2015, incluidos los de los centros docentes militares; as\u00ed como los de ense\u00f1anzas art\u00edsticas profesionales o superiores, ense\u00f1anzas deportivas, estudios religiosos superiores o inscritos en escuelas oficiales.<\/p>\n<p class=\"\" style=\"text-align: justify;\">Adem\u00e1s, muchos interesados no saben que hay ayudas para cursar la preparaci\u00f3n para las pruebas de acceso a la FP y cursos de formaci\u00f3n espec\u00edficos para el acceso a los ciclos formativos de grado medio y de grado superior impartidos en centros p\u00fablicos y concertados. Asimismo, en ciclos formativos de grado b\u00e1sico.<\/p>\n<p class=\"\" style=\"text-align: justify;\">Y, por supuesto, hay ayudas para cursar un grado o un m\u00e1ster en cualquier universidad espa\u00f1ola. Tambi\u00e9n se pueden beneficiar de la ayuda los que quieran prepararse en un curso para acceso a la universidad de mayores de 25 a\u00f1os en un centro p\u00fablico. Los estudios de doctorado no se incluyen en esta convocatoria de ayudas. Los universitarios son uno de cada cuatro becados, pero se llevan en torno al 44% de la partida.<\/p>\n<h2 class=\"\" style=\"text-align: justify;\">\u00bfSe puede estudiar con beca en una universidad privada?<\/h2>\n<p class=\"\" style=\"text-align: justify;\">S\u00ed, pero en ese caso no cubre la matr\u00edcula completa. Porque en las universidades p\u00fablicas, entre el 15% y el 25% de una plaza la paga el alumno (o si es becado, el Estado) y el resto el Estado, que deriva una partida a las comunidades aut\u00f3nomas con este fin. El decreto de becas prev\u00e9 que en las privadas \u201cla cuant\u00eda de esta beca ser\u00e1 igual al precio m\u00ednimo establecido por la comunidad aut\u00f3noma en la que el solicitante curse sus estudios para un estudio con la misma experimentalidad en una universidad p\u00fablica\u201d.<\/p>\n<h2 class=\"\" style=\"text-align: justify;\">\u00bfQu\u00e9 plazo hay para presentarla?<\/h2>\n<p class=\"\" style=\"text-align: justify;\">El periodo se abri\u00f3 este martes y dura hasta el pr\u00f3ximo 10 de mayo a las 15.00. Existen dos tipos: las becas que eximen al beneficiario de pagar las tasas de matr\u00edcula universitaria matriculadas por primera vez \u2015se compensa a las universidades por ese dinero que no perciben de las familias\u2015 y las becas para compensar los gastos que supone estudiar..<\/p>\n<h2 class=\"\" style=\"text-align: justify;\">\u00bfC\u00f3mo se calcula la cuant\u00eda de la ayuda?<\/h2>\n<p class=\"\" style=\"text-align: justify;\">A m\u00e1s beneficiarios de la ayuda, menor es la cantidad. <a href=\"https:\/\/elpais.com\/politica\/2014\/12\/17\/actualidad\/1418816790_794931.html\" target=\"_blank\" rel=\"noopener\" data-link-track-dtm=\"\" data-mrf-link=\"https:\/\/elpais.com\/politica\/2014\/12\/17\/actualidad\/1418816790_794931.html\">Hasta el decreto de Jos\u00e9 Ignacio Wert de 2012,<\/a> hab\u00eda una partida presupuestaria abierta, pues todo el que cumpliese los requisitos recib\u00eda una cantidad predeterminada. Pero con la crisis econ\u00f3mica esta partida salt\u00f3 por los aires y desde entonces hay un dinero asignado previamente y se reparte entre los que cumplen los requisitos aplicando una f\u00f3rmula que fue muy pol\u00e9mica en sus inicios.<\/p>\n<p class=\"\" style=\"text-align: justify;\">Hay una parte fija que tiene en cuenta la renta del estudiante, d\u00f3nde va a estudiar (por si necesita otro alojamiento) y su expediente acad\u00e9mico. Y otra parte variable en la que se pondera el expediente y la renta familiar.<\/p>\n<h2 class=\"\" style=\"text-align: justify;\">\u00bfCu\u00e1nto cobran los becarios?<\/h2>\n<p class=\"\" style=\"text-align: justify;\">La beca b\u00e1sica es de 300 euros, menos en los ciclos b\u00e1sicos formativos, que es de 350. Hay una cuant\u00eda fija de 1.700 euros ligada a la renta, otra de 2.500 euros a la residencia y una tercera vinculada a la excelencia acad\u00e9mica (m\u00e1s de un ocho de media) que va de los 50 a los 125 euros. La parte variable depende del n\u00famero final de becados, pero nunca ser\u00e1 menor a 60 euros.<\/p>\n<h2 class=\"\" style=\"text-align: justify;\">\u00bfQu\u00e9 requisitos acad\u00e9micos tienen que cumplir los no universitarios?<\/h2>\n<p class=\"\" style=\"text-align: justify;\">Si el estudiante se matricula en primero de bachillerato, tener al menos una media de cinco en cuarto de secundaria, y si va a cursar segundo, haber aprobado todas las materias menos una del curso anterior. En el caso del FP b\u00e1sico y medio, basta con matricularse y en primero del FP Superior, haber logrado una media de 5 en bachillerato y, en segundo, haber aprobado el 86% de las horas de primero.<\/p>\n<h2 class=\"\" style=\"text-align: justify;\">\u00bfQu\u00e9 requisitos acad\u00e9micos tienen que cumplir los universitarios?<\/h2>\n<p class=\"\" style=\"text-align: justify;\">El primer curso de carrera basta con haber accedido a la universidad con un cinco en la EVAU u otra prueba de acceso para poder tener la ayuda. Los a\u00f1os siguientes, para mantener la beca hay que haber aprobado el 90% de los cr\u00e9ditos si se estudia un grado de Ciencias Sociales, Humanidades o Arte; un 80% de los cr\u00e9ditos si se enmarca en Ciencias de la Salud y un 65% en las ingenier\u00edas y ciencias puras. Estas diferencias por \u00e1reas de conocimiento se establecieron porque se considera que el nivel de dificultad no es el mismo.<\/p>\n<p class=\"\" style=\"text-align: justify;\">Para obtener una ayuda para cursar un m\u00e1ster basta con tener una media de 5 en la carrera si es el primer a\u00f1o, y otro 5 en primero del posgrado y el 100% aprobado si dura dos a\u00f1os.<\/p>\n<h2 class=\"\" style=\"text-align: justify;\">\u00bfQu\u00e9 requisitos econ\u00f3micos son necesarios?<\/h2>\n<p class=\"\" style=\"text-align: justify;\">Los becarios por debajo del umbral 1 podr\u00e1 cobrar por todos los conceptos fijos (renta, excelencia y residencia), variables y la beca b\u00e1sica. Los del umbral 2, todos menos la renta. Y los del umbral 3 pueden obtener la beca b\u00e1sica y la cuant\u00eda fija ligada a la excelencia. Todos, adem\u00e1s, est\u00e1n exentos de las tasas de matr\u00edcula.<\/p>\n<p style=\"text-align: justify;\"><a href=\"https:\/\/i0.wp.com\/miradordeatarfe.es\/wp-content\/uploads\/2024\/03\/Screenshot-2024-03-21-at-11-53-20-Becas-MEC-2024-2025-como-quien-y-para-que-pedir-esta-ayuda-para-los-estudios-el-proximo-curso.png?ssl=1\"><img data-recalc-dims=\"1\" loading=\"lazy\" decoding=\"async\" class=\"alignnone wp-image-68013 size-full\" src=\"https:\/\/i0.wp.com\/miradordeatarfe.es\/wp-content\/uploads\/2024\/03\/Screenshot-2024-03-21-at-11-53-20-Becas-MEC-2024-2025-como-quien-y-para-que-pedir-esta-ayuda-para-los-estudios-el-proximo-curso.png?resize=640%2C255&#038;ssl=1\" alt=\"\" width=\"640\" height=\"255\" srcset=\"https:\/\/i0.wp.com\/miradordeatarfe.es\/wp-content\/uploads\/2024\/03\/Screenshot-2024-03-21-at-11-53-20-Becas-MEC-2024-2025-como-quien-y-para-que-pedir-esta-ayuda-para-los-estudios-el-proximo-curso.png?w=764&amp;ssl=1 764w, https:\/\/i0.wp.com\/miradordeatarfe.es\/wp-content\/uploads\/2024\/03\/Screenshot-2024-03-21-at-11-53-20-Becas-MEC-2024-2025-como-quien-y-para-que-pedir-esta-ayuda-para-los-estudios-el-proximo-curso.png?resize=300%2C120&amp;ssl=1 300w\" sizes=\"auto, (max-width: 640px) 100vw, 640px\" \/><\/a><\/p>\n<p style=\"text-align: justify;\"><a class=\"a_md_a_n\" title=\"Ver todas las noticias de El Pa\u00eds\" href=\"https:\/\/elpais.com\/autor\/el-pais\/#?rel=author_top\" data-mrf-link=\"https:\/\/elpais.com\/autor\/el-pais\/\"><strong>El Pa\u00eds<\/strong><\/a><\/p>\n<p style=\"text-align: justify;\">FOTO: Ambiente en la Universidad Complutense de Madrid, en la Ciudad Universitaria, el septiembre de 2023.<span class=\"a_m_m\">SAMUEL S\u00c1NCHEZ<\/span><\/p>\n<p style=\"text-align: justify;\">https:\/\/elpais.com\/educacion\/2024-03-19\/becas-mec-como-quien-y-para-que-pedir-esta-ayuda-para-los-estudios-el-proximo-curso.html<\/p>\n<div class=\"a_md _g _g-xs \">\n<figure class=\"a_md_i a_m-h c_m--nf\" style=\"text-align: justify;\"><span class=\"a_m_w _db\">\u00a0<\/span><\/figure>\n<div class=\"a_md_txt\">\n<div class=\"a_md_a\" style=\"text-align: justify;\" data-dtm-region=\"articulo_firma\">\u00a0<\/div>\n<\/div>\n<\/div>\n","protected":false},"excerpt":{"rendered":"<p>Algunas condiciones de las ayudas, de las que previsiblemente se beneficiar\u00e1n m\u00e1s de un mill\u00f3n&#8230;<\/p>\n","protected":false},"author":1,"featured_media":68014,"comment_status":"closed","ping_status":"closed","sticky":false,"template":"","format":"standard","meta":{"_coblocks_attr":"","_coblocks_dimensions":"","_coblocks_responsive_height":"","_coblocks_accordion_ie_support":"","jetpack_post_was_ever_published":false,"_jetpack_newsletter_access":"","_jetpack_dont_email_post_to_subs":false,"_jetpack_newsletter_tier_id":0,"_jetpack_memberships_contains_paywalled_content":false,"_jetpack_memberships_contains_paid_content":false,"footnotes":"","jetpack_publicize_message":"","jetpack_publicize_feature_enabled":true,"jetpack_social_post_already_shared":true,"jetpack_social_options":{"image_generator_settings":{"template":"highway","default_image_id":0,"enabled":false},"version":2}},"categories":[187,1161,44],"tags":[],"class_list":["post-68012","post","type-post","status-publish","format-standard","has-post-thumbnail","hentry","category-centros-educativos","category-ciudadania","category-noticias-de-hoy"],"jetpack_publicize_connections":[],"jetpack_featured_media_url":"https:\/\/i0.wp.com\/miradordeatarfe.es\/wp-content\/uploads\/2024\/03\/Screenshot-2024-03-21-at-11-51-58-Becas-MEC-2024-2025-como-quien-y-para-que-pedir-esta-ayuda-para-los-estudios-el-proximo-curso.png?fit=736%2C491&ssl=1","jetpack_likes_enabled":true,"jetpack_sharing_enabled":true,"_links":{"self":[{"href":"https:\/\/miradordeatarfe.es\/index.php?rest_route=\/wp\/v2\/posts\/68012","targetHints":{"allow":["GET"]}}],"collection":[{"href":"https:\/\/miradordeatarfe.es\/index.php?rest_route=\/wp\/v2\/posts"}],"about":[{"href":"https:\/\/miradordeatarfe.es\/index.php?rest_route=\/wp\/v2\/types\/post"}],"author":[{"embeddable":true,"href":"https:\/\/miradordeatarfe.es\/index.php?rest_route=\/wp\/v2\/users\/1"}],"replies":[{"embeddable":true,"href":"https:\/\/miradordeatarfe.es\/index.php?rest_route=%2Fwp%2Fv2%2Fcomments&post=68012"}],"version-history":[{"count":3,"href":"https:\/\/miradordeatarfe.es\/index.php?rest_route=\/wp\/v2\/posts\/68012\/revisions"}],"predecessor-version":[{"id":68017,"href":"https:\/\/miradordeatarfe.es\/index.php?rest_route=\/wp\/v2\/posts\/68012\/revisions\/68017"}],"wp:featuredmedia":[{"embeddable":true,"href":"https:\/\/miradordeatarfe.es\/index.php?rest_route=\/wp\/v2\/media\/68014"}],"wp:attachment":[{"href":"https:\/\/miradordeatarfe.es\/index.php?rest_route=%2Fwp%2Fv2%2Fmedia&parent=68012"}],"wp:term":[{"taxonomy":"category","embeddable":true,"href":"https:\/\/miradordeatarfe.es\/index.php?rest_route=%2Fwp%2Fv2%2Fcategories&post=68012"},{"taxonomy":"post_tag","embeddable":true,"href":"https:\/\/miradordeatarfe.es\/index.php?rest_route=%2Fwp%2Fv2%2Ftags&post=68012"}],"curies":[{"name":"wp","href":"https:\/\/api.w.org\/{rel}","templated":true}]}}