{"id":68032,"date":"2024-03-23T09:23:49","date_gmt":"2024-03-23T08:23:49","guid":{"rendered":"https:\/\/miradordeatarfe.es\/?p=68032"},"modified":"2024-03-21T12:26:32","modified_gmt":"2024-03-21T11:26:32","slug":"la-ugr-muestra-su-satisfaccion-tras-aprobar-la-junta-la-programacion-solicitada-especialmente-las-titulaciones-relacionadas-con-el-ambito-tecnologico","status":"publish","type":"post","link":"https:\/\/miradordeatarfe.es\/?p=68032","title":{"rendered":"La UGR muestra su satisfacci\u00f3n tras aprobar la Junta la programaci\u00f3n solicitada, especialmente las titulaciones relacionadas con el \u00e1mbito tecnol\u00f3gico"},"content":{"rendered":"<div class=\"entry-content\">\n<p style=\"text-align: justify;\"><strong>La instituci\u00f3n <\/strong><strong>se muestra muy satisfech<\/strong><strong>a<\/strong><strong>tras aceptar el <\/strong><strong>G<\/strong><strong>obierno andaluz<\/strong><strong>la<\/strong><strong> mayor parte<\/strong><strong> de<\/strong><strong> las alegaciones a la nueva Programaci\u00f3n Universitaria<\/strong><strong>, y ha logrado 2<\/strong><strong>6<\/strong><strong> de las 2<\/strong><strong>7<\/strong><strong> titulaciones <\/strong><strong>nuevas <\/strong><strong>solicitadas (<\/strong><strong>el <\/strong><strong>M\u00e1ster Universitario en Ingenier\u00eda Industrial<\/strong><strong> se incluir\u00e1 en<\/strong><strong> la revisi\u00f3n de la programaci\u00f3n prevista en dos a\u00f1os<\/strong><strong>)<\/strong><\/p>\n<p style=\"text-align: justify;\"><strong>El<\/strong><strong> nuevo mapa de titulaciones <\/strong><strong>permitir\u00e1 a lo largo del<\/strong><strong>per<\/strong><strong>\u00ed<\/strong><strong>odo<\/strong><strong>2025\/2028 <\/strong><strong>contar con <\/strong><strong>27<\/strong><strong> nuevas propuestas<\/strong><strong> de <\/strong><strong>t\u00edtulos<\/strong><strong> de Grado, M\u00e1ster Universitario y Programas de Doctorado<\/strong><strong>, entre <\/strong><strong>los que se encuentran algunos relacionados<\/strong><strong> con el <\/strong><strong>IFMIF DONES y la Inteligencia Artificial<\/strong><strong> (IA)<\/strong><\/p>\n<p style=\"text-align: justify;\">El Consejero de Universidad,\u00a0Investigaci\u00f3n e Innovaci\u00f3n de la Junta de Andaluc\u00eda, Jos\u00e9 Carlos G\u00f3mez Villamandos y su equipo han\u00a0trasladado al rector de la Universidad de Granada (UGR), Pedro Mercado Pacheco, que han tomado en consideraci\u00f3n gran\u00a0parte de las alegaciones propuestas por la universidad granadina tras la decisi\u00f3n inicial de no aprobar algunos de los t\u00edtulos\u00a0incluidos en la primera propuesta que present\u00f3 la UGR, as\u00ed como el car\u00e1cter condicionado de otros que tambi\u00e9n formaban parte de la misma.<\/p>\n<p style=\"text-align: justify;\">Tras esta decisi\u00f3n (que el consejero ha comunicado al rector en una reuni\u00f3n junto al resto de rectores andaluces celebrada ayer tarde en la Universidad de C\u00f3rdoba), la Universidad de Granada podr\u00e1 aumentar y reforzar su oferta formativa en el \u00e1mbito tecnol\u00f3gico.<\/p>\n<p style=\"text-align: justify;\">Entre otros, y tras las conversaciones con el equipo de la Consejer\u00eda y los centros implicados, en el \u00e1mbito tecnol\u00f3gico se impartir\u00e1 el <strong>Grado en Ciencia de Datos e Inteligencia Artificial<\/strong> en los campus de Granada y Melilla de la UGR. Tambi\u00e9n se ha planteado una reorientaci\u00f3n del <strong>Grado de Ingenier\u00eda\u00a0El\u00e9ctrica y Energ\u00e9tica<\/strong> inicialmente solicitado para ofrecer\u00a0el Grado en <strong>Tecnolog\u00eda Industrial y de Materiales<\/strong> y, en la revisi\u00f3n de la programaci\u00f3n prevista en dos a\u00f1os, incluir el <strong>M\u00e1ster Universitario en Ingenier\u00eda Industrial,<\/strong> t\u00edtulos que se consideran fundamentales en la estrategia formativa e investigadora de la instituci\u00f3n a medio y largo plazo por estar directamente relacionados con proyectos tan importantes para Granada y su entorno como el IFMIF DONES.<\/p>\n<p style=\"text-align: justify;\">A esta oferta formativa en el \u00e1mbito tecnol\u00f3gico se suma\u00a0tambi\u00e9n la implantaci\u00f3n del Grado en Ingenier\u00eda Biom\u00e9dica (t\u00edtulo conjunto con la Universidad de Ja\u00e9n),\u00a0que ya hab\u00eda recibido el informe favorable inicial.<\/p>\n<p style=\"text-align: justify;\">La Junta tambi\u00e9n ha valorado positivamente\u00a0las alegaciones presentadas por la UGR en otros t\u00edtulos de M\u00e1ster Universitario que estaban condicionados, como el de <strong>Desarrollo Sostenible y Gobernanza Ambiental, Gesti\u00f3n de la Salud P\u00fablica (conjuntamente con la Universidad Internacional de Andaluc\u00eda)\u00a0o Educaci\u00f3n Digital y Emprendimiento (MEDE), este \u00faltimo propuesto desde el Campus Universitario de Ceuta de la UGR.<\/strong><\/p>\n<p style=\"text-align: justify;\">Pedro Mercado ha mostrado su satisfacci\u00f3n por esta decisi\u00f3n de la Junta, que \u201cmuestra el alineamiento del Gobierno andaluz con la estrategia de futuro de la Universidad de Granada, y una sensibilidad que queremos agradecer expresamente, al igual que a todas las instituciones y al tejido empresarial granadino, que nos han trasladado todo su apoyo durante este per\u00edodo de alegaciones\u201d. Para Mercado, la toma en consideraci\u00f3n de las alegaciones cubre las aspiraciones de la UGR en lo que a su pr\u00f3ximo mapa de titulaciones se refiere\u00a0para el per\u00edodo 2025\/2028.<\/p>\n<p style=\"text-align: justify;\">Esta satisfacci\u00f3n tiene su raz\u00f3n de ser en el hecho de que la UGR contar\u00e1 en este per\u00edodo con 27 nuevas titulaciones de Grado, M\u00e1ster y Doctorado. De ellas, 21 consiguieron su aprobaci\u00f3n en la valoraci\u00f3n inicial a cargo de la Direcci\u00f3n General de Coordinaci\u00f3n Universitaria, dos fueron inicialmente rechazadas y el resto quedaron condicionadas a la evaluaci\u00f3n de las alegaciones correspondientes.<\/p>\n<p style=\"text-align: justify;\">En relaci\u00f3n con esas dos propuestas rechazadas, que finalmente han sido incluidas en la Programaci\u00f3n Universitaria, las alegaciones de la UGR al informe inicial y provisional de la Consejer\u00eda de Universidad, Investigaci\u00f3n e Innovaci\u00f3n de la Junta de Andaluc\u00eda han permitido documentar satisfactoriamente las razones por las que desde la instituci\u00f3n se cree conveniente acompa\u00f1ar con una propuesta formativa significativa y en estrecha relaci\u00f3n con el \u00e1mbito tecnol\u00f3gico\u00a0que requieren los grandes proyectos que se est\u00e1n desarrollando en Granada.<\/p>\n<p style=\"text-align: justify;\">En su conjunto, la nueva programaci\u00f3n propuesta por la Universidad de Granada est\u00e1 enfocada a la empleabilidad a trav\u00e9s de su conexi\u00f3n con el entorno socioecon\u00f3mico, la interdisciplinariedad y trasversalidad con un fuerte componente de internacionalizaci\u00f3n que permita producir sinergias a trav\u00e9s de las cuales se generen procesos de transformaci\u00f3n mediante aprendizajes compartidos, y la configuraci\u00f3n de t\u00edtulos \u2013tanto en el \u00e1mbito de Grado como del Posgrado- capaces de proporcionar las competencias necesarias para un \u00f3ptimo desempe\u00f1o profesional al tiempo que atender las nuevas demandas sociales y de investigaci\u00f3n. Cabe unir a todo lo anterior el reforzamiento de la oferta acad\u00e9mica de Grado y Posgrado en los campus singulares de Ceuta y Melilla, contribuyendo de este modo a reforzar su proyecci\u00f3n como espacios universitarios de excelencia.<\/p>\n<p style=\"text-align: justify;\">Una vez aprobada la Programaci\u00f3n Universitaria de la Junta de Andaluc\u00eda para el periodo 2025\/2028, todas estas propuestas deber\u00e1n someterse a los procedimientos de aseguramiento de la calidad previstos tanto en el Real Decreto 822\/2021 como en el Decreto 154\/2023. Para ello se establecer\u00e1 un cronograma que, desde los Vicerrectorados de Ordenaci\u00f3n Acad\u00e9mica y Profesorado; Calidad, Innovaci\u00f3n Docente y Estudios de Grado; Posgrado y Formaci\u00f3n Permanente; y el de los Campus de Ceuta y Melilla, Planificaci\u00f3n Estrat\u00e9gica y Comunicaci\u00f3n, y en coordinaci\u00f3n con los distintos centros acad\u00e9micos, debe afrontar el complejo y exigente proceso de elaboraci\u00f3n de las memorias de estos nuevos t\u00edtulos para su posterior verificaci\u00f3n previa a la implantaci\u00f3n definitiva como ense\u00f1anzas oficiales con validez en todo el territorio nacional, a lo largo de los cursos 2025\/2026, 2026\/2027, 2027\/2028 y 2028\/2029.<\/p>\n<\/div>\n","protected":false},"excerpt":{"rendered":"<p>La instituci\u00f3n se muestra muy satisfechatras aceptar el Gobierno andaluzla mayor parte de las alegaciones&#8230;<\/p>\n","protected":false},"author":1,"featured_media":68033,"comment_status":"closed","ping_status":"closed","sticky":false,"template":"","format":"standard","meta":{"_coblocks_attr":"","_coblocks_dimensions":"","_coblocks_responsive_height":"","_coblocks_accordion_ie_support":"","jetpack_post_was_ever_published":false,"_jetpack_newsletter_access":"","_jetpack_dont_email_post_to_subs":false,"_jetpack_newsletter_tier_id":0,"_jetpack_memberships_contains_paywalled_content":false,"_jetpack_memberships_contains_paid_content":false,"footnotes":"","jetpack_publicize_message":"","jetpack_publicize_feature_enabled":true,"jetpack_social_post_already_shared":true,"jetpack_social_options":{"image_generator_settings":{"template":"highway","default_image_id":0,"enabled":false},"version":2}},"categories":[1161,10781,44,6920],"tags":[],"class_list":["post-68032","post","type-post","status-publish","format-standard","has-post-thumbnail","hentry","category-ciudadania","category-granada","category-noticias-de-hoy","category-tecnologia"],"jetpack_publicize_connections":[],"jetpack_featured_media_url":"https:\/\/i0.wp.com\/miradordeatarfe.es\/wp-content\/uploads\/2024\/03\/Fachada-Hospital-Real.webp?fit=1600%2C1063&ssl=1","jetpack_likes_enabled":true,"jetpack_sharing_enabled":true,"_links":{"self":[{"href":"https:\/\/miradordeatarfe.es\/index.php?rest_route=\/wp\/v2\/posts\/68032","targetHints":{"allow":["GET"]}}],"collection":[{"href":"https:\/\/miradordeatarfe.es\/index.php?rest_route=\/wp\/v2\/posts"}],"about":[{"href":"https:\/\/miradordeatarfe.es\/index.php?rest_route=\/wp\/v2\/types\/post"}],"author":[{"embeddable":true,"href":"https:\/\/miradordeatarfe.es\/index.php?rest_route=\/wp\/v2\/users\/1"}],"replies":[{"embeddable":true,"href":"https:\/\/miradordeatarfe.es\/index.php?rest_route=%2Fwp%2Fv2%2Fcomments&post=68032"}],"version-history":[{"count":3,"href":"https:\/\/miradordeatarfe.es\/index.php?rest_route=\/wp\/v2\/posts\/68032\/revisions"}],"predecessor-version":[{"id":68036,"href":"https:\/\/miradordeatarfe.es\/index.php?rest_route=\/wp\/v2\/posts\/68032\/revisions\/68036"}],"wp:featuredmedia":[{"embeddable":true,"href":"https:\/\/miradordeatarfe.es\/index.php?rest_route=\/wp\/v2\/media\/68033"}],"wp:attachment":[{"href":"https:\/\/miradordeatarfe.es\/index.php?rest_route=%2Fwp%2Fv2%2Fmedia&parent=68032"}],"wp:term":[{"taxonomy":"category","embeddable":true,"href":"https:\/\/miradordeatarfe.es\/index.php?rest_route=%2Fwp%2Fv2%2Fcategories&post=68032"},{"taxonomy":"post_tag","embeddable":true,"href":"https:\/\/miradordeatarfe.es\/index.php?rest_route=%2Fwp%2Fv2%2Ftags&post=68032"}],"curies":[{"name":"wp","href":"https:\/\/api.w.org\/{rel}","templated":true}]}}