{"id":68043,"date":"2024-03-26T08:30:11","date_gmt":"2024-03-26T07:30:11","guid":{"rendered":"https:\/\/miradordeatarfe.es\/?p=68043"},"modified":"2024-03-23T12:25:03","modified_gmt":"2024-03-23T11:25:03","slug":"supervivientes-jovenes-al-margen-del-sistema","status":"publish","type":"post","link":"https:\/\/miradordeatarfe.es\/?p=68043","title":{"rendered":"Supervivientes j\u00f3venes al margen del sistema"},"content":{"rendered":"<h3 class=\"a_t\" style=\"text-align: justify;\">Supervivientes al margen del sistema, o c\u00f3mo buscar la forma de reengancharse cuando a los 16 ya se sienten excluidos. El perfil de joven en riesgo de exclusi\u00f3n social ya no est\u00e1 exclusivamente ligado al hecho de ser migrante o haber pasado por un centro de menores. Abandonar la ESO los deja en situaci\u00f3n de alta vulnerabilidad<\/h3>\n<div class=\"a_c clearfix\" style=\"text-align: justify;\" data-dtm-region=\"articulo_cuerpo\">\n<p class=\"\">\u201cElla ya ha salido del <i>hood <\/i>(barrio, en ingl\u00e9s) y, m\u00edrala, ahora viste en plan Jennifer Aniston\u201d. Ella, Nerea S\u00e1nchez (16 a\u00f1os), mira a su colega Rub\u00e9n (19) y se r\u00ede. Est\u00e1n sentados en una plaza de su barrio en Fuenlabrada (Madrid). No saben hacer recuento de las horas que han pasado en esos bancos. Se conocen desde que eran ni\u00f1os, han crecido juntos, y tambi\u00e9n han fracasado en los estudios juntos. Ella, que lleg\u00f3 a ser citada por la <a href=\"https:\/\/elpais.com\/noticias\/fiscalia-menores\/\" target=\"_blank\" rel=\"noopener\" data-link-track-dtm=\"\" data-mrf-link=\"https:\/\/elpais.com\/noticias\/fiscalia-menores\/\">Fiscal\u00eda de Menores<\/a> por absentismo escolar, ha dicho basta, no quiere descarrilar. Ha cambiado el ch\u00e1ndal por un <i>outfit<\/i> m\u00e1s formal, se ha matriculado en una <a href=\"https:\/\/elpais.com\/espana\/madrid\/2024-02-07\/asi-se-salvo-amin-del-fracaso-escolar-con-la-fp-basica-recupere-el-ansia-por-estudiar.html\" target=\"_blank\" rel=\"noopener\" data-link-track-dtm=\"\" data-mrf-link=\"https:\/\/elpais.com\/espana\/madrid\/2024-02-07\/asi-se-salvo-amin-del-fracaso-escolar-con-la-fp-basica-recupere-el-ansia-por-estudiar.html\">FP b\u00e1sica<\/a> de <i>marketing<\/i> \u2014no lleg\u00f3 a sacarse el t\u00edtulo de la ESO\u2014, y hasta se ha apuntado a un programa para conocer una empresa desde dentro. \u201cYo ahora estoy m\u00e1s centrada que ellos\u201d, dice respecto a sus amigos del barrio, de los que ninguno ha llegado a bachillerato.<\/p>\n<p class=\"\">El caso de Nerea es el de cientos de chavales en Espa\u00f1a que durante un tiempo se sienten en tierra de nadie. No encajan en el sistema educativo \u2014la tasa de <a href=\"https:\/\/www.educacionyfp.gob.es\/prensa\/actualidad\/2023\/01\/20230127-aet.html\" target=\"_blank\" rel=\"noopener\" data-link-track-dtm=\"\" data-mrf-link=\"https:\/\/www.educacionyfp.gob.es\/prensa\/actualidad\/2023\/01\/20230127-aet.html\">abandono escolar temprano est\u00e1 en el 13,9%<\/a>, frente al 9,3% de media de la UE\u2014, pero tampoco se ven preparados para trabajar. Las condiciones socioecon\u00f3micas de su entorno, normalmente su barrio, les hacen percibir su situaci\u00f3n con absoluta normalidad, y solo en algunos casos salta una chispa para reengancharse al sistema. \u201cMi madre solo me exige estudiar o trabajar, yo he intentado seguir el ejemplo de mis hermanas, todas han estudiado, y me he torturado mucho por no poder seguir su camino\u201d, cuenta Nerea. En su casa, el \u00fanico sueldo que entra es el de su madre, que trabaja de cocinera.<\/p>\n<p class=\"\">En una conversaci\u00f3n con sus amigos Rub\u00e9n y Unai (20 a\u00f1os), se ven claramente signos de descontento. Ellos dejaron los estudios al cumplir 16 y no lograron el t\u00edtulo de la ESO. Su vida consiste en quedar por las ma\u00f1anas, bajar a la plaza, darse un paseo por el barrio. \u201cNos aburrimos mucho, nos contamos la vida\u201d, dice Unai, que desde hace a\u00f1os sufre ansiedad y depresi\u00f3n por \u201cproblemas familiares\u201d, y hay temporadas en las que toma medicaci\u00f3n. \u201cYo aviso a mis colegas, les digo que voy a tomarme la pastilla y que me va a dejar dormido, pasamos tiempo en el sof\u00e1\u201d, dice mientras se frota las manos, llenas de tatuajes. Unai trabaja de forma espor\u00e1dica en el Parque de Atracciones de Madrid, hay meses que ha llegado a los 1.200 euros. Rub\u00e9n no trabaja y en las \u00faltimas semanas ha sacado unos 200 euros por <a href=\"https:\/\/elpais.com\/tecnologia\/2024-03-06\/la-agencia-de-proteccion-de-datos-prohibe-a-worldcoin-seguir-recogiendo-datos-de-iris.html\" target=\"_blank\" rel=\"noopener\" data-link-track-dtm=\"\" data-mrf-link=\"https:\/\/elpais.com\/tecnologia\/2024-03-06\/la-agencia-de-proteccion-de-datos-prohibe-a-worldcoin-seguir-recogiendo-datos-de-iris.html\">dejarse escanear el iris<\/a> en un centro comercial de la zona <a href=\"https:\/\/elpais.com\/economia\/mis-derechos\/2024-03-12\/caso-worldcoin-tengo-que-devolver-el-pago-recibido-por-escanear-mi-iris-si-quiero-rescatarlo.html\" target=\"_blank\" rel=\"noopener\" data-link-track-dtm=\"\" data-mrf-link=\"https:\/\/elpais.com\/economia\/mis-derechos\/2024-03-12\/caso-worldcoin-tengo-que-devolver-el-pago-recibido-por-escanear-mi-iris-si-quiero-rescatarlo.html\">a cambio de criptomonedas<\/a>.<\/p>\n<p class=\"\">Al preguntarles por su plan a medio y largo plazo, cuentan que nadie les ha advertido de la crudeza del mercado laboral con los candidatos sin, al menos, una titulaci\u00f3n de FP. Acaban de crear un grupo de <a href=\"https:\/\/elpais.com\/noticias\/trap\/\" target=\"_blank\" rel=\"noopener\" data-link-track-dtm=\"\" data-mrf-link=\"https:\/\/elpais.com\/noticias\/trap\/\">trap <\/a>y les gustar\u00eda vivir de la m\u00fasica. \u201cSabemos que valemos para mucho, yo he visto que lo importante no son los estudios que tengas, sino c\u00f3mo te sepas mover ah\u00ed dentro\u201d, dice Unai, que asegura que en el Parque de Atracciones trabaja mano a mano con j\u00f3venes con grado universitario y m\u00e1ster que cobran menos que \u00e9l.<\/p>\n<figure class=\"a_m a_m-h \"><span class=\"_db a_m_w _pr lb_btn\"><img data-recalc-dims=\"1\" loading=\"lazy\" decoding=\"async\" class=\"_re lazyload a_m-h\" src=\"https:\/\/i0.wp.com\/imagenes.elpais.com\/resizer\/a0hySa_UMoTGOCTL2aB0zPaaSVg%3D\/414x0\/cloudfront-eu-central-1.images.arcpublishing.com\/prisa\/BBVE3ZLD75GPZC7CENJD255S4Y.jpg?resize=414%2C276&#038;ssl=1\" sizes=\"auto, (min-width:1199px) 1155px,(min-width:1001px) calc(100vw - 44px),(min-width:768px) 767px, 100vw\" srcset=\"https:\/\/imagenes.elpais.com\/resizer\/a0hySa_UMoTGOCTL2aB0zPaaSVg=\/414x0\/cloudfront-eu-central-1.images.arcpublishing.com\/prisa\/BBVE3ZLD75GPZC7CENJD255S4Y.jpg 414w,https:\/\/imagenes.elpais.com\/resizer\/JTf13kXuBV4d-R2-7A96JbqMqd0=\/828x0\/cloudfront-eu-central-1.images.arcpublishing.com\/prisa\/BBVE3ZLD75GPZC7CENJD255S4Y.jpg 640w,https:\/\/imagenes.elpais.com\/resizer\/J7BeVlI3EwuK7H7ggAGV6gNz2xc=\/980x0\/cloudfront-eu-central-1.images.arcpublishing.com\/prisa\/BBVE3ZLD75GPZC7CENJD255S4Y.jpg 1000w,https:\/\/imagenes.elpais.com\/resizer\/-dc5JSuDv3WfoAX5WqWO5gjaWHg=\/1960x0\/cloudfront-eu-central-1.images.arcpublishing.com\/prisa\/BBVE3ZLD75GPZC7CENJD255S4Y.jpg 1960w\" alt=\"Unai (izquierda) sentado junto a Rub\u00e9n, Nerea y Alejandra en una plaza de Fuenlabrada, en Madrid.\" width=\"414\" height=\"276\" \/><\/span><figcaption class=\"a_m_p\">Unai (izquierda) sentado junto a Rub\u00e9n, Nerea y Alejandra en una plaza de Fuenlabrada, en Madrid.<span class=\"a_m_m\">Samuel S\u00e1nchez<\/span><\/figcaption><\/figure>\n<p class=\"\">Los datos, en cambio, no le dan la raz\u00f3n. En una charla del <a href=\"https:\/\/elpais.com\/noticias\/pablo-hernandez-de-cos\/#:~:text=Pablo%20Hern%C3%A1ndez%20de%20Cos%20en%20EL%20PA%C3%8DS\" target=\"_blank\" rel=\"noopener\" data-link-track-dtm=\"\" data-mrf-link=\"https:\/\/elpais.com\/noticias\/pablo-hernandez-de-cos\/\">gobernador del Banco de Espa\u00f1a<\/a>, Pablo Hern\u00e1ndez de Cos, en una jornada con j\u00f3venes esta semana, dijo que los ingresos individuales de los que cursan bachillerato son un 18% superiores a los de aquellos que solo cuentan con el t\u00edtulo de la ESO, y un 26% m\u00e1s en el caso de los que tienen un grado medio de FP. Los estudios universitarios suponen una rentabilidad adicional del 20%.<\/p>\n<p class=\"\">Sobre el nivel de estudios m\u00e1s demandado por las empresas en 2022, el <a href=\"https:\/\/www.adeccoinstitute.es\/recursos\/informes\/\" target=\"_blank\" rel=\"noopener\" data-link-track-dtm=\"\" data-mrf-link=\"https:\/\/www.adeccoinstitute.es\/recursos\/informes\/\">informe Infoempleo de Adecco<\/a> se\u00f1ala que los grados universitarios fueron requeridos en el 37,3% de las ofertas de empleo publicadas, mientras que en el caso de la formaci\u00f3n profesional fueron el 34,75% de las vacantes (13,36% para grado medio y 21,39% para grado superior), frente al 15% de los empleos que demandaron \u00fanicamente un t\u00edtulo de la ESO.<\/p>\n<p class=\"\">Seg\u00fan los datos del <a href=\"https:\/\/www.centroreinasofia.org\/indices\/indices-de-capacidades\/\" target=\"_blank\" rel=\"noopener\" data-link-track-dtm=\"\" data-mrf-link=\"https:\/\/www.centroreinasofia.org\/indices\/indices-de-capacidades\/\">\u00cdndice de Capacidades Econ\u00f3micas 2018-2023<\/a>, publicado esta semana por la <a href=\"https:\/\/fad.es\/\" target=\"_blank\" rel=\"noopener\" data-link-track-dtm=\"\" data-mrf-link=\"https:\/\/fad.es\/\">Fundaci\u00f3n FAD Juventud<\/a>, son \u201cespecialmente preocupantes\u201d las tasas de poblacio\u0301n joven en riesgo de pobreza y exclusio\u0301n, que en 2023 se situ\u00f3 en un 27,3%, as\u00ed como el desempleo juvenil (22,4%), que dobla la media europea (11,3%). \u201cEsto no solo afecta a su autonomi\u0301a, sino que tambie\u0301n puede influir en su bienestar emocional y desarrollo personal\u201d, se\u00f1ala el informe.<\/p>\n<p class=\"\">Nacho Sequeira, director general de la <a href=\"https:\/\/fundacionexit.org\/?lang=es&amp;gad_source=1&amp;gclid=CjwKCAjw48-vBhBbEiwAzqrZVOkv1dBXl_zutk-nAt6Sdls6lJVhceWLl258HlT6iwXffRjCubXQwxoCqGsQAvD_BwE\" target=\"_blank\" rel=\"noopener\" data-link-track-dtm=\"\" data-mrf-link=\"https:\/\/fundacionexit.org\/?lang=es&amp;gad_source=1&amp;gclid=CjwKCAjw48-vBhBbEiwAzqrZVOkv1dBXl_zutk-nAt6Sdls6lJVhceWLl258HlT6iwXffRjCubXQwxoCqGsQAvD_BwE\">Fundaci\u00f3n Exit <\/a>\u2014lanzada en el a\u00f1o 2000 para reducir el abandono educativo temprano de chavales en situaci\u00f3n de vulnerabilidad social a trav\u00e9s de una buena orientaci\u00f3n\u2014, asegura que el perfil de joven en riesgo de exclusi\u00f3n social ha cambiado en los \u00faltimos a\u00f1os, de forma que ya no se centra exclusivamente en migrantes, en chicos que han pasado por los servicios sociales o han estado en centros de menores o son de etnia gitana. \u201cSe est\u00e1n difuminando esas barreras que antes eran tan claras, y ahora nuestros programas van a por aquellos que est\u00e1n cursando FP b\u00e1sica en barrios con mayor vulnerabilidad socioecon\u00f3mica\u201d.<\/p>\n<p class=\"\">La definici\u00f3n tradicional que hace la ONG EAPN-ES (Red Europea de Lucha contra la Pobreza y la Exclusi\u00f3n Social) del joven vulnerable en Espa\u00f1a es similar a la que plantea Sequeira: es aquel con un muy reducido nivel de formaci\u00f3n unido a experiencias de fracaso escolar, j\u00f3venes migrantes (algunos en situaciones de irregularidad o refugiados), minor\u00edas \u00e9tnicas, o los que viven en barrios degradados.<\/p>\n<h3 class=\"\">La empresa, ese lugar gris<\/h3>\n<p class=\"\">Uno de los programas de la Fundaci\u00f3n Exit es el <a href=\"https:\/\/fundacionexit.org\/proyecto-coach\/?gad_source=1&amp;gclid=CjwKCAjw48-vBhBbEiwAzqrZVLHLGA4uqQUQtGhYlz_IzdX2_9XuJoGCC4tDTuQoGzXaRiMFxphP1BoCGeQQAvD_BwE\" target=\"_blank\" rel=\"noopener\" data-link-track-dtm=\"\" data-mrf-link=\"https:\/\/fundacionexit.org\/proyecto-coach\/?gad_source=1&amp;gclid=CjwKCAjw48-vBhBbEiwAzqrZVLHLGA4uqQUQtGhYlz_IzdX2_9XuJoGCC4tDTuQoGzXaRiMFxphP1BoCGeQQAvD_BwE\">Proyecto Coach<\/a>, en el que forman a voluntarios en empresas para que hagan de mentores de esos chavales, de modo que les ense\u00f1en sus compa\u00f1\u00edas por dentro y les ayuden a descubrir su vocaci\u00f3n, con el objetivo de motivarlos para que no abandonen su formaci\u00f3n \u2014la tasa de finalizaci\u00f3n de la FP B\u00e1sica es del 57%\u2014. Durante seis sesiones, el voluntario presenta al joven diferentes departamentos de la empresa. Desde que se lanz\u00f3 el proyecto en 2013, 6.289 empleados de 291 empresas han guiado a 6.211 j\u00f3venes (el 83% de ellos ha seguido estudiando tras su paso por el programa).<\/p>\n<p class=\"\">\u201cEn su imaginario tienen la idea de una cadena de producci\u00f3n, ven la empresa como un lugar supergris, serio, en el que si se equivocan les van a rega\u00f1ar fuerte. Con esta experiencia se desmontan muchos mitos\u201d, explica Sequeira, que considera que \u201cya le puedes exponer al joven todas las estad\u00edsticas del mercado laboral, que si no tiene claro qui\u00e9n quiere ser, no le servir\u00e1n para nada\u201d.<\/p>\n<p class=\"\">Dentro del giro que Nerea ha querido dar a su vida, est\u00e1n las seis sesiones en Adecco dentro de este programa de mentores. En una de ellas, Marta Romero, consultora de recursos humanos de la empresa, le da consejos muy pr\u00e1cticos para elaborar su curr\u00edculum y trucos para triunfar en los procesos de selecci\u00f3n. \u201c\u00bfConoces la candidatura espont\u00e1nea? Se trata de acceder al mercado oculto y contactar con los perfiles que hacen la selecci\u00f3n de candidatos\u201d, le explica.<\/p>\n<p class=\"\">En plataformas como <a href=\"https:\/\/www.linkedin.com\/\" target=\"_blank\" rel=\"noopener\" data-link-track-dtm=\"\" data-mrf-link=\"https:\/\/www.linkedin.com\/\">LinkedIn<\/a>, se pueden hacer b\u00fasquedas con palabras clave como <i>recruiter<\/i>, <i>talent adquisition manager<\/i>, o talento, de forma que se identifican los perfiles de recursos humanos de las compa\u00f1\u00edas. Su consejo es que le mande un mensaje con una breve presentaci\u00f3n (qu\u00e9 es lo que le ha interesado de esa empresa, qu\u00e9 valores comparte\u2026 todo ello con un trabajo previo de investigaci\u00f3n), incluso antes de que se abra un proceso de selecci\u00f3n. \u201cEs una oportunidad que no puedes perder, a ese responsable le llegar\u00e1n decenas de presentaciones, pero nunca sabes si la tuya le llamar\u00e1 la atenci\u00f3n\u201d.<\/p>\n<p class=\"\">Sobre el curr\u00edculum, la duda es siempre la misma: \u00bfc\u00f3mo venderme sin experiencia previa? \u201cTienes que buscar actividades en las que ha destacado tu liderazgo, como un voluntariado. A un chico que hac\u00eda escalada le recomend\u00e9 asociar ese deporte con su constancia y superaci\u00f3n\u201d, indica Marta Romero, que ha detectado c\u00f3mo est\u00e1 penetrando cada vez m\u00e1s el modelo de Estados Unidos y sus curr\u00edculums ciegos, donde se elimina cierta informaci\u00f3n, como las referencias temporales en cada una de las experiencias profesionales. \u201cEst\u00e1n eliminando las fechas y las fotos son cada vez m\u00e1s cercanas y naturales, las posadas con los brazos cruzados ya no se usan, es una tendencia que lleg\u00f3 con la covid\u201d.<\/p>\n<p class=\"\">A Nerea lo que m\u00e1s le asustaba eran los horarios r\u00edgidos y las formas, cre\u00eda que no la tratar\u00edan bien y que nunca encajar\u00eda en una empresa. \u201cEstoy en una fase de investigaci\u00f3n para ver qu\u00e9 es lo que m\u00e1s me gusta, y s\u00ed, me veo en un sitio como este\u201d, dice.<\/p>\n<figure class=\"a_m a_m-h \"><span class=\"_db a_m_w _pr lb_btn\"><img data-recalc-dims=\"1\" loading=\"lazy\" decoding=\"async\" class=\"_re lazyload a_m-h\" src=\"https:\/\/i0.wp.com\/imagenes.elpais.com\/resizer\/iaXaHOTFhsDvdn_-ZDnDpZNSvFk%3D\/414x0\/filters%3Afocal%283375x913%3A3385x923%29\/cloudfront-eu-central-1.images.arcpublishing.com\/prisa\/2NAD7M6GXVE5JBHQTX4D7ZR22E.jpg?resize=414%2C252&#038;ssl=1\" sizes=\"auto, (min-width:1199px) 1155px,(min-width:1001px) calc(100vw - 44px),(min-width:768px) 767px, 100vw\" srcset=\"https:\/\/imagenes.elpais.com\/resizer\/iaXaHOTFhsDvdn_-ZDnDpZNSvFk=\/414x0\/filters:focal(3375x913:3385x923)\/cloudfront-eu-central-1.images.arcpublishing.com\/prisa\/2NAD7M6GXVE5JBHQTX4D7ZR22E.jpg 414w,https:\/\/imagenes.elpais.com\/resizer\/-ia_s6CG0XBXnN3UWRQtCodLd3Q=\/828x0\/filters:focal(3375x913:3385x923)\/cloudfront-eu-central-1.images.arcpublishing.com\/prisa\/2NAD7M6GXVE5JBHQTX4D7ZR22E.jpg 640w,https:\/\/imagenes.elpais.com\/resizer\/Unh6MJTrDueU7H0CHT6Sp5I_RNs=\/980x0\/filters:focal(3375x913:3385x923)\/cloudfront-eu-central-1.images.arcpublishing.com\/prisa\/2NAD7M6GXVE5JBHQTX4D7ZR22E.jpg 1000w,https:\/\/imagenes.elpais.com\/resizer\/Qmt9aa5yYz38EsTKvmC-KjH5Z3A=\/1960x0\/filters:focal(3375x913:3385x923)\/cloudfront-eu-central-1.images.arcpublishing.com\/prisa\/2NAD7M6GXVE5JBHQTX4D7ZR22E.jpg 1960w\" alt=\"Nerea junto a su mentora del Programa Coach de la Fundaci\u00f3n Exit, Cristina Vicente, en las oficinas de Adecco en Pozuelo (Madrid), durante una de las sesiones. \" width=\"414\" height=\"252\" \/><\/span><figcaption class=\"a_m_p\">Nerea junto a su mentora del Programa Coach de la Fundaci\u00f3n Exit, Cristina Vicente, en las oficinas de Adecco en Pozuelo (Madrid), durante una de las sesiones. <span class=\"a_m_m\">Pablo Monge<\/span><\/figcaption><\/figure>\n<p class=\"\">El informe de la OCDE <a href=\"https:\/\/issuu.com\/oecd.publishing\/docs\/how-youth-explore-experience-think-about-their-fut\" data-link-track-dtm=\"\" data-mrf-link=\"https:\/\/issuu.com\/oecd.publishing\/docs\/how-youth-explore-experience-think-about-their-fut\"><i>How youth explore, experience and think about their future<\/i><\/a> (\u201cC\u00f3mo los j\u00f3venes exploran, experimentan y piensan en su futuro\u201d), publicado en 2021, analiz\u00f3 la trayectoria durante m\u00e1s de 10 a\u00f1os de 67.000 estudiantes de entre 14 a 16 a\u00f1os y concluy\u00f3 que aquellos a los que la vida les fue mejor hab\u00edan hecho tres actividades clave: autoconocerse, explorar el mercado laboral, y experimentar profesiones. En Espa\u00f1a, no llega al 10% el n\u00famero de estudiantes que aseguraran haber realizado estancias en empresas a los 15 a\u00f1os \u2014seg\u00fan se extrae de los datos recopilados por el informe PISA\u2014, frente al 20% de media de los pa\u00edses europeos de la OCDE.<\/p>\n<p class=\"\">Son las seis de la tarde y Nerea se despide de Rub\u00e9n y Unai, que se alejan de la plaza hacia un supermercado donde venden a euro las latas de bebidas energ\u00e9ticas. En su m\u00f3vil, revisan algunas de las letras de sus canciones, que son una declaraci\u00f3n de intenciones: \u201cAlg\u00fan d\u00eda estaremos en la cima\u201d, \u201csomos los due\u00f1os de la noche\u201d. \u201cSon como b\u00fahos, est\u00e1n siempre en la calle, son los chavales del barrio\u201d, cierra Nerea, que gira la esquina en otra direcci\u00f3n.<\/p>\n<\/div>\n<p style=\"text-align: justify;\"><a class=\"a_md_a_n\" title=\"Ver todas las noticias de Ana Torres Men\u00e1rguez\" href=\"https:\/\/elpais.com\/autor\/ana-torres-menarguez\/#?rel=author_top\" data-mrf-link=\"https:\/\/elpais.com\/autor\/ana-torres-menarguez\/\"><strong>Ana Torres Men\u00e1rguez<\/strong><\/a><\/p>\n<p style=\"text-align: justify;\">FOTO: Nerea S\u00e1nchez, una joven de 16 a\u00f1os, en su barrio en Fuenlabrada, Madrid.<span class=\"a_m_m\">Samuel S\u00e1nchez<\/span><\/p>\n<p style=\"text-align: justify;\">https:\/\/elpais.com\/educacion\/2024-03-18\/supervivientes-al-margen-del-sistema-o-como-buscar-la-forma-de-reengancharse-cuando-a-los-16-ya-se-sienten-excluidos.html<\/p>\n<div class=\"a_md _g _g-xs \">\n<figure class=\"a_md_i a_m-h c_m--nf\" style=\"text-align: justify;\"><span class=\"a_m_w _db\">\u00a0<\/span><\/figure>\n<div class=\"a_md_txt\">\n<div class=\"a_md_a\" style=\"text-align: justify;\" data-dtm-region=\"articulo_firma\">\u00a0<\/div>\n<\/div>\n<\/div>\n","protected":false},"excerpt":{"rendered":"<p>Supervivientes al margen del sistema, o c\u00f3mo buscar la forma de reengancharse cuando a los&#8230;<\/p>\n","protected":false},"author":1,"featured_media":68044,"comment_status":"closed","ping_status":"closed","sticky":false,"template":"","format":"standard","meta":{"_coblocks_attr":"","_coblocks_dimensions":"","_coblocks_responsive_height":"","_coblocks_accordion_ie_support":"","jetpack_post_was_ever_published":false,"_jetpack_newsletter_access":"","_jetpack_dont_email_post_to_subs":false,"_jetpack_newsletter_tier_id":0,"_jetpack_memberships_contains_paywalled_content":false,"_jetpack_memberships_contains_paid_content":false,"footnotes":"","jetpack_publicize_message":"","jetpack_publicize_feature_enabled":true,"jetpack_social_post_already_shared":true,"jetpack_social_options":{"image_generator_settings":{"template":"highway","default_image_id":0,"enabled":false},"version":2}},"categories":[1161,44,7671,6937],"tags":[],"class_list":["post-68043","post","type-post","status-publish","format-standard","has-post-thumbnail","hentry","category-ciudadania","category-noticias-de-hoy","category-politica","category-sociedad"],"jetpack_publicize_connections":[],"jetpack_featured_media_url":"https:\/\/i0.wp.com\/miradordeatarfe.es\/wp-content\/uploads\/2024\/03\/Screenshot-2024-03-21-at-18-01-34-Supervivientes-al-margen-del-sistema-o-como-buscar-la-forma-de-reengancharse-cuando-a-los-16-ya-se-sienten-excluidos.png?fit=705%2C510&ssl=1","jetpack_likes_enabled":true,"jetpack_sharing_enabled":true,"_links":{"self":[{"href":"https:\/\/miradordeatarfe.es\/index.php?rest_route=\/wp\/v2\/posts\/68043","targetHints":{"allow":["GET"]}}],"collection":[{"href":"https:\/\/miradordeatarfe.es\/index.php?rest_route=\/wp\/v2\/posts"}],"about":[{"href":"https:\/\/miradordeatarfe.es\/index.php?rest_route=\/wp\/v2\/types\/post"}],"author":[{"embeddable":true,"href":"https:\/\/miradordeatarfe.es\/index.php?rest_route=\/wp\/v2\/users\/1"}],"replies":[{"embeddable":true,"href":"https:\/\/miradordeatarfe.es\/index.php?rest_route=%2Fwp%2Fv2%2Fcomments&post=68043"}],"version-history":[{"count":1,"href":"https:\/\/miradordeatarfe.es\/index.php?rest_route=\/wp\/v2\/posts\/68043\/revisions"}],"predecessor-version":[{"id":68045,"href":"https:\/\/miradordeatarfe.es\/index.php?rest_route=\/wp\/v2\/posts\/68043\/revisions\/68045"}],"wp:featuredmedia":[{"embeddable":true,"href":"https:\/\/miradordeatarfe.es\/index.php?rest_route=\/wp\/v2\/media\/68044"}],"wp:attachment":[{"href":"https:\/\/miradordeatarfe.es\/index.php?rest_route=%2Fwp%2Fv2%2Fmedia&parent=68043"}],"wp:term":[{"taxonomy":"category","embeddable":true,"href":"https:\/\/miradordeatarfe.es\/index.php?rest_route=%2Fwp%2Fv2%2Fcategories&post=68043"},{"taxonomy":"post_tag","embeddable":true,"href":"https:\/\/miradordeatarfe.es\/index.php?rest_route=%2Fwp%2Fv2%2Ftags&post=68043"}],"curies":[{"name":"wp","href":"https:\/\/api.w.org\/{rel}","templated":true}]}}