{"id":68046,"date":"2024-03-28T08:29:22","date_gmt":"2024-03-28T07:29:22","guid":{"rendered":"https:\/\/miradordeatarfe.es\/?p=68046"},"modified":"2024-03-23T12:08:04","modified_gmt":"2024-03-23T11:08:04","slug":"68046","status":"publish","type":"post","link":"https:\/\/miradordeatarfe.es\/?p=68046","title":{"rendered":"El lenguaje emocional"},"content":{"rendered":"<h3 style=\"text-align: justify;\">La palabra estaba en el lomo de la enciclopedia. Cada vez que levantaba yo la vista, la ve\u00eda all\u00ed, en letras doradas. Esa palabra era: Ciliados.<\/h3>\n<p style=\"text-align: justify;\">Pero no sab\u00eda qu\u00e9 significaba. Acaso, en vez de una palabra, fuese un secreto. La verdad es que no entend\u00eda ninguna de las voces impresas en esos lomos. Aquel iba desde Ciliados hasta Fyvaller, escrita con y griega. Otra intriga permanente. Claro que bastaba con abrir el volumen y leer. Sin embargo, una vez hecho esto, se me olvidaba lo que hab\u00eda le\u00eddo, y el enigma retomaba su fuerza. M\u00e1s que amnesia, era frenes\u00ed.<\/p>\n<p style=\"text-align: justify;\">No existen palabras suficientes para aclarar el misterio que hay en una sola palabra. Luego me pregunt\u00e9, pero esto sucedi\u00f3 m\u00e1s tarde, qu\u00e9 pintaba un vocablo en plural en una enciclopedia. Lo suyo es que lo pongan en singular. Por ejemplo, que el difunto poeta Jes\u00fas Lizano me perdone, en el diccionario siempre sale mam\u00edfero, en vez de mam\u00edferos. Quiz\u00e1s es que un ciliado es tan peque\u00f1o, que, si sale uno solo, no se le ve.<\/p>\n<p style=\"text-align: justify;\">Al poco, en el colegio, el maestro nos mand\u00f3 dibujar un ciliado cuando nos explic\u00f3 las c\u00e9lulas, en Naturales. Era como un barbapap\u00e1 aplastado, y los pelos le sal\u00edan por las orillas. El ciliado, no el maestro. Aquellos pelos eran los cilios. En la misma lecci\u00f3n, nos explic\u00f3 la fagocitosis. Entonces se dec\u00eda mucho fagocitar. La gente que le\u00eda sin parar, en vez de devorar libros, los fagocitaba.<\/p>\n<p style=\"text-align: justify;\">Antes era normal hablar con t\u00e9rminos cient\u00edficos. Hoy ya no se usan en la vida cotidiana, el lenguaje se ha vuelto m\u00e1s emocional, y empleamos expresiones como \u201cno me da la vida\u201d. Esta es porque la idea de tiempo ya no nos parece humana. Pobre Einstein. Ahora somos m\u00e1s de Oppenheimer. Estos d\u00edas se ha celebrado la semana mundial del cerebro, y yo no s\u00e9 qu\u00e9 pensar.<\/p>\n<h3>Javier P\u00e9rez And\u00fajar<\/h3>\n<p>https:\/\/cadenaser.com\/nacional\/2024\/03\/16\/el-lenguaje-emocional-cadena-ser\/?sma=newsEditorialSER_generico20240318<\/p>\n<p>FOTO: <span class=\"logo\">FLICKR<\/span><\/p>\n","protected":false},"excerpt":{"rendered":"<p>La palabra estaba en el lomo de la enciclopedia. Cada vez que levantaba yo la&#8230;<\/p>\n","protected":false},"author":1,"featured_media":68047,"comment_status":"closed","ping_status":"closed","sticky":false,"template":"","format":"standard","meta":{"_coblocks_attr":"","_coblocks_dimensions":"","_coblocks_responsive_height":"","_coblocks_accordion_ie_support":"","jetpack_post_was_ever_published":false,"_jetpack_newsletter_access":"","_jetpack_dont_email_post_to_subs":false,"_jetpack_newsletter_tier_id":0,"_jetpack_memberships_contains_paywalled_content":false,"_jetpack_memberships_contains_paid_content":false,"footnotes":"","jetpack_publicize_message":"","jetpack_publicize_feature_enabled":true,"jetpack_social_post_already_shared":true,"jetpack_social_options":{"image_generator_settings":{"template":"highway","default_image_id":0,"enabled":false},"version":2}},"categories":[1161,44,6937],"tags":[],"class_list":["post-68046","post","type-post","status-publish","format-standard","has-post-thumbnail","hentry","category-ciudadania","category-noticias-de-hoy","category-sociedad"],"jetpack_publicize_connections":[],"jetpack_featured_media_url":"https:\/\/i0.wp.com\/miradordeatarfe.es\/wp-content\/uploads\/2024\/03\/3393227206_091123a92b_c.jpg?fit=800%2C600&ssl=1","jetpack_likes_enabled":true,"jetpack_sharing_enabled":true,"_links":{"self":[{"href":"https:\/\/miradordeatarfe.es\/index.php?rest_route=\/wp\/v2\/posts\/68046","targetHints":{"allow":["GET"]}}],"collection":[{"href":"https:\/\/miradordeatarfe.es\/index.php?rest_route=\/wp\/v2\/posts"}],"about":[{"href":"https:\/\/miradordeatarfe.es\/index.php?rest_route=\/wp\/v2\/types\/post"}],"author":[{"embeddable":true,"href":"https:\/\/miradordeatarfe.es\/index.php?rest_route=\/wp\/v2\/users\/1"}],"replies":[{"embeddable":true,"href":"https:\/\/miradordeatarfe.es\/index.php?rest_route=%2Fwp%2Fv2%2Fcomments&post=68046"}],"version-history":[{"count":4,"href":"https:\/\/miradordeatarfe.es\/index.php?rest_route=\/wp\/v2\/posts\/68046\/revisions"}],"predecessor-version":[{"id":68051,"href":"https:\/\/miradordeatarfe.es\/index.php?rest_route=\/wp\/v2\/posts\/68046\/revisions\/68051"}],"wp:featuredmedia":[{"embeddable":true,"href":"https:\/\/miradordeatarfe.es\/index.php?rest_route=\/wp\/v2\/media\/68047"}],"wp:attachment":[{"href":"https:\/\/miradordeatarfe.es\/index.php?rest_route=%2Fwp%2Fv2%2Fmedia&parent=68046"}],"wp:term":[{"taxonomy":"category","embeddable":true,"href":"https:\/\/miradordeatarfe.es\/index.php?rest_route=%2Fwp%2Fv2%2Fcategories&post=68046"},{"taxonomy":"post_tag","embeddable":true,"href":"https:\/\/miradordeatarfe.es\/index.php?rest_route=%2Fwp%2Fv2%2Ftags&post=68046"}],"curies":[{"name":"wp","href":"https:\/\/api.w.org\/{rel}","templated":true}]}}