{"id":68066,"date":"2024-03-25T09:08:41","date_gmt":"2024-03-25T08:08:41","guid":{"rendered":"https:\/\/miradordeatarfe.es\/?p=68066"},"modified":"2024-03-22T17:12:11","modified_gmt":"2024-03-22T16:12:11","slug":"sobre-la-revolucion-senior-y-como-esta-afectando-a-las-cuatro-edades-de-la-mujer","status":"publish","type":"post","link":"https:\/\/miradordeatarfe.es\/?p=68066","title":{"rendered":"Sobre la \u2018revoluci\u00f3n senior\u2019 y c\u00f3mo est\u00e1 afectando a las cuatro edades de la mujer"},"content":{"rendered":"<header class=\"articleLayout\">\n<h2 class=\"articleSubtitle\" style=\"text-align: justify;\">Shiseido ha investigado las expectativas de un colectivo que cada vez tiene m\u00e1s peso<\/h2>\n<\/header>\n<div class=\"articleContentLayout\">\n<div class=\"articleContent firstArticleContent\" style=\"text-align: justify;\">\n<div class=\"contentP\">\n<p class=\"articleContentParagraph\">Las mujeres de entre 55 a 75 a\u00f1os son un grupo de poblaci\u00f3n lleno de energ\u00eda que, con sus nuevos h\u00e1bitos, est\u00e1n redefiniendo el concepto de <em>seniority<\/em>. <em>La revoluci\u00f3n senior<\/em> es precisamente el t\u00edtulo de un estudio llevado a cabo por Shiseido para entender las actitudes y motivaciones de esta generaci\u00f3n. El informe, realizado en colaboraci\u00f3n con L\u2019Observatoire de Beaut\u00e9 y Appinio, parte de la teor\u00eda de las cuatro edades, seg\u00fan la cual no existe solo una, sino cuatro tipos de edades diferentes (cronol\u00f3gica, biol\u00f3gica, social y psicol\u00f3gica), y analiza c\u00f3mo est\u00e1 cambiando la relaci\u00f3n entre ellas.<\/p>\n<p class=\"articleContentParagraph\">La edad cronol\u00f3gica es la \u00fanica sobre la que no podemos actuar. La edad biol\u00f3gica, sin embargo, se relaciona con los h\u00e1bitos de salud. De acuerdo con el estudio, la mujer <em>senior<\/em> tiene claro que esa es la clave para disfrutar de su tiempo libre y mantenerse activa durante la jubilaci\u00f3n: el 99% considera que cuidarse ahora tendr\u00e1 un impacto significativo en su salud futura y otorga mayor importancia al bienestar personal que a la percepci\u00f3n de los dem\u00e1s.<\/p>\n<\/div>\n<\/div>\n<div class=\"articleContent secondArticleContent\">\n<div class=\"contentP clearFloat\">\n<p class=\"articleContentParagraph\" style=\"text-align: justify;\">Esa percepci\u00f3n externa depende, en buena medida, de c\u00f3mo nos mostremos. As\u00ed, el 90% cree que sentirse joven contribuye a que los dem\u00e1s tambi\u00e9n la vean m\u00e1s joven y un 54% atribuye este sentimiento a su vida social. Adem\u00e1s, el 59% dice disfrutar de su tiempo ahora m\u00e1s que antes. Solo el 9% considera que en esta etapa disfruta menos.<\/p>\n<p class=\"articleContentParagraph\" style=\"text-align: justify;\">En general, la mujer que a\u00fan trabaja se siente m\u00e1s joven que la jubilada, y se ve mejor tanto f\u00edsica como mentalmente. Nacen as\u00ed los\u00a0<em>grandinfluencers<\/em>, embajadores del envejecimiento que son vistos como modelos a seguir \u2013especialmente en lo que respecta a su actitud ante la vida\u2014, as\u00ed como fuente de aprendizaje y conocimiento, debido a su experiencia. El 69% de las encuestadas se considera referente para mujeres m\u00e1s j\u00f3venes y el 95% de mujeres activas creen que sinti\u00e9ndose m\u00e1s j\u00f3venes los dem\u00e1s tambi\u00e9n las perciben as\u00ed.\u00a0<\/p>\n<blockquote class=\"summary-block\">\n<p>\u00abHablamos de la juventud entendida no como una edad biol\u00f3gica, sino como un conjunto de propiedades que la sociedad suele atribuirle: deseo de experimentaci\u00f3n, deseo de nuevas experiencias, ambici\u00f3n de crecimiento profesional, b\u00fasqueda de autonom\u00eda y libertad\u201d<\/p>\n<\/blockquote>\n<p class=\"articleContentParagraph\" style=\"text-align: justify;\">\u201cHablamos de la juventud entendida no como una edad biol\u00f3gica, sino como un conjunto de propiedades que la sociedad suele atribuirle: deseo de experimentaci\u00f3n, deseo de nuevas experiencias, ambici\u00f3n de crecimiento profesional, b\u00fasqueda de autonom\u00eda y libertad\u201d, explic\u00f3, durante la presentaci\u00f3n del informe, Ainhara Vi\u00f1ar\u00e1s, directora general Prestige del Grupo Shiseido, que reconoci\u00f3 la tradicional falta de representaci\u00f3n de las mujeres maduras en la industria cosm\u00e9tica: \u201cHasta ahora, se ha transmitido que el ideal de belleza era la eterna juventud\u201d, apunt\u00f3. \u201cTenemos el prop\u00f3sito de que las mujeres asuman la belleza como un todo, un equilibrio entre la belleza interior y exterior a cualquier edad\u201d.<\/p>\n<p class=\"articleContentParagraph\" style=\"text-align: justify;\">Durante el evento, Shiseido present\u00f3 Vital Perfection Supreme, su primera l\u00ednea de belleza para pieles espec\u00edficamente maduras, \u201cuna etapa de plenitud que las mujeres ya vivimos as\u00ed y es por lo que queremos contarlo a toda la sociedad\u201d, seg\u00fan Gloria Lomana, periodista y presidenta ejecutiva de 50&amp;50 Gender Leadership, elegida nueva embajadora de Shiseido en Espa\u00f1a. En su opini\u00f3n, \u201csentirse bien por fuera repercute en bienestar interior, y a la inversa, lo que cierra un c\u00edrculo virtuoso que nos ayuda a equilibrar nuestra salud y bienestar\u201d.<\/p>\n<div class=\"mainImg\">\n<figure class=\"headerImg newsImg\"><figcaption>REDACCION MUJERES A SEGUIR<\/p>\n<p>Foto: Canva.<\/p>\n<p>https:\/\/www.mujeresaseguir.com\/tendencias\/noticia\/1182518048815\/revolucion-senior-y-afectando-cuatro-edades-de-mujer.1.html?utm_source=MAS+Newsletter&#038;utm_campaign=0ced8ad88c-EMAIL_CAMPAIGN_2024_03_22_12_10&#038;utm_medium=email&#038;utm_term=0_a297241ee7-0ced8ad88c-%5BLIST_EMAIL_ID%5D<\/p>\n<\/figcaption><\/figure>\n<\/div>\n<div class=\"articleContentLayout\">\n<div class=\"articleContent firstArticleContent\">\n<div class=\"authorandtime\">\u00a0<\/div>\n<\/div>\n<\/div>\n<\/div>\n<\/div>\n<\/div>\n","protected":false},"excerpt":{"rendered":"<p>Shiseido ha investigado las expectativas de un colectivo que cada vez tiene m\u00e1s peso Las&#8230;<\/p>\n","protected":false},"author":1,"featured_media":68067,"comment_status":"closed","ping_status":"closed","sticky":false,"template":"","format":"standard","meta":{"_coblocks_attr":"","_coblocks_dimensions":"","_coblocks_responsive_height":"","_coblocks_accordion_ie_support":"","jetpack_post_was_ever_published":false,"_jetpack_newsletter_access":"","_jetpack_dont_email_post_to_subs":false,"_jetpack_newsletter_tier_id":0,"_jetpack_memberships_contains_paywalled_content":false,"_jetpack_memberships_contains_paid_content":false,"footnotes":"","jetpack_publicize_message":"","jetpack_publicize_feature_enabled":true,"jetpack_social_post_already_shared":true,"jetpack_social_options":{"image_generator_settings":{"template":"highway","default_image_id":0,"enabled":false},"version":2}},"categories":[1161,14,44],"tags":[],"class_list":["post-68066","post","type-post","status-publish","format-standard","has-post-thumbnail","hentry","category-ciudadania","category-feminismo","category-noticias-de-hoy"],"jetpack_publicize_connections":[],"jetpack_featured_media_url":"https:\/\/i0.wp.com\/miradordeatarfe.es\/wp-content\/uploads\/2024\/03\/62.webp?fit=1270%2C589&ssl=1","jetpack_likes_enabled":true,"jetpack_sharing_enabled":true,"_links":{"self":[{"href":"https:\/\/miradordeatarfe.es\/index.php?rest_route=\/wp\/v2\/posts\/68066","targetHints":{"allow":["GET"]}}],"collection":[{"href":"https:\/\/miradordeatarfe.es\/index.php?rest_route=\/wp\/v2\/posts"}],"about":[{"href":"https:\/\/miradordeatarfe.es\/index.php?rest_route=\/wp\/v2\/types\/post"}],"author":[{"embeddable":true,"href":"https:\/\/miradordeatarfe.es\/index.php?rest_route=\/wp\/v2\/users\/1"}],"replies":[{"embeddable":true,"href":"https:\/\/miradordeatarfe.es\/index.php?rest_route=%2Fwp%2Fv2%2Fcomments&post=68066"}],"version-history":[{"count":2,"href":"https:\/\/miradordeatarfe.es\/index.php?rest_route=\/wp\/v2\/posts\/68066\/revisions"}],"predecessor-version":[{"id":68069,"href":"https:\/\/miradordeatarfe.es\/index.php?rest_route=\/wp\/v2\/posts\/68066\/revisions\/68069"}],"wp:featuredmedia":[{"embeddable":true,"href":"https:\/\/miradordeatarfe.es\/index.php?rest_route=\/wp\/v2\/media\/68067"}],"wp:attachment":[{"href":"https:\/\/miradordeatarfe.es\/index.php?rest_route=%2Fwp%2Fv2%2Fmedia&parent=68066"}],"wp:term":[{"taxonomy":"category","embeddable":true,"href":"https:\/\/miradordeatarfe.es\/index.php?rest_route=%2Fwp%2Fv2%2Fcategories&post=68066"},{"taxonomy":"post_tag","embeddable":true,"href":"https:\/\/miradordeatarfe.es\/index.php?rest_route=%2Fwp%2Fv2%2Ftags&post=68066"}],"curies":[{"name":"wp","href":"https:\/\/api.w.org\/{rel}","templated":true}]}}