{"id":68070,"date":"2024-03-28T10:19:19","date_gmt":"2024-03-28T09:19:19","guid":{"rendered":"https:\/\/miradordeatarfe.es\/?p=68070"},"modified":"2024-03-26T21:17:17","modified_gmt":"2024-03-26T20:17:17","slug":"el-deporte-femenino-gana-terreno-y-duplica-su-visibilidad-en-medios-aunque-no-son-todo-buenas-noticias","status":"publish","type":"post","link":"https:\/\/miradordeatarfe.es\/?p=68070","title":{"rendered":"El deporte femenino gana terreno y duplica su visibilidad en medios (aunque no son todo buenas noticias)"},"content":{"rendered":"<header class=\"articleLayout\">\n<h2 class=\"articleSubtitle\" style=\"text-align: justify;\">El Mundial conquistado en S\u00eddney, el Bal\u00f3n de Oro y, sobre todo, el \u2018caso Rubiales\u2019 dispararon la atenci\u00f3n medi\u00e1tica<\/h2>\n<\/header>\n<div class=\"mainImg\" style=\"text-align: justify;\">\n<figure class=\"headerImg newsImg\"><picture><source srcset=\"\/siteresources\/files\/1479\/08.webp\" type=\"image\/webp\" \/><source srcset=\"\/siteresources\/files\/1479\/08.jpg\" type=\"image\/jpeg\" \/><\/picture><figcaption><\/figcaption><\/figure>\n<\/div>\n<div class=\"articleContentLayout\">\n<div class=\"articleContent firstArticleContent\" style=\"text-align: justify;\">\n<div class=\"contentP\">\n<p class=\"articleContentParagraph\">La visibilidad de las competiciones deportivas femeninas en los medios espa\u00f1oles aument\u00f3 el a\u00f1o pasado del 14% al 29% respecto a las competiciones masculinas. En ese periodo, y seg\u00fan un <a class=\"external\" href=\"https:\/\/appletree.agency\/newthinking\/la-visibilidad-de-las-mujeres-deportistas-en-los-medios-de-comunicacion\/\" target=\"_blank\" rel=\"nofollow noopener\">informe<\/a> realizado por Apple Tree y Rebold, la notoriedad medi\u00e1tica de las competiciones protagonizadas por mujeres creci\u00f3 ocho puntos porcentuales, llegando hasta el 30%.<\/p>\n<p class=\"articleContentParagraph\">Los logros conseguidos por el FC Barcelona y la Selecci\u00f3n Espa\u00f1ola de F\u00fatbol femenino son, en parte, responsables de este \u00e9xito. En el caso del Bal\u00f3n de Oro, realmente se ha dado la vuelta a las tornas, y <a class=\"external\" href=\"https:\/\/www.mujeresaseguir.com\/social\/noticia\/1180270048615\/aitana-bonmati-gana-balon-de-oro.1.html\" target=\"_blank\" rel=\"nofollow noopener\">Aitana Bonmat\u00ed recibi\u00f3 un 3% m\u00e1s de atenci\u00f3n medi\u00e1tica<\/a> (51% de informaciones) que el ganador masculino, Lionel Messi.<\/p>\n<p class=\"articleContentParagraph\">Pero, lamentablemente, no han sido las victorias en el terreno de juego lo que m\u00e1s llamaron la atenci\u00f3n. La <a class=\"external\" href=\"https:\/\/www.mujeresaseguir.com\/social\/noticia\/1179475048615\/luis-rubiales-dimite.1.html\" target=\"_blank\" rel=\"nofollow noopener\">pol\u00e9mica por el \u2018caso Rubiales\u2019<\/a> gener\u00f3 un revuelo medi\u00e1tico sin precedente en torno al f\u00fatbol femenino. Si tenemos en cuenta todas las informaciones publicadas sobre el Mundial, el personaje que m\u00e1s menciones logr\u00f3 en los medios fue el expresidente de la RFEF (50.073 menciones en medios) y el momento de mayor visibilidad fue la rueda de prensa en la que eludi\u00f3 presentar su dimisi\u00f3n, que, de hecho, logr\u00f3 un 58% m\u00e1s de noticias que la victoria en la final.<\/p>\n<\/div>\n<\/div>\n<div class=\"articleContent secondArticleContent\">\n<div class=\"contentP clearFloat\">\n<p class=\"articleContentParagraph\" style=\"text-align: justify;\">En cuanto a otras competiciones, la final de la Champions masculina gener\u00f3 bastante m\u00e1s atenci\u00f3n (60%) que la femenina (40%), a pesar de que esta \u00faltima fue protagonizada por un equipo espa\u00f1ol. Por su parte, la Copa de la Reina supuso el 23% de las noticias sobre esta competici\u00f3n, frente al 77% de la Copa del Rey.<\/p>\n<p class=\"articleContentParagraph\" style=\"text-align: justify;\">El inter\u00e9s de las audiencias televisivas por las competiciones femeninas tambi\u00e9n va en aumento. \u00a0Un claro ejemplo fueron los m\u00e1s de 13 millones de telespectadores de la final del Mundial de S\u00eddney. Otra competici\u00f3n femenina que se abre paso en televisi\u00f3n es el Tour de Francia, que tuvo m\u00e1s de un\u00a0mill\u00f3n de espectadores en Teledeporte.<\/p>\n<p class=\"articleContentParagraph\" style=\"text-align: justify;\">Los medios que m\u00e1s noticias sobre deporte femenino publicaron online fueron <em>Mundo Deportivo, La Vanguardia <\/em>y <em>Sport<\/em>. En el caso de los medios impresos destacaron <em>Mundo Deportivo, AS <\/em>y<em> Sport<\/em>.<\/p>\n<p class=\"articleContentParagraph\" style=\"text-align: justify;\"><strong>Redes sociales<\/strong><\/p>\n<p class=\"articleContentParagraph\" style=\"text-align: justify;\">La deportista espa\u00f1ola m\u00e1s popular en redes sociales es Alexia Putellas, con algo m\u00e1s de cinco millones de seguidores en todos sus perfiles, seguida de Aitana Bonmat\u00ed (2,2 millones) y Jennifer Hermoso (1,4 millones). En este ranking tambi\u00e9n figuran la tenista Garbi\u00f1e Muguruza (1,1 millones), la jugadora de b\u00e1dminton Carolina Mar\u00edn (979.000) o la atleta Ana Peleteiro (918.000).\u00a0\u00a0<\/p>\n<p>REDACCI\u00d3N MUJERES A SEGUIR<\/p>\n<p>https:\/\/www.mujeresaseguir.com\/social\/noticia\/1182284048615\/deporte-femenino-gana-terreno-y-duplica-visibilidad-medios-aunque-no-buenas-noticias.1.html?utm_source=MAS+Newsletter&#038;utm_campaign=287f816a3a-EMAIL_CAMPAIGN_2024_03_08_12_22&#038;utm_medium=email&#038;utm_term=0_a297241ee7-287f816a3a-%5BLIST_EMAIL_ID%5D<\/p>\n<\/div>\n<\/div>\n<\/div>\n","protected":false},"excerpt":{"rendered":"<p>El Mundial conquistado en S\u00eddney, el Bal\u00f3n de Oro y, sobre todo, el \u2018caso Rubiales\u2019&#8230;<\/p>\n","protected":false},"author":1,"featured_media":68071,"comment_status":"closed","ping_status":"closed","sticky":false,"template":"","format":"standard","meta":{"_coblocks_attr":"","_coblocks_dimensions":"","_coblocks_responsive_height":"","_coblocks_accordion_ie_support":"","jetpack_post_was_ever_published":false,"_jetpack_newsletter_access":"","_jetpack_dont_email_post_to_subs":false,"_jetpack_newsletter_tier_id":0,"_jetpack_memberships_contains_paywalled_content":false,"_jetpack_memberships_contains_paid_content":false,"footnotes":"","jetpack_publicize_message":"","jetpack_publicize_feature_enabled":true,"jetpack_social_post_already_shared":true,"jetpack_social_options":{"image_generator_settings":{"template":"highway","default_image_id":0,"enabled":false},"version":2}},"categories":[1161,14,44],"tags":[],"class_list":["post-68070","post","type-post","status-publish","format-standard","has-post-thumbnail","hentry","category-ciudadania","category-feminismo","category-noticias-de-hoy"],"jetpack_publicize_connections":[],"jetpack_featured_media_url":"https:\/\/i0.wp.com\/miradordeatarfe.es\/wp-content\/uploads\/2024\/03\/08.webp?fit=970%2C450&ssl=1","jetpack_likes_enabled":true,"jetpack_sharing_enabled":true,"_links":{"self":[{"href":"https:\/\/miradordeatarfe.es\/index.php?rest_route=\/wp\/v2\/posts\/68070","targetHints":{"allow":["GET"]}}],"collection":[{"href":"https:\/\/miradordeatarfe.es\/index.php?rest_route=\/wp\/v2\/posts"}],"about":[{"href":"https:\/\/miradordeatarfe.es\/index.php?rest_route=\/wp\/v2\/types\/post"}],"author":[{"embeddable":true,"href":"https:\/\/miradordeatarfe.es\/index.php?rest_route=\/wp\/v2\/users\/1"}],"replies":[{"embeddable":true,"href":"https:\/\/miradordeatarfe.es\/index.php?rest_route=%2Fwp%2Fv2%2Fcomments&post=68070"}],"version-history":[{"count":1,"href":"https:\/\/miradordeatarfe.es\/index.php?rest_route=\/wp\/v2\/posts\/68070\/revisions"}],"predecessor-version":[{"id":68072,"href":"https:\/\/miradordeatarfe.es\/index.php?rest_route=\/wp\/v2\/posts\/68070\/revisions\/68072"}],"wp:featuredmedia":[{"embeddable":true,"href":"https:\/\/miradordeatarfe.es\/index.php?rest_route=\/wp\/v2\/media\/68071"}],"wp:attachment":[{"href":"https:\/\/miradordeatarfe.es\/index.php?rest_route=%2Fwp%2Fv2%2Fmedia&parent=68070"}],"wp:term":[{"taxonomy":"category","embeddable":true,"href":"https:\/\/miradordeatarfe.es\/index.php?rest_route=%2Fwp%2Fv2%2Fcategories&post=68070"},{"taxonomy":"post_tag","embeddable":true,"href":"https:\/\/miradordeatarfe.es\/index.php?rest_route=%2Fwp%2Fv2%2Ftags&post=68070"}],"curies":[{"name":"wp","href":"https:\/\/api.w.org\/{rel}","templated":true}]}}