{"id":68077,"date":"2024-03-25T11:34:08","date_gmt":"2024-03-25T10:34:08","guid":{"rendered":"https:\/\/miradordeatarfe.es\/?p=68077"},"modified":"2024-03-22T17:44:37","modified_gmt":"2024-03-22T16:44:37","slug":"atarfe-parque-pink-floyd","status":"publish","type":"post","link":"https:\/\/miradordeatarfe.es\/?p=68077","title":{"rendered":"ATARFE: Parque Pink Floyd"},"content":{"rendered":"<h3 style=\"text-align: justify;\">Localizaci\u00f3n: Av. de Am\u00e9rica<\/h3>\n<p style=\"text-align: justify;\">La parcela tiene forma rectangular alargada con una dimensi\u00f3n longitudinal aproximada de 216 m. y una anchura de 40 m. La superficie estimada de la parcela es de 8.622 m\u00b2, repartida en las zonas que se detallan a continuaci\u00f3n.<\/p>\n<p style=\"text-align: justify;\"><strong>ZONAS DE AGUA<\/strong><\/p>\n<p style=\"text-align: justify;\">Zona de los geiser: Se dispuso en la entrada principal al parque desde la avenida de Am\u00e9rica varias toberas tipo geiser de distintas alturas, el agua se recoge sobre un pavimento de c\u00edrculos conc\u00e9ntricos de adoquines de m\u00e1rmol pulido, \u00e9stos se alternan con t\u00famulos de tierra cubiertos de c\u00e9sped.<\/p>\n<p style=\"text-align: justify;\">Cuatro estanques hechos de vaso de hormig\u00f3n y revestidos en sus bordes con loseta de piedra de sierra Elvira apomazada de 20 cm. de ancho. En ellos podemos disfrutar de los peces koi, un tipo de carpa muy utilizada ornamentalmente, en Jap\u00f3n.<\/p>\n<p style=\"text-align: justify;\"><strong>ZONAS DE RETIRO Y DESCANSO<\/strong><\/p>\n<p style=\"text-align: justify;\">Hay dos zonas de retiro en las que se sit\u00faan un peque\u00f1o estanque natural con una simulaci\u00f3n de escollera y la plantaci\u00f3n de varias palmeras, as\u00ed como otros elementos decorativos.<\/p>\n<p style=\"text-align: justify;\"><strong>ZONAS AJARDINADAS<\/strong><\/p>\n<p style=\"text-align: justify;\">La forman las superficies de c\u00e9sped, arbolado, vivaces de distintos colores, arom\u00e1ticas y otras especies arbustivas, y distintas especies de bamb\u00fa mediano.<\/p>\n<p style=\"text-align: justify;\"><strong>CIERRES EXTERIORES<\/strong><\/p>\n<p style=\"text-align: justify;\">El cerramiento del parque est\u00e1 formado de ca\u00f1as de bamb\u00fa de unos 12 cm. De di\u00e1metro o superior y de 2,5 m. de altura, alternando las tramos en los que \u00e9stas se sit\u00faen separadas entre s\u00ed con una distancia igual a su di\u00e1metro, con las zonas en las que est\u00e1n dispuestas seguidamente, sin huecos intermedios, a modo de empalizada.<\/p>\n<p style=\"text-align: justify;\">Las dos puertas secundarias del parque, que se disponen en ambos extremos del paseo del parque, son abatibles y se constituyen del mismo material que el cerramiento. Sus dimensiones son de 4 m. de ancho y 2.5 m. de altura. La puerta principal se dispone en un extremo del parque en la avenida de Am\u00e9rica, y est\u00e1 compuesta de un bastidor formado por perfiles laminados y chapas de acero galvanizado pintado en negro, con un grosor total aproximado de 15 cm. El tama\u00f1o es de 18.5 m. de longitud con 2.50 m. de altura, si bien, s\u00f3lo la parte central es corredera para posibilitar el acceso al parque. En ella podemos leer ATARFE, siendo la segunda A un prisma que refracta la luz en distintos colores.<\/p>\n<p style=\"text-align: justify;\">Antes de su construcci\u00f3n era una amplia zona abierta con tres parques infantiles distribuidos a lo largo del terreno.<\/p>\n<p style=\"text-align: justify;\"><strong>Bibliograf\u00eda y documentaci\u00f3n<\/strong><\/p>\n<p style=\"text-align: justify;\">&#8211; Memoria del proyecto de reforma de parque en el antiguo recinto ferial de Atare de octubre de 2008 por la arquitecto municipal Julia Gallego Risco.<\/p>\n<p><a href=\"https:\/\/i0.wp.com\/miradordeatarfe.es\/wp-content\/uploads\/2024\/03\/Captura20240322174214.png?ssl=1\"><img data-recalc-dims=\"1\" loading=\"lazy\" decoding=\"async\" class=\"alignnone wp-image-68078 size-full\" src=\"https:\/\/i0.wp.com\/miradordeatarfe.es\/wp-content\/uploads\/2024\/03\/Captura20240322174214.png?resize=640%2C191&#038;ssl=1\" alt=\"\" width=\"640\" height=\"191\" srcset=\"https:\/\/i0.wp.com\/miradordeatarfe.es\/wp-content\/uploads\/2024\/03\/Captura20240322174214.png?w=1367&amp;ssl=1 1367w, https:\/\/i0.wp.com\/miradordeatarfe.es\/wp-content\/uploads\/2024\/03\/Captura20240322174214.png?resize=300%2C89&amp;ssl=1 300w, https:\/\/i0.wp.com\/miradordeatarfe.es\/wp-content\/uploads\/2024\/03\/Captura20240322174214.png?resize=1024%2C305&amp;ssl=1 1024w, https:\/\/i0.wp.com\/miradordeatarfe.es\/wp-content\/uploads\/2024\/03\/Captura20240322174214.png?resize=768%2C229&amp;ssl=1 768w, https:\/\/i0.wp.com\/miradordeatarfe.es\/wp-content\/uploads\/2024\/03\/Captura20240322174214.png?resize=1320%2C393&amp;ssl=1 1320w\" sizes=\"auto, (max-width: 640px) 100vw, 640px\" \/><\/a><\/p>\n","protected":false},"excerpt":{"rendered":"<p>Localizaci\u00f3n: Av. de Am\u00e9rica La parcela tiene forma rectangular alargada con una dimensi\u00f3n longitudinal aproximada&#8230;<\/p>\n","protected":false},"author":1,"featured_media":68079,"comment_status":"closed","ping_status":"closed","sticky":false,"template":"","format":"standard","meta":{"_coblocks_attr":"","_coblocks_dimensions":"","_coblocks_responsive_height":"","_coblocks_accordion_ie_support":"","jetpack_post_was_ever_published":false,"_jetpack_newsletter_access":"","_jetpack_dont_email_post_to_subs":false,"_jetpack_newsletter_tier_id":0,"_jetpack_memberships_contains_paywalled_content":false,"_jetpack_memberships_contains_paid_content":false,"footnotes":"","jetpack_publicize_message":"","jetpack_publicize_feature_enabled":true,"jetpack_social_post_already_shared":true,"jetpack_social_options":{"image_generator_settings":{"template":"highway","default_image_id":0,"enabled":false},"version":2}},"categories":[2,1225,44],"tags":[],"class_list":["post-68077","post","type-post","status-publish","format-standard","has-post-thumbnail","hentry","category-atarfe","category-ha-de-atarfe","category-noticias-de-hoy"],"jetpack_publicize_connections":[],"jetpack_featured_media_url":"https:\/\/i0.wp.com\/miradordeatarfe.es\/wp-content\/uploads\/2024\/03\/PARQUE-PIN-FLOY.png?fit=387%2C170&ssl=1","jetpack_likes_enabled":true,"jetpack_sharing_enabled":true,"_links":{"self":[{"href":"https:\/\/miradordeatarfe.es\/index.php?rest_route=\/wp\/v2\/posts\/68077","targetHints":{"allow":["GET"]}}],"collection":[{"href":"https:\/\/miradordeatarfe.es\/index.php?rest_route=\/wp\/v2\/posts"}],"about":[{"href":"https:\/\/miradordeatarfe.es\/index.php?rest_route=\/wp\/v2\/types\/post"}],"author":[{"embeddable":true,"href":"https:\/\/miradordeatarfe.es\/index.php?rest_route=\/wp\/v2\/users\/1"}],"replies":[{"embeddable":true,"href":"https:\/\/miradordeatarfe.es\/index.php?rest_route=%2Fwp%2Fv2%2Fcomments&post=68077"}],"version-history":[{"count":1,"href":"https:\/\/miradordeatarfe.es\/index.php?rest_route=\/wp\/v2\/posts\/68077\/revisions"}],"predecessor-version":[{"id":68080,"href":"https:\/\/miradordeatarfe.es\/index.php?rest_route=\/wp\/v2\/posts\/68077\/revisions\/68080"}],"wp:featuredmedia":[{"embeddable":true,"href":"https:\/\/miradordeatarfe.es\/index.php?rest_route=\/wp\/v2\/media\/68079"}],"wp:attachment":[{"href":"https:\/\/miradordeatarfe.es\/index.php?rest_route=%2Fwp%2Fv2%2Fmedia&parent=68077"}],"wp:term":[{"taxonomy":"category","embeddable":true,"href":"https:\/\/miradordeatarfe.es\/index.php?rest_route=%2Fwp%2Fv2%2Fcategories&post=68077"},{"taxonomy":"post_tag","embeddable":true,"href":"https:\/\/miradordeatarfe.es\/index.php?rest_route=%2Fwp%2Fv2%2Ftags&post=68077"}],"curies":[{"name":"wp","href":"https:\/\/api.w.org\/{rel}","templated":true}]}}