{"id":68097,"date":"2024-03-24T10:22:11","date_gmt":"2024-03-24T09:22:11","guid":{"rendered":"https:\/\/miradordeatarfe.es\/?p=68097"},"modified":"2024-03-23T10:29:15","modified_gmt":"2024-03-23T09:29:15","slug":"por-que-se-indultan-presos-por-semana-santa-en-espana","status":"publish","type":"post","link":"https:\/\/miradordeatarfe.es\/?p=68097","title":{"rendered":"\u00bfPor qu\u00e9 se indultan presos por Semana Santa en Espa\u00f1a?"},"content":{"rendered":"<header class=\"article-top-header col-12\">\n<div class=\"article-top\">\n<div class=\"article-top-titles\">\n<div class=\"supra-title-container\">\n<h2 class=\"supra-title\">Tradiciones: Cada Semana Santa, el Consejo de Ministros indulta a algunos reos, que luego procesionan en agradecimiento a la misericordia divina. \u00bfDe d\u00f3nde viene esta pr\u00e1ctica? \u00bfY por qu\u00e9 sigue vigente?<\/h2>\n<\/div>\n<\/div>\n<\/div>\n<\/header>\n<div class=\"article-modules\" data-mrf-recirculation=\"Enlaces en p\u00e1rrafos\">\n<p class=\"paragraph\" data-gtm-element-container=\"modulo-texto-link\">Como apareci\u00f3 publicado en el Bolet\u00edn Oficial del Estado, esta Semana Santa cuatro presos van a recibir el indulto a propuesta de sendas cofrad\u00edas de Granada, Salamanca, <a href=\"https:\/\/www.lavanguardia.com\/local\/sevilla\/20230313\/8821219\/gobierno-cofradia-rico-ultiman-indulto-preso-semana-santa.html\" data-gtm-element=\"container-child-link\" data-mrf-link=\"https:\/\/www.lavanguardia.com\/local\/sevilla\/20230313\/8821219\/gobierno-cofradia-rico-ultiman-indulto-preso-semana-santa.html\">M\u00e1laga <\/a>y Le\u00f3n. Se trata de un privilegio que tienen las hermandades antes de la celebraci\u00f3n de la pasi\u00f3n, muerte y resurrecci\u00f3n de Cristo.<\/p>\n<p class=\"paragraph\" data-gtm-element-container=\"modulo-texto-link\">Ahora bien, estas proponen a sus aspirantes al indulto, pero es el Consejo de Ministros el que tiene la \u00faltima palabra. En el caso de la malague\u00f1a Cofrad\u00eda de Jes\u00fas <i>El Rico<\/i>, ni siquiera eso, puesto que sus miembros dejan en manos de Instituciones Penitenciarias y la Audiencia Provincial la decisi\u00f3n sobre qu\u00e9 reo designar como candidato.<\/p>\n<figure class=\"composite-image image-container \" data-gtm-element-container=\"button-gallery\"><picture><source srcset=\"https:\/\/www.lavanguardia.com\/files\/content_image_desktop_filter\/uploads\/2019\/04\/16\/5fa517b10af5b.jpeg\" media=\"(min-width: 638px)\" \/><source srcset=\"https:\/\/www.lavanguardia.com\/files\/content_image_intermediate_filter\/uploads\/2019\/04\/16\/5fa517b10af5b.jpeg\" media=\"(min-width: 480px)\" \/><img data-recalc-dims=\"1\" decoding=\"async\" class=\"lazy loaded alignright\" src=\"https:\/\/i0.wp.com\/www.lavanguardia.com\/files\/content_image_mobile_filter\/uploads\/2019\/04\/16\/5fa517b10af5b.jpeg?w=640&#038;ssl=1\" alt=\"Horizontal\" data-full-src=\"https:\/\/www.lavanguardia.com\/uploads\/2019\/04\/16\/5fa517b10af5b.jpeg\" data-ll-status=\"loaded\" \/><\/picture><figcaption class=\"figure-caption\">\n<p class=\"caption-title \"><em>\u00a0\u00a0\u00a0\u00a0\u00a0\u00a0\u00a0\u00a0\u00a0\u00a0\u00a0\u00a0\u00a0\u00a0\u00a0\u00a0\u00a0\u00a0\u00a0\u00a0\u00a0\u00a0\u00a0\u00a0\u00a0\u00a0\u00a0\u00a0\u00a0\u00a0\u00a0\u00a0\u00a0\u00a0\u00a0\u00a0\u00a0\u00a0\u00a0\u00a0\u00a0\u00a0\u00a0\u00a0\u00a0\u00a0\u00a0\u00a0\u00a0\u00a0\u00a0\u00a0\u00a0\u00a0\u00a0\u00a0\u00a0\u00a0\u00a0\u00a0\u00a0\u00a0 Imagen de archivo de la procesi\u00f3n de Jes\u00fas &#8216;El Rico&#8217; <span class=\"caption-author \">Terceros<\/span><\/em><\/p>\n<\/figcaption><\/figure>\n<p class=\"paragraph\" data-gtm-element-container=\"modulo-texto-link\">Este a\u00f1o son tres hombres y una mujer, condenados por delito contra la propiedad industrial, robo con fuerza, tr\u00e1fico de estupefacientes y robo con fuerza en las cosas (da\u00f1o a objetos materiales). Como viene sucediendo desde hace a\u00f1os, no hay ning\u00fan crimen de sangre. El m\u00e1s beneficiado es el <a href=\"https:\/\/www.lavanguardia.com\/vida\/20230329\/8861466\/cofradia-rico-malaga-liberara-condenado-trafico-drogas.html\" data-gtm-element=\"container-child-link\" data-mrf-link=\"https:\/\/www.lavanguardia.com\/vida\/20230329\/8861466\/cofradia-rico-malaga-liberara-condenado-trafico-drogas.html\">convicto de M\u00e1laga<\/a>, que se salva de cumplir tres a\u00f1os de encarcelamiento.<\/p>\n<p class=\"paragraph\" data-gtm-element-container=\"modulo-texto-link\">Con la cara cubierta y vistiendo una t\u00fanica, el Mi\u00e9rcoles Santo ser\u00e1 liberado frente a las autoridades civiles y religiosas y los miles de fieles y nazarenos que se agolpar\u00e1n a los pies de la escalinata de la catedral. Algo similar suceder\u00e1 en Salamanca, donde, recogida en los juzgados, la indultada procesionar\u00e1 con la Hermandad de Nuestro Padre Jes\u00fas del Perd\u00f3n.<\/p>\n<p class=\"paragraph\" data-gtm-element-container=\"modulo-texto-link\">Parece una estampa de otra \u00e9poca, de ah\u00ed las cr\u00edticas de los que creen que no tiene cabida en un estado aconfesional. Sus defensores lo justifican por pertenecer a la tradici\u00f3n jur\u00eddica de Espa\u00f1a, y en eso no se equivocan.<\/p>\n<p class=\"paragraph\" data-gtm-element-container=\"modulo-texto-link\">Como explica el jurista Juan Ram\u00f3n Rodr\u00edguez Llamos\u00ed en <i>El perd\u00f3n cristiano en el Derecho espa\u00f1ol: los indultos a las Cofrad\u00edas de penitencia<\/i> (2017), esta pr\u00e1ctica jur\u00eddica es tan antigua como el propio delito. No el hecho de que se aplique por Semana Santa, sino el indulto en s\u00ed.<\/p>\n<p class=\"paragraph\" data-gtm-element-container=\"modulo-texto-link\">Fue, precisamente, una de las cosas que marcaron el paso de una justicia puramente vengativa, como lo era en tiempos arcaicos, a una sofisticada. Antes de que se diera a los reyes el poder de perdonar, nada pod\u00edan esperar de la justicia los criminales m\u00e1s que su versi\u00f3n despiadada.<\/p>\n<p class=\"paragraph\" data-gtm-element-container=\"modulo-texto-link\">Sin embargo, dado que en las Escrituras Dios se compadece y perdona, los legisladores del mundo cristiano interpretaron que el sistema judicial deb\u00eda tratar de imitar a la divinidad lo mejor posible. As\u00ed nacieron los indultos, como un derecho de los monarcas para invocar la misericordia de Dios cuando la justicia humana hab\u00eda sido demasiado severa, o concurr\u00edan causas que hac\u00edan una sentencia desmesurada.<\/p>\n<p class=\"paragraph\" data-gtm-element-container=\"modulo-texto-link\">Eso s\u00ed, no se trataba de regalar nada. En su trabajo, Llamos\u00ed trae a colaci\u00f3n una pertinente sentencia de <a href=\"https:\/\/www.lavanguardia.com\/historiayvida\/edad-moderna\/20200116\/472909752112\/quijote-cervantes-influencias-literarias.html\" data-gtm-element=\"container-child-link\" data-mrf-link=\"https:\/\/www.lavanguardia.com\/historiayvida\/edad-moderna\/20200116\/472909752112\/quijote-cervantes-influencias-literarias.html\">don Quijote<\/a>: \u201cSi acaso doblares la vara de la Justicia, no sea con el peso de la d\u00e1diva, sino con el de la Misericordia\u201d. Ya en el Fuero Juzgo, que fue el primer c\u00f3digo de leyes que tuvo Espa\u00f1a, el indulto incorporaba como requisito indispensable el arrepentimiento del penado. Era como la confesi\u00f3n: sin prop\u00f3sito de enmienda, no vale.<\/p>\n<p class=\"paragraph\" data-gtm-element-container=\"modulo-texto-link\">Tan antigua es la pr\u00e1ctica, que ya aparece en esa ley, de los tiempos de la Hispania visigoda. Luego, <a href=\"https:\/\/www.lavanguardia.com\/historiayvida\/edad-media\/20200903\/33034\/alfonso-x-sabio-tolerante-religiones.html\" data-gtm-element=\"container-child-link\" data-mrf-link=\"https:\/\/www.lavanguardia.com\/historiayvida\/edad-media\/20200903\/33034\/alfonso-x-sabio-tolerante-religiones.html\">Alfonso X el Sabio<\/a> (1221-1284) la mantuvo en sus <i>Siete partidas<\/i>, un texto clave en la historia del derecho y con el que trat\u00f3 de unificar las diversas legislaciones de Castilla.<\/p>\n<p class=\"paragraph\" data-gtm-element-container=\"modulo-texto-link\">Como daba tambi\u00e9n a nobles y eclesi\u00e1sticos la potestad de conceder \u201cgracias\u201d, aquello provoc\u00f3 una alegr\u00eda exculpatoria que Juan I tuvo que enmendar en 1387, obligando a que todos los casos requirieran su firma.<\/p>\n<p class=\"paragraph\" data-gtm-element-container=\"modulo-texto-link\">El caso es que la excepci\u00f3n estuvo presente en todas las correcciones y a\u00f1adidos posteriores que se hicieron a los c\u00f3digos castellanos. En cuanto al privilegio otorgado a las cofrad\u00edas para proponer indultados para la Semana Santa, ya aparece en una ley de 1447 sancionada por Juan II de Castilla, el padre de <a href=\"https:\/\/www.lavanguardia.com\/historiayvida\/edad-moderna\/20220102\/7951785\/isabel-catolica-reino-granada.html\" data-gtm-element=\"container-child-link\" data-mrf-link=\"https:\/\/www.lavanguardia.com\/historiayvida\/edad-moderna\/20220102\/7951785\/isabel-catolica-reino-granada.html\">Isabel la Cat\u00f3lica<\/a>.<\/p>\n<p>Eso no significa que la costumbre no fuera anterior, pero se hizo oficial con esa Ley del perd\u00f3n del Viernes Santo de la Cruz. Se llamaba as\u00ed porque obligaba a trasladar todos los \u201cperdones\u201d previstos para el a\u00f1o a esa fecha, central en el Triduo Pascual.<\/p>\n<p class=\"paragraph\" data-gtm-element-container=\"modulo-texto-link\">Hasta aqu\u00ed lo que est\u00e1 en los documentos; en M\u00e1laga, una leyenda da otra versi\u00f3n de los hechos. En medio de una epidemia de <a href=\"https:\/\/www.lavanguardia.com\/historiayvida\/edad-media\/20170306\/47310452522\/la-gran-epidemia-medieval.html\" data-gtm-element=\"container-child-link\" data-mrf-link=\"https:\/\/www.lavanguardia.com\/historiayvida\/edad-media\/20170306\/47310452522\/la-gran-epidemia-medieval.html\">peste<\/a>, al parecer, durante la Semana Santa de 1759, los pasos no encontraban quien se atreviera a cargarlos. S\u00ed los presos, que se ofrecieron a las autoridades civiles arriesgando su salud\u2026 Como parec\u00eda una simple excusa para escapar, no les dieron el permiso, a lo que ellos respondieron organizando un mot\u00edn y fug\u00e1ndose.<\/p>\n<p class=\"paragraph\" data-gtm-element-container=\"modulo-texto-link\"><picture><img data-recalc-dims=\"1\" loading=\"lazy\" decoding=\"async\" class=\"lazy loaded alignleft\" src=\"https:\/\/i0.wp.com\/www.lavanguardia.com\/files\/content_image_mobile_filter\/uploads\/2020\/09\/15\/5f60c8ddb39ab.jpeg?resize=199%2C282&#038;ssl=1\" alt=\"Carlos III con el h\u00e1bito de la Orden de Carlos III, hacia 1783-1784. \u00d3leo de Mariano Salvador Maella (Palacio Real).\" width=\"199\" height=\"282\" data-full-src=\"https:\/\/www.lavanguardia.com\/uploads\/2020\/09\/15\/5f60c8ddb39ab.jpeg\" data-ll-status=\"loaded\" \/><\/picture><\/p>\n<h5 data-gtm-element-container=\"modulo-texto-link\"><em>Carlos III de Espa\u00f1a con el h\u00e1bito de la Orden de Carlos III, hacia 1783-1784. \u00d3leo de Mariano Salvador Maella (Palacio Real).<span class=\"caption-author \">Dominio p\u00fablico<\/span><\/em><\/h5>\n<p class=\"paragraph\" data-gtm-element-container=\"modulo-texto-link\">Para la sorpresa de todos, cargaron los pasos, hubo Semana Santa, y luego regresaron a sus celdas sin que faltara ni uno. Y m\u00e1s inesperado a\u00fan ser\u00eda lo que supuestamente sucedi\u00f3 tras el paso de la imagen de Jes\u00fas <i>El Rico<\/i> por las calles: la epidemia hab\u00eda desaparecido.<\/p>\n<p class=\"paragraph\" data-gtm-element-container=\"modulo-texto-link\">Enterado del milagro, el rey <a href=\"https:\/\/www.lavanguardia.com\/historiayvida\/edad-moderna\/20191209\/472067942808\/carlos-iii-historiadores.html\" data-gtm-element=\"container-child-link\" data-mrf-link=\"https:\/\/www.lavanguardia.com\/historiayvida\/edad-moderna\/20191209\/472067942808\/carlos-iii-historiadores.html\">Carlos III<\/a> habr\u00eda concedido a la cofrad\u00eda el privilegio perpetuo de liberar a un preso cada a\u00f1o. Quiz\u00e1 en M\u00e1laga ese sea el origen de la pr\u00e1ctica; desde luego, en esos a\u00f1os hubo m\u00e1s de un brote epid\u00e9mico en la ciudad. Para el resto de Espa\u00f1a, la Ley del perd\u00f3n indica que la costumbre ya exist\u00eda en el siglo XV, aunque probablemente sea anterior.<\/p>\n<figure class=\"composite-image image-container \" data-gtm-element-container=\"button-gallery\"><picture><source srcset=\"https:\/\/www.lavanguardia.com\/files\/content_image_desktop_filter\/uploads\/2020\/09\/15\/5f60c8ddb39ab.jpeg\" media=\"(min-width: 638px)\" \/><source srcset=\"https:\/\/www.lavanguardia.com\/files\/content_image_intermediate_filter\/uploads\/2020\/09\/15\/5f60c8ddb39ab.jpeg\" media=\"(min-width: 480px)\" \/><\/picture><\/figure>\n<p class=\"paragraph\" data-gtm-element-container=\"modulo-texto-link\">En 1805, Carlos IV la ratific\u00f3 al incluirla en su Nov\u00edsima Recopilaci\u00f3n, que, en un <a href=\"https:\/\/www.lavanguardia.com\/historiayvida\/edad-moderna\/20200216\/473550152952\/ilustracion-espana-panel-expertos.html\" data-gtm-element=\"container-child-link\" data-mrf-link=\"https:\/\/www.lavanguardia.com\/historiayvida\/edad-moderna\/20200216\/473550152952\/ilustracion-espana-panel-expertos.html\">contexto ilustrado<\/a>, era un intento por codificar la multiplicidad de legislaciones heredadas de los antiguos reinos peninsulares.<\/p>\n<p class=\"paragraph\" data-gtm-element-container=\"modulo-texto-link\">Incluso los gobiernos liberales del siglo XIX mantuvieron lo que para las hermandades ya era un derecho. Seg\u00fan la \u00faltima ley relativa a indultos, de 1870, cualquiera puede solicitar un indulto, tambi\u00e9n las cofrad\u00edas. En la tradici\u00f3n se apoyan las hermandades para mantener la prerrogativa, que est\u00e1n resueltas a defender.\u00a0<\/p>\n<\/div>\n<header class=\"article-top-header col-12\">\n<div class=\"article-top\">\n<div class=\"article-media-main\">\u00a0<\/div>\n<\/div>\n<\/header>\n<div class=\"article-content col-12 col-md-8\">\n<div class=\"article-info\">\n<div class=\"author-date-content\">\n<div class=\"author-date-time\">\n<div class=\"author-name\" data-gtm-element-container=\"author\">\n<p><strong>Xavier Vilaltella Ortiz<\/strong><\/p>\n<p>FOTO: Semana Santa: Jes\u00fas el Rico en M\u00e1laga. <span class=\"caption-author \">Otras Fuentes<\/span><\/p>\n<p>https:\/\/www.lavanguardia.com\/historiayvida\/mas-historias\/20230405\/8876060\/indultan-presos-semana-santa-espana-pmt.html<\/p>\n<\/div>\n<\/div>\n<\/div>\n<\/div>\n<\/div>\n","protected":false},"excerpt":{"rendered":"<p>Tradiciones: Cada Semana Santa, el Consejo de Ministros indulta a algunos reos, que luego procesionan&#8230;<\/p>\n","protected":false},"author":1,"featured_media":68098,"comment_status":"closed","ping_status":"closed","sticky":false,"template":"","format":"standard","meta":{"_coblocks_attr":"","_coblocks_dimensions":"","_coblocks_responsive_height":"","_coblocks_accordion_ie_support":"","jetpack_post_was_ever_published":false,"_jetpack_newsletter_access":"","_jetpack_dont_email_post_to_subs":false,"_jetpack_newsletter_tier_id":0,"_jetpack_memberships_contains_paywalled_content":false,"_jetpack_memberships_contains_paid_content":false,"footnotes":"","jetpack_publicize_message":"","jetpack_publicize_feature_enabled":true,"jetpack_social_post_already_shared":true,"jetpack_social_options":{"image_generator_settings":{"template":"highway","default_image_id":0,"enabled":false},"version":2}},"categories":[1161,44,6937],"tags":[],"class_list":["post-68097","post","type-post","status-publish","format-standard","has-post-thumbnail","hentry","category-ciudadania","category-noticias-de-hoy","category-sociedad"],"jetpack_publicize_connections":[],"jetpack_featured_media_url":"https:\/\/i0.wp.com\/miradordeatarfe.es\/wp-content\/uploads\/2024\/03\/5fa434d1bfe6c.jpeg?fit=948%2C465&ssl=1","jetpack_likes_enabled":true,"jetpack_sharing_enabled":true,"_links":{"self":[{"href":"https:\/\/miradordeatarfe.es\/index.php?rest_route=\/wp\/v2\/posts\/68097","targetHints":{"allow":["GET"]}}],"collection":[{"href":"https:\/\/miradordeatarfe.es\/index.php?rest_route=\/wp\/v2\/posts"}],"about":[{"href":"https:\/\/miradordeatarfe.es\/index.php?rest_route=\/wp\/v2\/types\/post"}],"author":[{"embeddable":true,"href":"https:\/\/miradordeatarfe.es\/index.php?rest_route=\/wp\/v2\/users\/1"}],"replies":[{"embeddable":true,"href":"https:\/\/miradordeatarfe.es\/index.php?rest_route=%2Fwp%2Fv2%2Fcomments&post=68097"}],"version-history":[{"count":2,"href":"https:\/\/miradordeatarfe.es\/index.php?rest_route=\/wp\/v2\/posts\/68097\/revisions"}],"predecessor-version":[{"id":68100,"href":"https:\/\/miradordeatarfe.es\/index.php?rest_route=\/wp\/v2\/posts\/68097\/revisions\/68100"}],"wp:featuredmedia":[{"embeddable":true,"href":"https:\/\/miradordeatarfe.es\/index.php?rest_route=\/wp\/v2\/media\/68098"}],"wp:attachment":[{"href":"https:\/\/miradordeatarfe.es\/index.php?rest_route=%2Fwp%2Fv2%2Fmedia&parent=68097"}],"wp:term":[{"taxonomy":"category","embeddable":true,"href":"https:\/\/miradordeatarfe.es\/index.php?rest_route=%2Fwp%2Fv2%2Fcategories&post=68097"},{"taxonomy":"post_tag","embeddable":true,"href":"https:\/\/miradordeatarfe.es\/index.php?rest_route=%2Fwp%2Fv2%2Ftags&post=68097"}],"curies":[{"name":"wp","href":"https:\/\/api.w.org\/{rel}","templated":true}]}}