{"id":68105,"date":"2024-03-24T10:42:31","date_gmt":"2024-03-24T09:42:31","guid":{"rendered":"https:\/\/miradordeatarfe.es\/?p=68105"},"modified":"2024-03-23T10:46:28","modified_gmt":"2024-03-23T09:46:28","slug":"indultos-vs-condenados","status":"publish","type":"post","link":"https:\/\/miradordeatarfe.es\/?p=68105","title":{"rendered":"Indultos vs. Condenados"},"content":{"rendered":"<h3 class=\"post-lead\" style=\"text-align: justify;\">Delitos de funcionarios contra la libertad individual, contra el medio ambiente, prevaricaci\u00f3n, insolvencia y malversaci\u00f3n, los m\u00e1s indultados en porcentaje sobre el total de condenas.<\/h3>\n<div class=\"nota\" style=\"text-align: justify;\">\n<p>Este art\u00edculo se public\u00f3 por primera vez en 2013, pero hemos ido actualiz\u00e1ndolo a\u00f1o a a\u00f1o. Los datos, ahora, son a 31 de diciembre de 2021.<\/p>\n<\/div>\n<p style=\"text-align: justify;\">En cada listado de reales decretos de indultos publicado en el BOE destacan, por encima del resto, las medidas de gracia concedidas a condenados por <strong>delitos contra la salud p\u00fablica<\/strong>. En total, de los 10.702 indultados desde 1996, 3.054 hab\u00edan sido condenados por ese delito. Para muchos jueces, esta es una muestra del uso del indulto como paliativo contra unas penas demasiado severas en estos delitos, que a veces simplemente consisten en el menudeo de drogas. Le siguen, de cerca, los delitos por robos (2.072 indultados en las fechas que abarca el an\u00e1lisis de <em>El indult\u00f3metro<\/em>). Pero estos datos tienen trampa: <strong>tambi\u00e9n son los m\u00e1s habituales en las listas anuales de condenados<\/strong>.<\/p>\n<p style=\"text-align: justify;\">Entonces, \u00bfqu\u00e9 cr\u00edmenes son los que m\u00e1s se indultan? Delitos cometidos por funcionarios contra la libertad individual, delitos contra el medio ambiente, prevaricaci\u00f3n, insolvencia punible y malversaci\u00f3n suman los porcentajes m\u00e1s altos (ver <a href=\"https:\/\/civio.es\/el-indultometro\/2022\/02\/01\/relatividad\/#metodologa\">metodolog\u00eda<\/a>) de medidas de gracia por condenas. Tres de esos cinco delitos tienen que ver, directamente, con el <strong>ejercicio de un cargo p\u00fablico o la sustracci\u00f3n de dinero de las arcas de las administraciones<\/strong>.<\/p>\n<p style=\"text-align: justify;\">Entre 2007 y 2018 (ver <a href=\"https:\/\/civio.es\/el-indultometro\/2022\/02\/01\/relatividad\/#metodologa\">metodolog\u00eda<\/a>), 85 personas fueron condenadas por delitos cometidos por funcionarios contra la libertad individual. Tres de ellos han sido indultados hasta el momento. Este ep\u00edgrafe incluye alargar ilegalmente la privaci\u00f3n de libertad o la incomunicaci\u00f3n de un arrestado o utilizar un \u201crigor\u201d innecesario en el trato a los presos por parte de funcionarios de prisiones o trabajadores de centros de menores, tal y como se recoge en el <a href=\"https:\/\/www.boe.es\/buscar\/act.php?id=BOE-A-1995-25444\" target=\"_blank\" rel=\"noopener\">C\u00f3digo Penal<\/a>. El porcentaje, un 3,53%, puede parecer poco determinante debido al peque\u00f1o n\u00famero de casos registrados, pero veamos un delito con mayor incidencia, como la malversaci\u00f3n de fondos p\u00fablicos: siete de los 863 condenados en esos once a\u00f1os ya han sido indultados, un 0,81%.<\/p>\n<div class=\"multimedia\" style=\"text-align: justify;\">\n<h4 id=\"top-10-categoras-de-delito-segn-el-cdigo-penal-con-mayor-porcentaje-de-indultos-respecto-a-condenados-para-el-periodo-2007-2018\">Top 10 categor\u00edas de delito seg\u00fan el c\u00f3digo penal con mayor porcentaje de indultos respecto a condenados para el periodo 2007-2018<\/h4>\n<p><iframe loading=\"lazy\" src=\"https:\/\/graphs.civio.es\/elindultometro\/crimes-categories\/dist\/\" width=\"100%\" height=\"490\" frameborder=\"0\" data-mce-fragment=\"1\"><\/iframe><\/div>\n<p style=\"text-align: justify;\">Otra de las categor\u00edas con mayor porcentaje de indultados es la que engloba los delitos de prevaricaci\u00f3n de los funcionarios p\u00fablicos (emitir una resoluci\u00f3n o nombrar a alguien para un cargo de manera arbitraria a sabiendas de que es injusto). Doce de los 824 condenados entre 2007 y 2018 han sido indultados a d\u00eda de hoy, un 1,46%.<\/p>\n<p style=\"text-align: justify;\">Durante esos mismos a\u00f1os, fuera ya del \u00e1mbito de las administraciones p\u00fablicas, un total de 654 personas fueron condenadas por delitos contra los recursos naturales y el medio ambiente. Hasta el momento, 21 de ellas han sido indultadas, un 3,21%. Se trata de condenas por provocar o realizar emisiones, vertidos, radiaciones, extracciones o ruidos que puedan \u201cperjudicar gravemente el equilibrio de los sistemas naturales\u201d.<\/p>\n<p style=\"text-align: justify;\">Todos estos cr\u00edmenes recibieron la medida de gracia en un porcentaje de casos superior al 0,50% (750 indultos sobre 148.573 condenas) de los delitos contra la salud p\u00fablica. En casos especialmente llamativos, como los de las torturas, encontramos porcentajes mucho menores pero que muestran el uso de esta prerrogativa: de las 45.483 condenados por torturas entre 2007 y 2018, 22 han sido indultados a d\u00eda de hoy (un 0,05%).<\/p>\n<p style=\"text-align: justify;\">Junto a los delitos contra el medio ambiente y la insolvencia punible, son justo aquellos cometidos por funcionarios p\u00fablicos los que han sido indultados en una proporci\u00f3n m\u00e1s alta que cualquier otro crimen. Son aquellos en los que la administraci\u00f3n, desde el poder Ejecutivo, se perdona a s\u00ed misma sus faltas.<\/p>\n<h3 id=\"genero\" style=\"text-align: justify;\">An\u00e1lisis por g\u00e9nero<\/h3>\n<p style=\"text-align: justify;\">Otro ejemplo de diferencias entre t\u00e9rminos absolutos y relativos: los hombres se benefician de m\u00e1s indultos que las mujeres (1.285 en esos doce a\u00f1os frente a 395) porque tambi\u00e9n son mayor\u00eda aplastante entre los condenados (2.375.494 frente a 376.541). Pero, en proporci\u00f3n, las mujeres reciben en m\u00e1s ocasiones esa medida de gracia (10,5 de cada 10.000 condenadas frente a 5,4 de cada 10.000 condenados).<\/p>\n<div class=\"multimedia\" style=\"text-align: justify;\"><iframe loading=\"lazy\" src=\"https:\/\/graphs.civio.es\/elindultometro\/pardons-by-gender\/dist\/\" width=\"100%\" height=\"360\" frameborder=\"0\" data-mce-fragment=\"1\"><\/iframe><\/p>\n<p>Los botones de la visualizaci\u00f3n permiten cambiar la vista entre valores absolutos y relativos, por defecto se muestra la distribuci\u00f3n en n\u00fameros absolutos de indultos en el periodo 2007-2018<\/p>\n<\/div>\n<div class=\"nota\" style=\"text-align: justify;\">\n<h4 id=\"metodologa\">Metodolog\u00eda<\/h4>\n<p>\u00bfPor qu\u00e9 analizamos los condenados, precisamente, entre 2007 y 2018? \u00bfC\u00f3mo hemos hecho la metodolog\u00eda? Para realizar el an\u00e1lisis conjunto de los datos hemos utilizado dos fuentes: los indultos concedidos hasta el 31 de diciembre de 2021 y publicados en el <a href=\"http:\/\/www.boe.es\/buscar\/boe.php?campo%5B0%5D=ORI&amp;dato%5B0%5D=3&amp;operador%5B0%5D=and&amp;campo%5B1%5D=DOC&amp;dato%5B1%5D=indulto&amp;operador%5B1%5D=and&amp;campo%5B2%5D=TIT&amp;dato%5B2%5D=&amp;operador%5B2%5D=and&amp;campo%5B3%5D=DEM&amp;dato%5B3%5D=&amp;operador%5B3%5D=and&amp;campo%5B4%5D=NBO&amp;dato%5B4%5D=&amp;operador%5B4%5D=and&amp;campo%5B5%5D=NOF&amp;dato%5B5%5D=&amp;operador%5B5%5D=and&amp;operador%5B6%5D=and&amp;campo%5B6%5D=FPU&amp;dato%5B6%5D%5B0%5D=01%2F01%2F1996&amp;dato%5B6%5D%5B1%5D=02%2F02%2F2013&amp;page_hits=40&amp;sort_field%5B0%5D=fpu&amp;sort_order%5B0%5D=desc&amp;sort_field%5B1%5D=ref&amp;sort_order%5B1%5D=asc&amp;accion=Buscar\" target=\"_blank\" rel=\"noopener\">BOE<\/a>, y las cifras de condenados del <a href=\"http:\/\/www.ine.es\/jaxi\/menu.do?type=pcaxis&amp;path=\/t18\/p466&amp;file=inebase\" target=\"_blank\" rel=\"noopener\">INE<\/a>. Estas \u00faltimas sufrieron una variaci\u00f3n importante en <a href=\"http:\/\/www.ine.es\/metodologia\/t18\/t1830466.pdf\" target=\"_blank\" rel=\"noopener\">2007<\/a>, cuando la forma de recabar informaci\u00f3n fue modificada. Hasta entonces, la recogida de informaci\u00f3n se realizaba trimestralmente mediante un bolet\u00edn en papel que cumplimentaban los \u00f3rganos judiciales. Por eso analizamos los datos desde 2007, justo cuando arranc\u00f3 ese sistema de medida.<\/p>\n<p>\u00bfY por qu\u00e9 hasta 2018? El <a href=\"https:\/\/civio.es\/el-indultometro\/2022\/02\/01\/los-mas-rapidos-a-este-lado-de-los-pirineos\/\">periodo medio<\/a> de espera entre condena e indulto en el global de las medidas de gracia analizadas en <em>El indult\u00f3metro<\/em> es de casi tres a\u00f1os. As\u00ed, el periodo de an\u00e1lisis con el que hemos realizado esta investigaci\u00f3n comienza en 2007, debido al cambio metodol\u00f3gico en el INE, y termina en 2018.<\/p>\n<p>En el caso de los indultos tomamos como fecha de referencia la fecha de la sentencia del tribunal indicada en cada disposici\u00f3n del BOE.<\/p>\n<div class=\"post-author\"><a title=\"Eva Belmonte\" href=\"https:\/\/civio.es\/equipo\/eva-belmonte\/\"><strong>Eva Belmonte<\/strong><\/a><\/div>\n<div class=\"post-author\"><strong><a title=\"Juan Elosua\" href=\"https:\/\/civio.es\/equipo\/juan-elosua\/\">Juan Elosua<\/a><\/strong><\/div>\n<div class=\"post-author\"><strong><a title=\"David Cabo\" href=\"https:\/\/civio.es\/equipo\/david-cabo\/\">David Cabo<\/a><\/strong><\/div>\n<\/div>\n<div style=\"text-align: justify;\">\u00a0<\/div>\n<div style=\"text-align: justify;\">FOTO: PRISI\u00d3N<\/div>\n<div style=\"text-align: justify;\">\u00a0<\/div>\n<div style=\"text-align: justify;\">https:\/\/civio.es\/el-indultometro\/2022\/02\/01\/relatividad\/<\/div>\n","protected":false},"excerpt":{"rendered":"<p>Delitos de funcionarios contra la libertad individual, contra el medio ambiente, prevaricaci\u00f3n, insolvencia y malversaci\u00f3n,&#8230;<\/p>\n","protected":false},"author":1,"featured_media":68106,"comment_status":"closed","ping_status":"closed","sticky":false,"template":"","format":"standard","meta":{"_coblocks_attr":"","_coblocks_dimensions":"","_coblocks_responsive_height":"","_coblocks_accordion_ie_support":"","jetpack_post_was_ever_published":false,"_jetpack_newsletter_access":"","_jetpack_dont_email_post_to_subs":false,"_jetpack_newsletter_tier_id":0,"_jetpack_memberships_contains_paywalled_content":false,"_jetpack_memberships_contains_paid_content":false,"footnotes":"","jetpack_publicize_message":"","jetpack_publicize_feature_enabled":true,"jetpack_social_post_already_shared":true,"jetpack_social_options":{"image_generator_settings":{"template":"highway","default_image_id":0,"enabled":false},"version":2}},"categories":[1161,10781,44],"tags":[],"class_list":["post-68105","post","type-post","status-publish","format-standard","has-post-thumbnail","hentry","category-ciudadania","category-granada","category-noticias-de-hoy"],"jetpack_publicize_connections":[],"jetpack_featured_media_url":"https:\/\/i0.wp.com\/miradordeatarfe.es\/wp-content\/uploads\/2024\/03\/prision_870_300.jpg?fit=870%2C300&ssl=1","jetpack_likes_enabled":true,"jetpack_sharing_enabled":true,"_links":{"self":[{"href":"https:\/\/miradordeatarfe.es\/index.php?rest_route=\/wp\/v2\/posts\/68105","targetHints":{"allow":["GET"]}}],"collection":[{"href":"https:\/\/miradordeatarfe.es\/index.php?rest_route=\/wp\/v2\/posts"}],"about":[{"href":"https:\/\/miradordeatarfe.es\/index.php?rest_route=\/wp\/v2\/types\/post"}],"author":[{"embeddable":true,"href":"https:\/\/miradordeatarfe.es\/index.php?rest_route=\/wp\/v2\/users\/1"}],"replies":[{"embeddable":true,"href":"https:\/\/miradordeatarfe.es\/index.php?rest_route=%2Fwp%2Fv2%2Fcomments&post=68105"}],"version-history":[{"count":2,"href":"https:\/\/miradordeatarfe.es\/index.php?rest_route=\/wp\/v2\/posts\/68105\/revisions"}],"predecessor-version":[{"id":68108,"href":"https:\/\/miradordeatarfe.es\/index.php?rest_route=\/wp\/v2\/posts\/68105\/revisions\/68108"}],"wp:featuredmedia":[{"embeddable":true,"href":"https:\/\/miradordeatarfe.es\/index.php?rest_route=\/wp\/v2\/media\/68106"}],"wp:attachment":[{"href":"https:\/\/miradordeatarfe.es\/index.php?rest_route=%2Fwp%2Fv2%2Fmedia&parent=68105"}],"wp:term":[{"taxonomy":"category","embeddable":true,"href":"https:\/\/miradordeatarfe.es\/index.php?rest_route=%2Fwp%2Fv2%2Fcategories&post=68105"},{"taxonomy":"post_tag","embeddable":true,"href":"https:\/\/miradordeatarfe.es\/index.php?rest_route=%2Fwp%2Fv2%2Ftags&post=68105"}],"curies":[{"name":"wp","href":"https:\/\/api.w.org\/{rel}","templated":true}]}}