{"id":68128,"date":"2024-03-24T08:50:54","date_gmt":"2024-03-24T07:50:54","guid":{"rendered":"https:\/\/miradordeatarfe.es\/?p=68128"},"modified":"2024-03-23T11:59:32","modified_gmt":"2024-03-23T10:59:32","slug":"teresa-peramato-fiscal-de-sala-delegada-de-violencia-contra-la-mujer-hay-que-reconsiderar-si-se-acepta-el-mutuo-acuerdo-como-esta-ahora","status":"publish","type":"post","link":"https:\/\/miradordeatarfe.es\/?p=68128","title":{"rendered":"Teresa Peramato, fiscal de Sala Delegada de Violencia contra la Mujer: \u00abHay que reconsiderar si se acepta el mutuo acuerdo como est\u00e1 ahora\u00bb"},"content":{"rendered":"<div id=\"wms-intext\" class=\"wms-intext\">\n<div id=\"sm-it-main-container-1711191021236\" class=\"sm-it-main-container\" data-it=\"603cb8be-b48f-487a-81d4-ec47a94e14da\" data-device=\"desktop\" data-index=\"0\">\n<div id=\"sm-reference-1711191021236\" class=\"sm-reference\">\n<h2 style=\"text-align: justify;\">La fiscal plantea la idoneidad de que funcione el mutuo acuerdo en procedimientos civiles de violencia de g\u00e9nero \u00abtal y como est\u00e1 ahora\u00bb<\/h2>\n<h3 style=\"text-align: justify;\">Un hombre denunciado por violencia machista, con una orden de alejamiento hacia su exmujer y que llevaba una pulsera telem\u00e1tica, ha asesinado presuntamente a sus hijas de dos y cuatro a\u00f1os, en lo que la Guardia Civil investiga como un nuevo caso de violencia vicaria.<\/h3>\n<\/div>\n<\/div>\n<\/div>\n<p style=\"text-align: justify;\">Ha ocurrido en la localidad almeriense de Alboloduy. El hombre, que despu\u00e9s se ha suicidado, ten\u00eda un r\u00e9gimen de visitas de las menores reconocido judicialmente durante los fines de semana y una orden de alejamiento por malos tratos para evitar el contacto con su expareja y madre de las ni\u00f1as.<\/p>\n<p style=\"text-align: justify;\">En &#8216;Hora 25&#8217; con Aimar Bretos hemos hablado con la fiscal de Sala Delegada de Violencia contra la Mujer, Teresa Peramato.<\/p>\n<h3 style=\"text-align: justify;\">\u00bfC\u00f3mo pod\u00eda tener r\u00e9gimen de visitas?<\/h3>\n<p style=\"text-align: justify;\">\u00abTanto la letrada como el Ministerio Fiscal pidieron una prohibici\u00f3n de aproximaci\u00f3n. El fiscal interes\u00f3 que se pusiera la pulsera telem\u00e1tica de control. Pidieron tambi\u00e9n la custodia para la madre, adjudicaci\u00f3n del uso de domicilio y una pensi\u00f3n alimenticia para las menores. El fiscal se opuso a que se estableciera cualquier r\u00e9gimen de visitas y as\u00ed se acord\u00f3 en el auto de orden de protecci\u00f3n. La medida cautelar se mantiene con el dispositivo telem\u00e1tico. La vigencia de las medidas civiles tiene una duraci\u00f3n muy corta, de unos 30 d\u00edas. El procedimiento civil sigui\u00f3 su desarrollo. En la vista, las partes llegaron a un acuerdo con r\u00e9gimen de visitas, los fines de semana, donde se produc\u00edan las entregas en el punto de encuentro. No era un r\u00e9gimen tutelado. Esto se hizo as\u00ed hasta que las partes decidieron que ya no funcionara el punto de encuentro. Despu\u00e9s se produjo el terrible suceso\u00bb, explica la fiscal.<\/p>\n<h3 style=\"text-align: justify;\">El mutuo acuerdo<\/h3>\n<p style=\"text-align: justify;\">\u00abEl \u00fanico culpable es el asesino. El planteamiento est\u00e1 en si el mutuo acuerdo, en un procedimiento civil de violencia de g\u00e9nero, es un recurso procesal adecuado para garantizar la protecci\u00f3n de la madre y las hijas. La mediaci\u00f3n no est\u00e1 aceptada en la violencia de g\u00e9nero porque existe un desequilibrio. Si no cabe la mediaci\u00f3n, deber\u00edamos plantearnos si el mutuo acuerdo es un recurso procesal adecuado. Lo que podr\u00edamos plantearnos es si podr\u00edamos modular el procedimiento para que podamos articular mecanismos de prueba para ver qu\u00e9 medidas van a proteger m\u00e1s a los ni\u00f1os y a la madre. Aqu\u00ed se cumpli\u00f3 la ley. En el procedimiento civil, se pudo establecer un acuerdo entre las partes para un r\u00e9gimen de visitas, que claramente no era lo que m\u00e1s iba a garantizar la salud de las ni\u00f1as y la madre\u00bb, argumenta Peramato.<\/p>\n<h3 style=\"text-align: justify;\">La actuaci\u00f3n del fiscal<\/h3>\n<p style=\"text-align: justify;\">\u00abEl fiscal, una vez que se presenta el acuerdo entre progenitores, examina el acuerdo y tiene que decir si est\u00e1 a favor o en contra. Es muy dif\u00edcil oponerse a un mutuo acuerdo, porque tienes que demostrar la causa que quite raz\u00f3n a los dos progenitores y que est\u00e1n de acuerdo en que las hijas vean a su progenitor. No es tan f\u00e1cil oponerse. Tienes que plantear argumentos para demostrar que eso no beneficia a los menores. No es f\u00e1cil oponerse al mutuo acuerdo. El recurso procesal tal y como est\u00e1 ahora, no es quiz\u00e1 el m\u00e1s adecuado\u00bb, se\u00f1ala la fiscal.<\/p>\n<h3 style=\"text-align: justify;\">\u00bfPudo el juicio ser un factor de riesgo?<\/h3>\n<p style=\"text-align: justify;\">\u00abEl momento de riesgo fundamental es el de la denuncia. Por eso, ah\u00ed se estableci\u00f3 una prohibici\u00f3n del r\u00e9gimen de visitas. El hecho de que sea citado el individuo al juicio y que tenga que enfrentarse a una responsabilidad penal, puede tener m\u00e1s o menos peso y podr\u00eda ser un factor de riesgo\u00bb, dice Peramato.<\/p>\n<h3 style=\"text-align: justify;\">Interior ha informado a m\u00e1s de 10.000 mujeres de que sus parejas tienen antecedentes por malos tratos<\/h3>\n<p style=\"text-align: justify;\">\u00abLa Fiscal\u00eda no dijo c\u00f3mo ten\u00eda que proteger a las v\u00edctimas a Interior. Le dijimos al ministro que, tomando las garant\u00edas necesarias y teniendo en cuenta el riesgo, s\u00ed pod\u00edan comunicar a las mujeres si sus parejas ten\u00edan antecedentes, sin vulnerar la privacidad. Me parece una actuaci\u00f3n muy importante de la polic\u00eda que, en el momento en el que una mujer vaya a denunciar a su pareja, se le informe que la pareja ha tenido esos comportamientos con otras mujeres, esos antecedentes. Obviamente, las mujeres pueden tomar las decisiones libremente que crean oportunas. Tenemos agresores reiterantes. En los feminicidas del a\u00f1o pasado, hab\u00eda seis que ten\u00edan antecedentes. Cualquier medida que se le d\u00e9 a una mujer para tomar medidas de protecci\u00f3n, me parece bien\u00bb, sentencia la fiscal.<\/p>\n<p><strong>CADENA SER HORA 25<\/strong><\/p>\n<p>https:\/\/cadenaser.com\/nacional\/2024\/03\/18\/teresa-peramato-fiscal-de-sala-delegada-de-violencia-contra-la-mujer-hay-que-reconsiderar-si-se-acepta-el-mutuo-acuerdo-como-esta-ahora-cadena-ser\/?sma=newsEditorialSER_generico20240319<\/p>\n<p>FOTO: https:\/\/www.telecinco.es\/noticias\/sociedad\/20240319\/crimen-vicario-almeria-padre-mata-hijas-regimen-visitas_18_012007004.html<\/p>\n","protected":false},"excerpt":{"rendered":"<p>La fiscal plantea la idoneidad de que funcione el mutuo acuerdo en procedimientos civiles de&#8230;<\/p>\n","protected":false},"author":1,"featured_media":68129,"comment_status":"closed","ping_status":"closed","sticky":false,"template":"","format":"standard","meta":{"_coblocks_attr":"","_coblocks_dimensions":"","_coblocks_responsive_height":"","_coblocks_accordion_ie_support":"","jetpack_post_was_ever_published":false,"_jetpack_newsletter_access":"","_jetpack_dont_email_post_to_subs":false,"_jetpack_newsletter_tier_id":0,"_jetpack_memberships_contains_paywalled_content":false,"_jetpack_memberships_contains_paid_content":false,"footnotes":"","jetpack_publicize_message":"","jetpack_publicize_feature_enabled":true,"jetpack_social_post_already_shared":true,"jetpack_social_options":{"image_generator_settings":{"template":"highway","default_image_id":0,"enabled":false},"version":2}},"categories":[14,44,6937],"tags":[],"class_list":["post-68128","post","type-post","status-publish","format-standard","has-post-thumbnail","hentry","category-feminismo","category-noticias-de-hoy","category-sociedad"],"jetpack_publicize_connections":[],"jetpack_featured_media_url":"https:\/\/i0.wp.com\/miradordeatarfe.es\/wp-content\/uploads\/2024\/03\/todos-los-detalles-del-presunto-asesinato-vicario-en-almeria_91b2.webp?fit=1200%2C675&ssl=1","jetpack_likes_enabled":true,"jetpack_sharing_enabled":true,"_links":{"self":[{"href":"https:\/\/miradordeatarfe.es\/index.php?rest_route=\/wp\/v2\/posts\/68128","targetHints":{"allow":["GET"]}}],"collection":[{"href":"https:\/\/miradordeatarfe.es\/index.php?rest_route=\/wp\/v2\/posts"}],"about":[{"href":"https:\/\/miradordeatarfe.es\/index.php?rest_route=\/wp\/v2\/types\/post"}],"author":[{"embeddable":true,"href":"https:\/\/miradordeatarfe.es\/index.php?rest_route=\/wp\/v2\/users\/1"}],"replies":[{"embeddable":true,"href":"https:\/\/miradordeatarfe.es\/index.php?rest_route=%2Fwp%2Fv2%2Fcomments&post=68128"}],"version-history":[{"count":1,"href":"https:\/\/miradordeatarfe.es\/index.php?rest_route=\/wp\/v2\/posts\/68128\/revisions"}],"predecessor-version":[{"id":68130,"href":"https:\/\/miradordeatarfe.es\/index.php?rest_route=\/wp\/v2\/posts\/68128\/revisions\/68130"}],"wp:featuredmedia":[{"embeddable":true,"href":"https:\/\/miradordeatarfe.es\/index.php?rest_route=\/wp\/v2\/media\/68129"}],"wp:attachment":[{"href":"https:\/\/miradordeatarfe.es\/index.php?rest_route=%2Fwp%2Fv2%2Fmedia&parent=68128"}],"wp:term":[{"taxonomy":"category","embeddable":true,"href":"https:\/\/miradordeatarfe.es\/index.php?rest_route=%2Fwp%2Fv2%2Fcategories&post=68128"},{"taxonomy":"post_tag","embeddable":true,"href":"https:\/\/miradordeatarfe.es\/index.php?rest_route=%2Fwp%2Fv2%2Ftags&post=68128"}],"curies":[{"name":"wp","href":"https:\/\/api.w.org\/{rel}","templated":true}]}}