{"id":68131,"date":"2024-03-24T08:03:35","date_gmt":"2024-03-24T07:03:35","guid":{"rendered":"https:\/\/miradordeatarfe.es\/?p=68131"},"modified":"2024-03-23T12:07:10","modified_gmt":"2024-03-23T11:07:10","slug":"falta-de-cultura-democratica","status":"publish","type":"post","link":"https:\/\/miradordeatarfe.es\/?p=68131","title":{"rendered":"FALTA DE CULTURA DEMOCR\u00c1TICA"},"content":{"rendered":"<h3 style=\"text-align: justify;\">Empieza una nueva semana con muy pocas esperanzas de que el lodazal en el que se sumergi\u00f3 la pol\u00edtica la semana pasada haya desaparecido.<\/h3>\n<p style=\"text-align: justify;\">Han saltado por los aires todas las reglas pol\u00edticas y democr\u00e1ticas a las que est\u00e1bamos acostumbrados. Las normas del decoro institucional, la m\u00ednima educaci\u00f3n en el <a href=\"http:\/\/t.newsletter.cadenaser.com\/r\/?id=h85ffefb3,c65fd9c,4cd96ba\" target=\"_blank\" rel=\"noopener\" data-saferedirecturl=\"https:\/\/www.google.com\/url?q=http:\/\/t.newsletter.cadenaser.com\/r\/?id%3Dh85ffefb3,c65fd9c,4cd96ba&amp;source=gmail&amp;ust=1711269964011000&amp;usg=AOvVaw0OH9ffLnnfIu8N6hnR_JZu\">debate <\/a>parlamentario, ausente de los \u00faltimos plenos, donde solo se arrojan unos a otros las miserias del contrincante con un tono\u00a0ni siquiera tabernario, porque en muchas tabernas el nivel de la conversaci\u00f3n acostumbra a ser m\u00e1s sosegado e interesante.<\/p>\n<p style=\"text-align: justify;\">Se han dinamitando tambi\u00e9n las reglas de las relaciones entre pol\u00edticos y periodistas. Pol\u00edticos y pseudopol\u00edticos, vestidos de matones, amenazando con cerrar medios y <a href=\"http:\/\/t.newsletter.cadenaser.com\/r\/?id=h85ffefb3,c65fd9c,4cd96bb\" target=\"_blank\" rel=\"noopener\" data-saferedirecturl=\"https:\/\/www.google.com\/url?q=http:\/\/t.newsletter.cadenaser.com\/r\/?id%3Dh85ffefb3,c65fd9c,4cd96bb&amp;source=gmail&amp;ust=1711269964011000&amp;usg=AOvVaw3QmJgeiNhpNiwwm5TcfJAL\">se\u00f1alando a\u00a0periodistas<\/a> que cuentan las verdades que no les gustan y que quieren ignorar, porque para ello ya est\u00e1n sus mentiras, sus hechos alternativos que no aguantan el m\u00ednimo filtro. Las redes sociales convertidas en la plaza p\u00fablica donde desde los despachos de importantes instituciones se amenaza a algunos periodistas con nombre y apellidos y a grupos medi\u00e1ticos que no creen en las mentiras que ellos propagan.<\/p>\n<p style=\"text-align: justify;\">Y en el origen de todo est\u00e1 la falta de cultura democr\u00e1tica de un partido que nunca aceptar\u00e1 la legitimidad del contrario cuando \u00e9ste gobierna, que nunca ejercer\u00e1 su labor de oposici\u00f3n, imprescindible para fiscalizar al ejecutivo, que nunca plantea cu\u00e1l es su propuesta de pa\u00eds porque en lo que est\u00e1 es en el derribo constante y en negar la colaboraci\u00f3n para lo imprescindible, y esto contamina todo el debate.<\/p>\n<p style=\"text-align: justify;\">\u00c0ngels Barcel\u00f3<\/p>\n<p>CADENA SER<\/p>\n<p>FOTO: J<span class=\"a_m_m\">avier Liz\u00f3n (EFE)<\/span><\/p>\n","protected":false},"excerpt":{"rendered":"<p>Empieza una nueva semana con muy pocas esperanzas de que el lodazal en el que&#8230;<\/p>\n","protected":false},"author":1,"featured_media":0,"comment_status":"closed","ping_status":"closed","sticky":false,"template":"","format":"standard","meta":{"_coblocks_attr":"","_coblocks_dimensions":"","_coblocks_responsive_height":"","_coblocks_accordion_ie_support":"","jetpack_post_was_ever_published":false,"_jetpack_newsletter_access":"","_jetpack_dont_email_post_to_subs":false,"_jetpack_newsletter_tier_id":0,"_jetpack_memberships_contains_paywalled_content":false,"_jetpack_memberships_contains_paid_content":false,"footnotes":"","jetpack_publicize_message":"","jetpack_publicize_feature_enabled":true,"jetpack_social_post_already_shared":true,"jetpack_social_options":{"image_generator_settings":{"template":"highway","default_image_id":0,"enabled":false},"version":2}},"categories":[1161,44,7671],"tags":[],"class_list":["post-68131","post","type-post","status-publish","format-standard","hentry","category-ciudadania","category-noticias-de-hoy","category-politica"],"jetpack_publicize_connections":[],"jetpack_featured_media_url":"","jetpack_likes_enabled":true,"jetpack_sharing_enabled":true,"_links":{"self":[{"href":"https:\/\/miradordeatarfe.es\/index.php?rest_route=\/wp\/v2\/posts\/68131","targetHints":{"allow":["GET"]}}],"collection":[{"href":"https:\/\/miradordeatarfe.es\/index.php?rest_route=\/wp\/v2\/posts"}],"about":[{"href":"https:\/\/miradordeatarfe.es\/index.php?rest_route=\/wp\/v2\/types\/post"}],"author":[{"embeddable":true,"href":"https:\/\/miradordeatarfe.es\/index.php?rest_route=\/wp\/v2\/users\/1"}],"replies":[{"embeddable":true,"href":"https:\/\/miradordeatarfe.es\/index.php?rest_route=%2Fwp%2Fv2%2Fcomments&post=68131"}],"version-history":[{"count":1,"href":"https:\/\/miradordeatarfe.es\/index.php?rest_route=\/wp\/v2\/posts\/68131\/revisions"}],"predecessor-version":[{"id":68132,"href":"https:\/\/miradordeatarfe.es\/index.php?rest_route=\/wp\/v2\/posts\/68131\/revisions\/68132"}],"wp:attachment":[{"href":"https:\/\/miradordeatarfe.es\/index.php?rest_route=%2Fwp%2Fv2%2Fmedia&parent=68131"}],"wp:term":[{"taxonomy":"category","embeddable":true,"href":"https:\/\/miradordeatarfe.es\/index.php?rest_route=%2Fwp%2Fv2%2Fcategories&post=68131"},{"taxonomy":"post_tag","embeddable":true,"href":"https:\/\/miradordeatarfe.es\/index.php?rest_route=%2Fwp%2Fv2%2Ftags&post=68131"}],"curies":[{"name":"wp","href":"https:\/\/api.w.org\/{rel}","templated":true}]}}