{"id":68138,"date":"2024-03-28T09:19:01","date_gmt":"2024-03-28T08:19:01","guid":{"rendered":"https:\/\/miradordeatarfe.es\/?p=68138"},"modified":"2024-03-24T16:58:07","modified_gmt":"2024-03-24T15:58:07","slug":"el-hombre-que-llena-bibliotecas-con-libros-salvados-de-la-basura","status":"publish","type":"post","link":"https:\/\/miradordeatarfe.es\/?p=68138","title":{"rendered":"El hombre que llena bibliotecas con libros salvados de la basura"},"content":{"rendered":"<h3 style=\"text-align: justify;\">Jos\u00e9 Alberto Guti\u00e9rrez ha nutrido m\u00e1s de 450 lugares con libros recatados de los desechos<\/h3>\n<div class=\"paragraph\" style=\"text-align: justify;\">El d\u00eda que llene a Colombia de libros, me sentir\u00e9 como Ulises cuando rescat\u00f3 a Pen\u00e9lope y salvo a \u00cdtaca de la guerra\u201d, exclama con aires de estoicismo, Jos\u00e9 Alberto Guti\u00e9rrez, un hombre de 55 a\u00f1os que desde hace dos d\u00e9cadas se ha encargado de nutrir -con textos rescatados de la basura- m\u00e1s de 450 bibliotecas, escuelas y centros de lectura alrededor de Colombia.<\/div>\n<div class=\"c-ctawhatsapp\" style=\"text-align: justify;\">\u00a0<\/div>\n<div class=\"paragraph\" style=\"text-align: justify;\">La historia del \u2018Se\u00f1or de los Libros\u2019, como es conocido por sus vecinos en el barrio La Nueva Gloria, un sector popular construido sobre las monta\u00f1as surorientales de Bogot\u00e1, <b>comenz\u00f3 con los cuentos infantiles que le le\u00eda a diario su mam\u00e1 para sopesar las penurias econ\u00f3micas que en aquel momento los afectaban.<\/b><\/div>\n<blockquote class=\"c-phrase\">\n<p class=\"c-phrase__text\">El d\u00eda que llene a Colombia de libros, me sentir\u00e9 como Ulises cuando rescat\u00f3 a Pen\u00e9lope y salvo a \u00cdtaca de la guerra<\/p>\n<nav class=\"c-phrase__share\"><\/nav>\n<\/blockquote>\n<div class=\"paragraph\" style=\"text-align: justify;\">\u201cEsos cuentos me embellecieron el mundo\u201d, afirma Jos\u00e9, mientras levanta sus brazos para buscar, en una atestada columna de libros, una copia de La pobre Viejecita, un relato infantil escrito hace m\u00e1s dos siglos por\u00a0 Rafael Pombo.<\/div>\n<div class=\"paragraph\" style=\"text-align: justify;\"><b>A lo largo de dos d\u00e9cadas, los textos que ha recogido de la basura bogotana el &#8216;Se\u00f1or de los Libros&#8217;, han servido para que m\u00e1s de 22 mil colombianos de diferentes zonas del pa\u00eds, <\/b>principalmente rurales, comenzaran a imaginar su entorno de una forma diferente.\u00a0<\/div>\n<div class=\"paragraph\" style=\"text-align: justify;\">Adentrarse a su casa es sumergirse\u00a0 un laberinto de miles de libros arrumados a lo largo de aproximadamente quince metros cuadrados. Una edici\u00f3n de Ana Karenina, de Leon Tostoy, publicada en 1967, irrumpe en nuestro paso: <b>\u201cEse fue el primer libro que me encontr\u00e9 en la basura, hace ya 21 a\u00f1os\u201d, advierte.<\/b><\/div>\n<div class=\"paragraph\" style=\"text-align: justify;\">\u00a0<\/div>\n<div class=\"paragraph\" style=\"text-align: justify;\">El ejemplar comparte espacio, en el mismo tumulto de libros, con cl\u00e1sicos de la literatura como Lo Que el Viento Se Llev\u00f3, de Margaret Mitchell, una edici\u00f3n en ingl\u00e9s de El principito, de Antoine de Saint-Exup\u00e9ry, una copia de Siddhartha, de Hermann Hesse y una colecci\u00f3n de obras de Miguel de Cervantes Saavedra.<\/div>\n<div class=\"paragraph\" style=\"text-align: justify;\"><b>Los libros comenzaron a llegar de forma intempestiva a finales del 1997. <\/b>Jos\u00e9 hab\u00eda empezado su trabajo como conductor en la antigua empresa de Limpieza Metropolitana de Bogot\u00e1 (Lime) y fue en esa ruta por el occidente de la ciudad, la que transitaba todas las noches, donde el brillo de los libros depositados en la basura nubl\u00f3 su vista.<\/div>\n<div class=\"paragraph\" style=\"text-align: justify;\"><b>Desde aquel momento, han sido m\u00e1s de cincuenta mil los ejemplares de ciencia, literatura, emprendimiento, medicina, entre otros, los que el \u2018Se\u00f1or de los Libros\u2019<\/b> ha recuperado de los desechos y posteriormente repartido a un centenar centros comunitarios y escuelas rurales alrededor del pa\u00eds. Territorios que, debido a las dificultades, no pensaron que su sue\u00f1o de tener alg\u00fan d\u00eda una biblioteca, pudiera ser posible.<\/div>\n<figure class=\"c-detail__media\" style=\"text-align: justify;\">\n<div class=\"c-detail__media__thumb\"><img data-recalc-dims=\"1\" loading=\"lazy\" decoding=\"async\" class=\"alignleft\" src=\"https:\/\/i0.wp.com\/imagenes.eltiempo.com\/files\/image_652_366\/uploads\/2018\/06\/15\/5b2433f6df40f.jpeg?resize=518%2C291&#038;ssl=1\" alt=\"Jos\u00e9 ha dedicado su vida a recuperar los libros que han sido desechados en la basura con el prop\u00f3sito de que estos sean reutilizados en centros de lectura\" width=\"518\" height=\"291\" data-full-src=\"https:\/\/imagenes.eltiempo.com\/uploads\/2018\/06\/15\/5b2433f6df40f.jpeg\" \/><\/div><figcaption class=\"c-detail__media__txt\">\n<p class=\"c-detail__media__subtitle\"><em>Jos\u00e9 ha dedicado su vida a recuperar los libros que han sido desechados en la basura con el prop\u00f3sito de que estos sean reutilizados en centros de lectura<\/em><\/p>\n<p class=\"c-detail__media__credit\"><em><span class=\"c-detail__media__credit__icon\">Foto:<\/span><span class=\"c-detail__media__author\">C\u00e9sar Melgarejo<\/span><\/em><\/p>\n<\/figcaption><\/figure>\n<div class=\"paragraph\" style=\"text-align: justify;\">\u201cA d\u00f3nde voy siempre hay alguien necesitando un relato, un cuento&#8230; La lectura crea mundos maravillos\u201d, afirma Jos\u00e9 mientras camina por un estrecho pasillo atestado de libros.<\/div>\n<div class=\"paragraph\" style=\"text-align: justify;\">Posteriormente, selecciona un ejemplar de la Odisea, de Homero, y prosigue:<\/div>\n<div class=\"paragraph\" style=\"text-align: justify;\">\u201cCuando a mis trece a\u00f1os le\u00ed por primera vez esta novela, sent\u00ed que yo tambi\u00e9n pod\u00eda convertirme en un h\u00e9roe. Este texto me ayud\u00f3 a cambiar mi vida y a creer que pod\u00eda seguir adelante a pesar de tantas dificultades\u201d.<\/div>\n<blockquote class=\"c-phrase\">\n<p class=\"c-phrase__text\">A d\u00f3nde voy siempre hay alguien necesitando un relato, un cuento&#8230; La lectura crea mundos maravillos<\/p>\n<nav class=\"c-phrase__share\"><\/nav>\n<\/blockquote>\n<h3 style=\"text-align: justify;\">\nLa Fuerza de las Palabras<\/h3>\n<div class=\"paragraph\" style=\"text-align: justify;\">La primera biblioteca en la casa de los Guti\u00e9rrez se levant\u00f3 con r\u00fasticos estantes de madera, carteles educativos y un dibujo del Nobel de Literatura, Gabriel Garc\u00eda M\u00e1rquez, pegado sobre una de las paredes pintadas en tonos pastel.<\/div>\n<div class=\"paragraph\" style=\"text-align: justify;\">En aquel momento, Luz Mary Guti\u00e9rrez, esposa de Jos\u00e9, dej\u00f3 las m\u00e1quinas de coser de su taller de modister\u00eda para volverse bibliotecaria, y en compa\u00f1\u00eda de su hijos, ayudar a coordinar el espacio que funcion\u00f3 durante 16 a\u00f1os como centro de aprendizaje para cientos de ni\u00f1os del sur de Bogot\u00e1, una zona vulnerable de la ciudad.<\/div>\n<blockquote class=\"c-phrase\">\n<p class=\"c-phrase__text\">La mejor herencia que le podemos dejar a un ni\u00f1o siempre ser\u00e1 la educaci\u00f3n<\/p>\n<nav class=\"c-phrase__share\"><\/nav>\n<\/blockquote>\n<div class=\"paragraph\" style=\"text-align: justify;\">\u201cLa mejor herencia que le podemos dejar a un ni\u00f1o siempre ser\u00e1 la educaci\u00f3n\u201d, asegura Jos\u00e9, y <b>agrega que gracias a la fundaci\u00f3n, todos los 70 compa\u00f1eros de colegio de de su hija, que asist\u00edan diariamente a La Fuerza de las Palabras, asistieron a la universidad.<\/b><\/div>\n<div class=\"paragraph\" style=\"text-align: justify;\">\u00a0<\/div>\n<div class=\"paragraph\" style=\"text-align: justify;\">El dato es sorpresivo si se entiende que seg\u00fan cifras del Ministerio de Educaci\u00f3n Nacional, cada a\u00f1o, solo cuatro de cada diez j\u00f3venes que culminan sus estudios secundarios en Colombia, logra acceder a la universidad. El porcentaje se reduce a\u00fan m\u00e1s en territorios afectados por diferentes problem\u00e1ticas sociales como el barrio La Nueva Gloria.<\/div>\n<div class=\"paragraph\" style=\"text-align: justify;\">Jos\u00e9 interrumpe la conversaci\u00f3n para entregar a Dilan, un chico de diez a\u00f1os que arriba desde hace varias semanas a la casa en compa\u00f1\u00eda de sus amigos buscando libros gratuitos, varias colecciones de cuentos infantiles.<\/div>\n<div class=\"paragraph\" style=\"text-align: justify;\"><b>\u201cLeer es genial. A mi fascina este lugar porque puedo encontrar libros sobre todos los temas. Siempre que tengo una tarea de la escuela procuro venir para buscar textos que leer. Me ayudan mucho<\/b>\u201d, confiesa Dilan con una sonrisa t\u00edmida en su rostro. A la semana siguiente espera volver por m\u00e1s ejemplares y con m\u00e1s amigos.<\/div>\n<figure class=\"c-detail__media\" style=\"text-align: justify;\">\n<div class=\"c-detail__media__thumb\"><img data-recalc-dims=\"1\" loading=\"lazy\" decoding=\"async\" class=\"alignright\" src=\"https:\/\/i0.wp.com\/imagenes.eltiempo.com\/files\/image_652_366\/uploads\/2018\/06\/15\/5b2434ac35c3b.jpeg?resize=640%2C359&#038;ssl=1\" alt=\"A finales del 2017 la fundaci\u00f3n mand\u00f3 por avi\u00f3n cinco cajas repletas de libros a la comunidad ind\u00edgena Huitotacueiman\u00ed, ubicada en el municipio La Chorrera, en Caquet\u00e1.\" width=\"640\" height=\"359\" data-full-src=\"https:\/\/imagenes.eltiempo.com\/uploads\/2018\/06\/15\/5b2434ac35c3b.jpeg\" \/><\/div><figcaption class=\"c-detail__media__txt\">\n<p class=\"c-detail__media__subtitle\"><em>A finales del 2017 la fundaci\u00f3n mand\u00f3 por avi\u00f3n cinco cajas repletas de libros a la comunidad ind\u00edgena Huitotacueiman\u00ed, ubicada en el municipio La Chorrera, en Caquet\u00e1.<\/em><\/p>\n<p class=\"c-detail__media__credit\"><em><span class=\"c-detail__media__credit__icon\">Foto:<\/span><span class=\"c-detail__media__author\">C\u00e9sar Melgarejo<\/span><\/em><\/p>\n<\/figcaption><\/figure>\n<div class=\"paragraph\" style=\"text-align: justify;\"><b>Desde el 2008, La Fuerza de las Palabras, como denomin\u00f3 la familia Guti\u00e9rrez a la fundaci\u00f3n, se convirti\u00f3 en el lugar de encuentro de al menos setenta ni\u00f1os y adolescentes que iban a diario en b\u00fasqueda de libros de literatura, ciencia o medicina para resolver sus tareas escolares.<\/b>Voluntarios de diferentes ciudades de Colombia y pa\u00edses como Francia, Dinamarca, Corea e Inglaterra, tambi\u00e9n arribaron a la casa de Jos\u00e9 con el prop\u00f3sito de colaborar en la realizaci\u00f3n de talleres redacci\u00f3n, clubes lectura cr\u00edtica, entre otros.<\/div>\n<div class=\"paragraph\" style=\"text-align: justify;\">Hace dos a\u00f1os, debido a que los libros se apoderaron de los pasillos y del espacio para mesas, sillas y estantes, los Guti\u00e9rrez decidieron cerrar su peque\u00f1a biblioteca para inundar con textos otros centros de lectura alrededor del pa\u00eds.<\/div>\n<div class=\"paragraph\" style=\"text-align: justify;\">El m\u00e9todo de operaci\u00f3n de La Fuerza de las Palabras es el siguiente: primero, la fundaci\u00f3n recibe una llamada de alguien, en cualquier lugar del pa\u00eds, que est\u00e1 en b\u00fasqueda de donar libros o de que se los regalen. Luego, si los textos van para una biblioteca o escuela, los Guti\u00e9rrez realizan la selecci\u00f3n de los ejemplares infantiles, cient\u00edficos o literarios que ser\u00e1n de mayor provecho para los destinatarios finales. Posteriormente, dependiendo de la distancia, la organizaci\u00f3n transporta los textos en su veh\u00edculo hasta el lugar de destino o busca de forma impetuosa la manera de patrocinar el env\u00edo. <b>As\u00ed han llegado a m\u00e1s de 450 territorios en el pa\u00eds.<\/b><\/div>\n<div class=\"paragraph\" style=\"text-align: justify;\"><b>A finales del 2017, la fundaci\u00f3n mand\u00f3 por avi\u00f3n cinco cajas repletas de libros a la comunidad ind\u00edgena Huitotacueiman\u00ed, ubicada en el municipio La Chorrera, una zona selv\u00e1tica y ribere\u00f1a en el departamento del Caquet\u00e1, sur de Colombia.<\/b> D\u00edas despu\u00e9s, uno de los l\u00edderes de ese territorio le respondi\u00f3 con un video en el que asegura que todos los pueblos ind\u00edgenas de esa regi\u00f3n esperan al \u2018Se\u00f1or de los libros\u2019 con los brazos abiertos y muchos m\u00e1s textos.<\/div>\n<div class=\"paragraph\" style=\"text-align: justify;\">En diez a\u00f1os, sin ning\u00fan apoyo del Gobierno colombiano, La Fuerza de Palabras envi\u00f3 ocho toneladas de textos a una fundaci\u00f3n en el puerto de Buenaventura, transport\u00f3 casi la misma cantidad de ejemplares a los alejados territorios de Riosucio en el departamento del Choc\u00f3\u00a0 y al municipio de La Macarena, en el Meta. Tambi\u00e9n arrib\u00f3 con costales cargados de relatos a varios sectores rurales de los departamentos del Huila, Cundinamarca y Boyac\u00e1.<\/div>\n<div class=\"paragraph\" style=\"text-align: justify;\"><b>Gracias a su trabajo, Jos\u00e9 ha sido invitado a participar dos veces en la Feria del Libro de Guadalajara, en M\u00e9xico, y en mayo pasado asisti\u00f3 a un congreso de bibliotecarios en Austria.<\/b><\/div>\n<figure class=\"c-detail__media\" style=\"text-align: justify;\">\n<div class=\"c-detail__media__thumb\"><img data-recalc-dims=\"1\" loading=\"lazy\" decoding=\"async\" class=\"alignleft\" src=\"https:\/\/i0.wp.com\/imagenes.eltiempo.com\/files\/image_652_366\/uploads\/2018\/06\/15\/5b24357c33495.jpeg?resize=640%2C359&#038;ssl=1\" alt=\"El \u2018Se\u00f1or de los libros\u2019 tambi\u00e9n hizo llegar hasta la zona de tr\u00e1nsito a la vida civil de un grupo de excombatientes de las Farc, decenas de ejemplares de nobeles de literatura como el colombiano Gabriel Garc\u00eda M\u00e1rquez, o el peruano Mario Vargas Llosa.\" width=\"640\" height=\"359\" data-full-src=\"https:\/\/imagenes.eltiempo.com\/uploads\/2018\/06\/15\/5b24357c33495.jpeg\" \/><\/div><figcaption class=\"c-detail__media__txt\">\n<p class=\"c-detail__media__subtitle\"><em>El \u2018Se\u00f1or de los libros\u2019 tambi\u00e9n hizo llegar hasta la zona de tr\u00e1nsito a la vida civil de un grupo de excombatientes de las Farc, decenas de ejemplares de nobeles de literatura como el colombiano Gabriel Garc\u00eda M\u00e1rquez, o el peruano Mario Vargas Llosa.<\/em><\/p>\n<p class=\"c-detail__media__credit\"><em><span class=\"c-detail__media__credit__icon\">Foto:<\/span><span class=\"c-detail__media__author\">C\u00e9sar Melgarejo<\/span><\/em><\/p>\n<\/figcaption><\/figure>\n<h3 style=\"text-align: justify;\">La lectura como s\u00edmbolo de esperanza<\/h3>\n<div class=\"paragraph\" style=\"text-align: justify;\">\u00abLa lectura es el s\u00edmbolo de la paz y de la esperanza en nuestro pa\u00eds. Si a m\u00ed un libro me cambi\u00f3 la vida, imag\u00ednese el impacto de un texto en uno de esos lugares que ha sido v\u00edctima del conflicto armado y del olvido del Estado\u201d, se\u00f1ala Jos\u00e9.<\/div>\n<blockquote class=\"c-phrase\">\n<p class=\"c-phrase__text\">Si a m\u00ed un libro me cambi\u00f3 la vida, imag\u00ednese el impacto de un texto en uno de esos lugares que ha sido v\u00edctima del conflicto armado y del olvido del Estado<\/p>\n<nav class=\"c-phrase__share\"><\/nav>\n<\/blockquote>\n<div class=\"paragraph\" style=\"text-align: justify;\">El a\u00f1o pasado, un grupo de excombatientes de las Farc, recibieron de parte del Se\u00f1or de los Libros, en su zona de tr\u00e1nsito a la vida civil ubicada en la poblaci\u00f3n de Icononzo, en el oriente del departamento Tolima, decenas de ejemplares de nobeles de literatura como el colombiano Gabriel Garc\u00eda M\u00e1rquez, o el peruano Mario Vargas Llosa.<\/div>\n<div class=\"paragraph\" style=\"text-align: justify;\">De acuerdo con Jos\u00e9, la respuesta del grupo no pudo ser m\u00e1s positiva por su llegada: <b>\u201cMe dijeron que labores como esta son con las que verdaderamente se construye la paz de Colombia\u201d, <\/b>afirma.<\/div>\n<div class=\"paragraph\" style=\"text-align: justify;\">Como esa ya han sido varias las zonas de tr\u00e1nsito a la vida civil en el pa\u00eds las que le han solicitado a La Fuerza de las Palabras que vaya a sus regiones a inundar los espacios con libros<b>. Sin embargo, la falta de apoyo y los problemas log\u00edsticos para llegar estos territorios, lo han impedido.<\/b><\/div>\n<h3 style=\"text-align: justify;\">El sue\u00f1o de una biblioteca museo<\/h3>\n<div class=\"paragraph\" style=\"text-align: justify;\">Despu\u00e9s de dos d\u00e9cadas de trabajo, en febrero pasado, Jos\u00e9 fue despedido de la empresa Aguas de Bogot\u00e1, a la que dedic\u00f3 la mitad de su vida y gracias a la cual se convirti\u00f3 en el surtidor de libros de Colombia. Sin embargo, asegura, el universo ha seguido conspirando a favor del proyecto.<\/div>\n<div class=\"paragraph\" style=\"text-align: justify;\"><b>A mediados del a\u00f1o pasado, una empresa colombiana le don\u00f3 un lote a unas pocas cuadras de su casa, con el fin de que all\u00ed se construya la biblioteca museo con la que desde hace tanto tiempo han so\u00f1ado los Guti\u00e9rrez.<\/b><\/div>\n<div class=\"paragraph\" style=\"text-align: justify;\">Desde aquel momento, profesionales de la Universidad Piloto de Bogot\u00e1 le han ayudado al \u2018Se\u00f1or de los libros\u2019 en la elaboraci\u00f3n de los dise\u00f1os de la edificaci\u00f3n, la cual contar\u00eda en su s\u00f3tano con un taller de reciclaje, en el primer piso con un banco de libros, y en el segundo nivel, con un museo biblioteca.<\/div>\n<div class=\"paragraph\" style=\"text-align: justify;\"><b>\u201cLa Fuerza de las Palabras se convirti\u00f3 en mi proyecto de vida y el de mi familia. A\u00f1os son los que nos faltan\u201d,<\/b> afirma Jos\u00e9, mientras otra t\u00edmida sonrisa se escapa de su rostro.<\/div>\n<div class=\"paragraph\" style=\"text-align: justify;\">Seg\u00fan los c\u00e1lculos de la fundaci\u00f3n, para la construcci\u00f3n de la biblioteca museo ser\u00e1n necesarios 295 mil d\u00f3lares (800 millones de pesos), dineros que la familia no posee y que espera conseguir pronto.<\/div>\n<figure class=\"c-detail__media\" style=\"text-align: justify;\">\n<div class=\"c-detail__media__thumb\"><img data-recalc-dims=\"1\" loading=\"lazy\" decoding=\"async\" class=\"alignright\" src=\"https:\/\/i0.wp.com\/imagenes.eltiempo.com\/files\/image_652_366\/uploads\/2018\/06\/15\/5b2437a4bc65d.jpeg?resize=640%2C359&#038;ssl=1\" alt=\"En su camioneta, 'El Se\u00f1or de los Libros' ha transportado toneladas de textos a diferentes partes del pa\u00eds.\" width=\"640\" height=\"359\" data-full-src=\"https:\/\/imagenes.eltiempo.com\/uploads\/2018\/06\/15\/5b2437a4bc65d.jpeg\" \/><\/div><figcaption class=\"c-detail__media__txt\">\n<p class=\"c-detail__media__subtitle\">En su camioneta, &#8216;El Se\u00f1or de los Libros&#8217; ha transportado toneladas de textos a diferentes partes del pa\u00eds.<\/p>\n<p class=\"c-detail__media__credit\"><span class=\"c-detail__media__credit__icon\">Foto:<\/span><span class=\"c-detail__media__author\">C\u00e9sa<\/span><\/p>\n<\/figcaption><nav class=\"c-detail__media__thumb__share\">\n<p class=\"sr-only\">Compartir<\/p>\n<\/nav>\n<\/figure>\n<div class=\"paragraph\" style=\"text-align: justify;\"><b>Ideas como esta ayudan combatir los bajos niveles de lectura en el pa\u00eds, en comparaci\u00f3n con otros pa\u00edses de latinoam\u00e9rica<\/b>. De acuerdo con el Departamento Administrativo Nacional de Estad\u00edstica (DANE), en el \u00faltimo a\u00f1o, los colombianos de cinco a\u00f1os o m\u00e1s (lectores y no lectores) tan solo leyeron 2,9 libros en promedio. En pa\u00edses como Chile o Argentina, el conglomerado es superior a cinco textos por a\u00f1o.<\/div>\n<blockquote class=\"c-phrase\">\n<p class=\"c-phrase__text\">El mundo necesita de m\u00e1s acciones como esta, porque en un territorio donde no hay acceso a muchas cosas, un libro se convierte en el s\u00edmbolo de la esperanza<\/p>\n<nav class=\"c-phrase__share\"><\/nav>\n<\/blockquote>\n<div class=\"paragraph\" style=\"text-align: justify;\">\u201cEl mundo necesita de m\u00e1s acciones como esta, porque en un territorio donde no hay acceso a muchas cosas, un libro se convierte en el s\u00edmbolo de la esperanza\u201d, dice Jos\u00e9 Alberto, mientras caminamos hacia la puerta y me invita a llevarme algunos de los miles de libros que reposan en su casa. Luego agrega:<\/div>\n<div class=\"paragraph\" style=\"text-align: justify;\"><b>-Oiga, si los humanos nos trat\u00e1ramos como en muchos de los libros que me he le\u00eddo, a este planeta solo lo regir\u00eda el amor.<\/b><\/div>\n<div style=\"text-align: justify;\">\u00a0<\/div>\n<div class=\"paragraph\" style=\"text-align: justify;\">JULI\u00c1N VIVAS REDACTOR NACI\u00d3N<\/div>\n<p class=\"c-detail__media__credit\" style=\"text-align: justify;\"><strong><span class=\"c-detail__media__credit__icon\">Foto:<\/span><span class=\"c-detail__media__author\">C\u00e9sar Melgarejo <br \/>\n<\/span><\/strong><\/p>\n<p style=\"text-align: justify;\">https:\/\/www.eltiempo.com\/colombia\/otras-ciudades\/la-historia-del-hombre-que-llena-bibliotecas-con-libros-salvados-de-la-basura-231068#:~:text=El%20se%C3%B1or%20que%20rescata%20los,donarlos%20a%20bibliotecas%20de%20Colombia.<\/p>\n","protected":false},"excerpt":{"rendered":"<p>Jos\u00e9 Alberto Guti\u00e9rrez ha nutrido m\u00e1s de 450 lugares con libros recatados de los desechos&#8230;<\/p>\n","protected":false},"author":1,"featured_media":68139,"comment_status":"closed","ping_status":"closed","sticky":false,"template":"","format":"standard","meta":{"_coblocks_attr":"","_coblocks_dimensions":"","_coblocks_responsive_height":"","_coblocks_accordion_ie_support":"","jetpack_post_was_ever_published":false,"_jetpack_newsletter_access":"","_jetpack_dont_email_post_to_subs":false,"_jetpack_newsletter_tier_id":0,"_jetpack_memberships_contains_paywalled_content":false,"_jetpack_memberships_contains_paid_content":false,"footnotes":"","jetpack_publicize_message":"","jetpack_publicize_feature_enabled":true,"jetpack_social_post_already_shared":true,"jetpack_social_options":{"image_generator_settings":{"template":"highway","default_image_id":0,"enabled":false},"version":2}},"categories":[187,1161,44],"tags":[],"class_list":["post-68138","post","type-post","status-publish","format-standard","has-post-thumbnail","hentry","category-centros-educativos","category-ciudadania","category-noticias-de-hoy"],"jetpack_publicize_connections":[],"jetpack_featured_media_url":"https:\/\/i0.wp.com\/miradordeatarfe.es\/wp-content\/uploads\/2024\/03\/Screenshot-2024-03-23-at-12-22-39-El-hombre-que-llena-bibliotecas-con-libros-salvados-de-la-basura.png?fit=649%2C447&ssl=1","jetpack_likes_enabled":true,"jetpack_sharing_enabled":true,"_links":{"self":[{"href":"https:\/\/miradordeatarfe.es\/index.php?rest_route=\/wp\/v2\/posts\/68138","targetHints":{"allow":["GET"]}}],"collection":[{"href":"https:\/\/miradordeatarfe.es\/index.php?rest_route=\/wp\/v2\/posts"}],"about":[{"href":"https:\/\/miradordeatarfe.es\/index.php?rest_route=\/wp\/v2\/types\/post"}],"author":[{"embeddable":true,"href":"https:\/\/miradordeatarfe.es\/index.php?rest_route=\/wp\/v2\/users\/1"}],"replies":[{"embeddable":true,"href":"https:\/\/miradordeatarfe.es\/index.php?rest_route=%2Fwp%2Fv2%2Fcomments&post=68138"}],"version-history":[{"count":1,"href":"https:\/\/miradordeatarfe.es\/index.php?rest_route=\/wp\/v2\/posts\/68138\/revisions"}],"predecessor-version":[{"id":68140,"href":"https:\/\/miradordeatarfe.es\/index.php?rest_route=\/wp\/v2\/posts\/68138\/revisions\/68140"}],"wp:featuredmedia":[{"embeddable":true,"href":"https:\/\/miradordeatarfe.es\/index.php?rest_route=\/wp\/v2\/media\/68139"}],"wp:attachment":[{"href":"https:\/\/miradordeatarfe.es\/index.php?rest_route=%2Fwp%2Fv2%2Fmedia&parent=68138"}],"wp:term":[{"taxonomy":"category","embeddable":true,"href":"https:\/\/miradordeatarfe.es\/index.php?rest_route=%2Fwp%2Fv2%2Fcategories&post=68138"},{"taxonomy":"post_tag","embeddable":true,"href":"https:\/\/miradordeatarfe.es\/index.php?rest_route=%2Fwp%2Fv2%2Ftags&post=68138"}],"curies":[{"name":"wp","href":"https:\/\/api.w.org\/{rel}","templated":true}]}}