{"id":68141,"date":"2024-03-29T11:50:15","date_gmt":"2024-03-29T10:50:15","guid":{"rendered":"https:\/\/miradordeatarfe.es\/?p=68141"},"modified":"2024-03-26T11:29:16","modified_gmt":"2024-03-26T10:29:16","slug":"atarfe-deportivo-50-anos-de-futbol","status":"publish","type":"post","link":"https:\/\/miradordeatarfe.es\/?p=68141","title":{"rendered":"\u00abATARFE DEPORTIVO: 50 a\u00f1os de f\u00fatbol\u00bb por Miguel Garc\u00eda Rosillo"},"content":{"rendered":"<h3>MIGUEL G\u00aa ROSILLO ESCRIBI\u00d3 ESTE ARTICULO HACE UNOS A\u00d1OS Y FUE PUBLICADO EN EL LIBRO ATARFE EN PAPEL QUE REPRODUCIMOS HOY<\/h3>\n<p style=\"text-align: justify;\">El Atarfe Industrial es considerado como uno de los grandes del f\u00fatbol granadino. Su historia le avala, como asimismo su trayectoria deportiva, culminada con el ascenso a Tercera Divisi\u00f3n, en la temporada 79-80, categor\u00eda en la que permaneci\u00f3 en las temporadas 80-81 y 81-82, y que nunca debi\u00f3 dejar, pero quiz\u00e1 la inmadurez y el cambio de una categor\u00eda a otra produjeron ciertos problemas de adaptaci\u00f3n e inexperiencia, que condujeron al equipo al descenso.<\/p>\n<p style=\"text-align: justify;\">Despu\u00e9s la dej\u00f3 para estar en Regional Preferente, en donde se sigue manteniendo con algunos altibajos. La temporada 1989-90 tambi\u00e9n ha sido gloriosa para el equipo atarfe\u00f1o, en donde ha jugado la liguilla de ascenso a la Tercera Divisi\u00f3n, haciendo un papel mediocre en esta liguilla y dejando a la afici\u00f3n con la miel en los labios y con la frase que en estos casos se comenta y ya conocida de \u201cotra vez ser\u00e1\u201d.<\/p>\n<p style=\"text-align: justify;\">Aunque la Regional\u00a0 Preferente (categor\u00eda en la que actualmente milita el Atarfe) se ha revalorizado mucho en el transcurso de la \u00faltimas temporadas, la afici\u00f3n del Atarfe y Atarfe en general merece tener a su club en categor\u00eda nacional.<\/p>\n<p style=\"text-align: justify;\"><strong>Esta es brevemente la historia del f\u00fatbol atarfe\u00f1o.<\/strong><\/p>\n<p style=\"text-align: justify;\">En el a\u00f1o 1931, se funda con el nombre de Atarfe C.F., para ir cambiando de nombre varias veces, siempre en categor\u00eda regional. As\u00ed, los nombres del Deportivo Atarfe, Atarfe OJE, C.D. Atarfe, Cofrisur Atarfe y por ultimo adoptar su actual denominaci\u00f3n Atarfe Industrial, con el que actualmente lleva quince temporadas consecutivas, y con el que ha conseguido los mejores triunfos.<\/p>\n<p style=\"text-align: justify;\">Con el nombre de Atarfe Industrial, le asciende a Tercera Divisi\u00f3n en la temporada 79-80, siendo t\u00e9cnico del equipo atarfe\u00f1o Luis Raya y Jos\u00e9 Castro L\u00f3pez, presidente. La primera temporada en esta categor\u00eda fue de aut\u00e9ntica sorpresa para todos los aficionados por el buen papel desempe\u00f1ado. Pero cuando todo hac\u00eda presagiar que el a\u00f1o siguiente se afianzar\u00eda la categor\u00eda, el conjunto atarfe\u00f1o, tuvo una actuaci\u00f3n desafortunada y descendi\u00f3.<\/p>\n<p style=\"text-align: justify;\">A ra\u00edz de eso, los problemas empiezan a hacer su aparici\u00f3n, dimitiendo Luis Raya como t\u00e9cnico.\u00a0 Se hacen grandes fichajes, confeccion\u00e1ndose una gran plantilla, basta mencionar Argote, Larra\u00f1aga, Alberto Mart\u00ednez, etc., para retornar a la Tercera Divisi\u00f3n, y lo que es el f\u00fatbol, el Atarfe estuvo a punto de descender de nuevo, al ocupar la quinta posici\u00f3n por la cola. En las \u00faltimas temporadas, el Atarfe ha deambulado por la Regional Preferente, dando una de cal y otra de arena, aunque la ilusi\u00f3n de toda la afici\u00f3n nunca se ha cumplido, y esta es, ver de nuevo a su Atarfe en categor\u00eda nacional.<\/p>\n<p style=\"text-align: justify;\">En la larga historia de f\u00fatbol en Atarfe, han salido jugadores que han militado en categor\u00edas de Primera, Segunda y Tercera Divisi\u00f3n como son Gerardo, Santisteban, Zurita, Bar\u00f3n, Chico Aguilar y Campera.<\/p>\n<p style=\"text-align: justify;\">Est\u00e9 ultimo jugador merece una menci\u00f3n especial, ya que esta temporada que acaba de concluir ha militado en las filas granadinistas, estando en estos momentos en el punto de mira de un equipo de Primera Divisi\u00f3n y otro de Segunda.<\/p>\n<p style=\"text-align: justify;\"><a href=\"https:\/\/i0.wp.com\/miradordeatarfe.es\/wp-content\/uploads\/2024\/03\/Captura20240323124251.png?ssl=1\"><img data-recalc-dims=\"1\" loading=\"lazy\" decoding=\"async\" class=\"alignnone wp-image-68144 \" src=\"https:\/\/i0.wp.com\/miradordeatarfe.es\/wp-content\/uploads\/2024\/03\/Captura20240323124251.png?resize=640%2C473&#038;ssl=1\" alt=\"\" width=\"640\" height=\"473\" srcset=\"https:\/\/i0.wp.com\/miradordeatarfe.es\/wp-content\/uploads\/2024\/03\/Captura20240323124251.png?w=664&amp;ssl=1 664w, https:\/\/i0.wp.com\/miradordeatarfe.es\/wp-content\/uploads\/2024\/03\/Captura20240323124251.png?resize=300%2C222&amp;ssl=1 300w\" sizes=\"auto, (max-width: 640px) 100vw, 640px\" \/><\/a><\/p>\n<p style=\"text-align: justify;\">Tambi\u00e9n en \u00e9pocas muy anteriores hubo jugadores de mucha clase en el equipo atarfe\u00f1o como lo fueron Antonio D\u00edaz, Bail\u00f3n, Alberto, tres hombres que en la d\u00e9cada de los cuarenta fueron las figuras de aquellos tiempos. Otros buenos jugadores atarfe\u00f1os han sido Fidel, Pepe Luis, Luna, qu\u00e9 termin\u00f3 su carrera deportiva siendo jugador del Murcia tras pasar por el Barcelona.<\/p>\n<p style=\"text-align: justify;\">Desde esta l\u00edneas, toda la afici\u00f3n atarfe\u00f1a debemos hacer lo posible para que los colores verdiblancos, abran de nuevo la puerta grande del f\u00fatbol granadino, y Atarfe cuenta de nuevo con su equipo en Tercera Divisi\u00f3n.<\/p>\n<p style=\"text-align: justify;\">En la temporada 1989-90 tambi\u00e9n naci\u00f3 en Atarfe otro club llamado Atarfe CF, que ha conseguido el ascenso a Primera Regional. Tambi\u00e9n ya se prepara la puesta apunto de este equipo que estrena categor\u00eda. Se pens\u00f3 que fuesen s\u00f3lo atarfe\u00f1os los que compusieran sus filas, pero la junta directiva, con su presidente, Manuel M\u00e1rquez Moreno, ha cre\u00eddo conveniente reforzar el equipo con alguno que otro de fuera. Como hemos comentado, tarea dif\u00edcil tambi\u00e9n le espera al equipo del Atarfe CF en esta nueva categor\u00eda y aparte la tarea dif\u00edcil, suerte, que por supuesto nosotros le deseamos.<\/p>\n<p><strong>Art\u00edculo editado por Corporaci\u00f3n de Medios de Andaluc\u00eda y el Ayuntamiento de Atarfe, coordinado por Jos\u00e9 Enrique Granados y tiene por nombre \u00abAtarfe en el papel\u00bb<\/strong><\/p>\n","protected":false},"excerpt":{"rendered":"<p>MIGUEL G\u00aa ROSILLO ESCRIBI\u00d3 ESTE ARTICULO HACE UNOS A\u00d1OS Y FUE PUBLICADO EN EL LIBRO&#8230;<\/p>\n","protected":false},"author":1,"featured_media":68142,"comment_status":"closed","ping_status":"closed","sticky":false,"template":"","format":"standard","meta":{"_coblocks_attr":"","_coblocks_dimensions":"","_coblocks_responsive_height":"","_coblocks_accordion_ie_support":"","jetpack_post_was_ever_published":false,"_jetpack_newsletter_access":"","_jetpack_dont_email_post_to_subs":false,"_jetpack_newsletter_tier_id":0,"_jetpack_memberships_contains_paywalled_content":false,"_jetpack_memberships_contains_paid_content":false,"footnotes":"","jetpack_publicize_message":"","jetpack_publicize_feature_enabled":true,"jetpack_social_post_already_shared":true,"jetpack_social_options":{"image_generator_settings":{"template":"highway","default_image_id":0,"enabled":false},"version":2}},"categories":[2,186,44],"tags":[],"class_list":["post-68141","post","type-post","status-publish","format-standard","has-post-thumbnail","hentry","category-atarfe","category-instituciones","category-noticias-de-hoy"],"jetpack_publicize_connections":[],"jetpack_featured_media_url":"https:\/\/i0.wp.com\/miradordeatarfe.es\/wp-content\/uploads\/2024\/03\/Captura20240323124316.png?fit=668%2C482&ssl=1","jetpack_likes_enabled":true,"jetpack_sharing_enabled":true,"_links":{"self":[{"href":"https:\/\/miradordeatarfe.es\/index.php?rest_route=\/wp\/v2\/posts\/68141","targetHints":{"allow":["GET"]}}],"collection":[{"href":"https:\/\/miradordeatarfe.es\/index.php?rest_route=\/wp\/v2\/posts"}],"about":[{"href":"https:\/\/miradordeatarfe.es\/index.php?rest_route=\/wp\/v2\/types\/post"}],"author":[{"embeddable":true,"href":"https:\/\/miradordeatarfe.es\/index.php?rest_route=\/wp\/v2\/users\/1"}],"replies":[{"embeddable":true,"href":"https:\/\/miradordeatarfe.es\/index.php?rest_route=%2Fwp%2Fv2%2Fcomments&post=68141"}],"version-history":[{"count":5,"href":"https:\/\/miradordeatarfe.es\/index.php?rest_route=\/wp\/v2\/posts\/68141\/revisions"}],"predecessor-version":[{"id":68148,"href":"https:\/\/miradordeatarfe.es\/index.php?rest_route=\/wp\/v2\/posts\/68141\/revisions\/68148"}],"wp:featuredmedia":[{"embeddable":true,"href":"https:\/\/miradordeatarfe.es\/index.php?rest_route=\/wp\/v2\/media\/68142"}],"wp:attachment":[{"href":"https:\/\/miradordeatarfe.es\/index.php?rest_route=%2Fwp%2Fv2%2Fmedia&parent=68141"}],"wp:term":[{"taxonomy":"category","embeddable":true,"href":"https:\/\/miradordeatarfe.es\/index.php?rest_route=%2Fwp%2Fv2%2Fcategories&post=68141"},{"taxonomy":"post_tag","embeddable":true,"href":"https:\/\/miradordeatarfe.es\/index.php?rest_route=%2Fwp%2Fv2%2Ftags&post=68141"}],"curies":[{"name":"wp","href":"https:\/\/api.w.org\/{rel}","templated":true}]}}