{"id":68162,"date":"2024-03-26T09:24:58","date_gmt":"2024-03-26T08:24:58","guid":{"rendered":"https:\/\/miradordeatarfe.es\/?p=68162"},"modified":"2024-03-24T16:35:16","modified_gmt":"2024-03-24T15:35:16","slug":"una-alternativa-al-mercado-pisos-de-propiedad-colectiva-ni-de-compra-ni-de-alquiler","status":"publish","type":"post","link":"https:\/\/miradordeatarfe.es\/?p=68162","title":{"rendered":"Una alternativa al mercado: pisos de propiedad colectiva, ni de compra ni de alquiler"},"content":{"rendered":"<div class=\"a_e_txt _df\">\n<h3 class=\"a_st\" style=\"text-align: justify;\">Las cooperativas de vivienda en derecho de uso se extienden desde Catalu\u00f1a y suman 26 edificios terminados y 86 proyectos en toda Espa\u00f1a<\/h3>\n<\/div>\n<p class=\"\" style=\"text-align: justify;\">El lunes pasado, tomando caf\u00e9 en la cocina comunitaria del edificio La Chalmeta de Barcelona, Carlos Alberto Rodr\u00edguez celebraba vivir en una <a href=\"https:\/\/elpais.com\/elpais\/2019\/10\/28\/seres_urbanos\/1572274258_536647.html\" target=\"_blank\" rel=\"noopener\" data-link-track-dtm=\"\" data-mrf-link=\"https:\/\/elpais.com\/elpais\/2019\/10\/28\/seres_urbanos\/1572274258_536647.html\">cooperativa de vivienda en derecho de uso<\/a>: \u201cAparte de que en el mercado un alquiler cuesta el doble, no se tiene el v\u00ednculo con la casa que tenemos aqu\u00ed, te da una estabilidad a largo plazo que no tiene precio\u201d. A su lado, Antje Morawtze a\u00f1ad\u00eda: \u201cLo bueno es hacer comunidad, compartir, no tener sobresaltos econ\u00f3micos, y para los ni\u00f1os es fant\u00e1stico\u201d. Y Tomoko Sakamoto, nacida en Jap\u00f3n, suspiraba ante la idea de envejecer lejos de su pa\u00eds \u201cy no estar sola\u201d, aunque tiene familia aqu\u00ed y all\u00e1.<\/p>\n<p class=\"\" style=\"text-align: justify;\">En Espa\u00f1a son tan hegem\u00f3nicos los modelos tradicionales de <a href=\"https:\/\/elpais.com\/noticias\/mercado-inmobiliario\/\" target=\"_blank\" rel=\"noopener\" data-link-track-dtm=\"\" data-mrf-link=\"https:\/\/elpais.com\/noticias\/mercado-inmobiliario\/\">vivienda (libre o de protecci\u00f3n<\/a>, de compra o de alquiler), que explicar qu\u00e9 son las cooperativas de vivienda en derecho de uso es casi m\u00e1s f\u00e1cil se\u00f1alando qu\u00e9 no son: no son privadas ni p\u00fablicas, su propiedad es colectiva; y no son ni de compra ni de alquiler. Tambi\u00e9n se conoce como <a href=\"https:\/\/elpais.com\/espana\/comunidad-valenciana\/2022-04-02\/la-covivienda-gana-adeptos-con-sus-servicios-comunes-y-espacios-privados.html\" target=\"_blank\" rel=\"noopener\" data-link-track-dtm=\"\" data-mrf-link=\"https:\/\/elpais.com\/espana\/comunidad-valenciana\/2022-04-02\/la-covivienda-gana-adeptos-con-sus-servicios-comunes-y-espacios-privados.html\">covivienda <\/a>o <a href=\"https:\/\/cincodias.elpais.com\/cincodias\/2018\/07\/24\/companias\/1532437439_660459.html\" target=\"_blank\" rel=\"noopener\" data-link-track-dtm=\"\" data-mrf-link=\"https:\/\/cincodias.elpais.com\/cincodias\/2018\/07\/24\/companias\/1532437439_660459.html\"><i>cohousing<\/i> <\/a>y es una f\u00f3rmula de acceso a la vivienda que se inspira en pa\u00edses como Dinamarca o Uruguay, donde la propiedad de los edificios es de una cooperativa. Los socios pagan una cuota de entrada, para construir con financiaci\u00f3n de <a href=\"https:\/\/elpais.com\/noticias\/banca-etica\/\" target=\"_blank\" rel=\"noopener\" data-link-track-dtm=\"\" data-mrf-link=\"https:\/\/elpais.com\/noticias\/banca-etica\/\">banca \u00e9tica<\/a> (de entre 20.000 y 30.000 euros, en la mayor\u00eda de los casos); y otra mensual, por el uso de las viviendas (con un abanico que oscila entre 250 y 700 euros). Si un socio se marcha, la cooperativa le devuelve la cuota inicial, que aportar\u00e1 quien le reemplace.<\/p>\n<p class=\"\" style=\"text-align: justify;\">El suelo puede ser una cesi\u00f3n p\u00fablica de un Ayuntamiento (normalmente por 75 a\u00f1os), de manera que los pisos sean de protecci\u00f3n; o bien privado, propiedad de la cooperativa. Y los edificios destinan parte de su superficie a espacios comunitarios: salas de estancia o trabajo, una gran cocina, lavander\u00eda, huertos o incluso habitaciones por si tienen invitados.<\/p>\n<p class=\"\" style=\"text-align: justify;\"><a href=\"https:\/\/elpais.com\/diario\/2006\/12\/30\/catalunya\/1167444447_850215.html\" target=\"_blank\" rel=\"noopener\" data-link-track-dtm=\"\" data-mrf-link=\"https:\/\/elpais.com\/diario\/2006\/12\/30\/catalunya\/1167444447_850215.html\">Los pioneros del modelo son la cooperativa catalana Sostre C\u00edvic,<\/a> fundada hace 20 a\u00f1os. \u201cLa nuestra es una apuesta pol\u00edtica, de buscar alternativas a la vivienda de compra o alquiler, tomando las ventajas de cada uno de los modelos: la compra es para siempre y el alquiler m\u00e1s asequible. Hacemos vivienda para siempre y a precio de coste\u201d, explica el portavoz, Jos\u00e9 T\u00e9llez. En los \u00faltimos 20 a\u00f1os han promovido 12 edificios, ya habitados, y tienen otros 12 en alguna fase del proyecto (desde la constituci\u00f3n de la cooperativa, hasta las obras, pasando por localizar y tener el suelo). Catalu\u00f1a fue precursora: hay 23 edificios habitados y 40 en distintas fases de desarrollo. Suman 1.230 viviendas. En el resto de Espa\u00f1a son tres cooperativas habitadas y 46 en proyecto. En total, 26 cooperativas ya en convivencia y 86 en desarrollo en Navarra, Madrid, Asturias, Galicia, Valencia, Murcia y tambi\u00e9n Baleares y Canarias, seg\u00fan los datos recogidos por Reas, la red espa\u00f1ola de cooperativas y econom\u00eda solidaria.<\/p>\n<figure class=\"a_m a_m-h \" style=\"text-align: justify;\"><span class=\"_db a_m_w _pr lb_btn\"><img data-recalc-dims=\"1\" loading=\"lazy\" decoding=\"async\" class=\"_re lazyload a_m-h alignleft\" src=\"https:\/\/i0.wp.com\/imagenes.elpais.com\/resizer\/OSunvtlJOsUPm8bs2bxtPICRoeU%3D\/414x0\/filters%3Afocal%284256x1904%3A4266x1914%29\/cloudfront-eu-central-1.images.arcpublishing.com\/prisa\/V5MZG5ZQ4NH7JOI3QVUY6ODMVQ.jpg?resize=414%2C276&#038;ssl=1\" sizes=\"auto, (min-width:1199px) 1155px,(min-width:1001px) calc(100vw - 44px),(min-width:768px) 767px, 100vw\" srcset=\"https:\/\/imagenes.elpais.com\/resizer\/OSunvtlJOsUPm8bs2bxtPICRoeU=\/414x0\/filters:focal(4256x1904:4266x1914)\/cloudfront-eu-central-1.images.arcpublishing.com\/prisa\/V5MZG5ZQ4NH7JOI3QVUY6ODMVQ.jpg 414w,https:\/\/imagenes.elpais.com\/resizer\/J5PPzhlRXMLykTO5oRyMSCxWVos=\/828x0\/filters:focal(4256x1904:4266x1914)\/cloudfront-eu-central-1.images.arcpublishing.com\/prisa\/V5MZG5ZQ4NH7JOI3QVUY6ODMVQ.jpg 640w,https:\/\/imagenes.elpais.com\/resizer\/OvXZclXP8inTrSh8rpYhf2ed9Xo=\/980x0\/filters:focal(4256x1904:4266x1914)\/cloudfront-eu-central-1.images.arcpublishing.com\/prisa\/V5MZG5ZQ4NH7JOI3QVUY6ODMVQ.jpg 1000w,https:\/\/imagenes.elpais.com\/resizer\/HIW9zDbmKXDxAhjt7qGDQUdafFY=\/1960x0\/filters:focal(4256x1904:4266x1914)\/cloudfront-eu-central-1.images.arcpublishing.com\/prisa\/V5MZG5ZQ4NH7JOI3QVUY6ODMVQ.jpg 1960w\" alt=\"La cocina de La Chalmeta, en Barcelona, con socios y sus hijos preparando la merienda.\" width=\"414\" height=\"276\" \/><\/span><figcaption class=\"a_m_p\"><em>La cocina de La Chalmeta, en Barcelona, con socios y sus hijos preparando la merienda.<span class=\"a_m_m\">massimiliano minocri<\/span><\/em><\/figcaption><\/figure>\n<p class=\"\" style=\"text-align: justify;\">\u201cSon una tercera v\u00eda de acceso a la vivienda. Un cambio cultural, espacios dise\u00f1ados por los socios que los habitar\u00e1n y a precio de coste\u201d, apunta Rub\u00e9n Men\u00e9ndez desde la secretar\u00eda t\u00e9cnica del grupo estatal que agrupa las cooperativas de vivienda en derecho de uso. \u201cTe empoderas porque generas alternativas en vivienda. Y es m\u00e1s potente a largo plazo que pol\u00edticas que son parches, como las ayudas, que hay que atender, pero no construyen un escenario sostenible a futuro\u201d.<\/p>\n<p class=\"\" style=\"text-align: justify;\">En Catalu\u00f1a, la otra gran impulsora del modelo es la fundaci\u00f3n La Dinamo. Tras la cooperativa <a href=\"https:\/\/elpais.com\/ccaa\/2017\/02\/06\/catalunya\/1486399374_508949.html\" target=\"_blank\" rel=\"noopener\" data-link-track-dtm=\"\" data-mrf-link=\"https:\/\/elpais.com\/ccaa\/2017\/02\/06\/catalunya\/1486399374_508949.html\">La Borda<\/a> (en Barcelona, estrenada en 2018), conocida por ser la primera <a href=\"https:\/\/elpais.com\/elpais\/2017\/06\/21\/album\/1498033138_106336.html\" target=\"_blank\" rel=\"noopener\" data-link-track-dtm=\"\" data-mrf-link=\"https:\/\/elpais.com\/elpais\/2017\/06\/21\/album\/1498033138_106336.html\">y porque ha recibido premios<\/a> internacionales, algunos de sus socios decidieron crear la fundaci\u00f3n para aprovechar el conocimiento acumulado y replicar el modelo. La fundaci\u00f3n acompa\u00f1a a otras cooperativas, el 95% pisos de protecci\u00f3n oficial, en suelos cedidos por ayuntamientos o comprados, a veces a medias con entidades locales. \u201cSomos conscientes de la dificultad de acceso a la vivienda y la precariedad residencial, de ah\u00ed la apuesta por aumentar el parque p\u00fablico\u201d, explica Gl\u00f2ria Rubio Casas, la coordinadora de proyectos. La Dinamo, adem\u00e1s, intenta \u201cmovilizar el m\u00e1ximo de patrimonio privado hacia la v\u00eda cooperativa [sean suelos o edificios para rehabilitar], para sacarlo de propiedad privada y act\u00fae con l\u00f3gicas cooperativas\u201d.<\/p>\n<p class=\"\" style=\"text-align: justify;\">En el caso de las viviendas cooperativas en cesi\u00f3n de uso calificadas como VPO (de protecci\u00f3n oficial), los socios de los edificios deben cumplir los requisitos de solicitante de vivienda p\u00fablica. Desde 2011 el <a href=\"https:\/\/elpais.com\/noticias\/ayuntamiento-barcelona\/\" target=\"_blank\" rel=\"noopener\" data-link-track-dtm=\"\" data-mrf-link=\"https:\/\/elpais.com\/noticias\/ayuntamiento-barcelona\/\">Ayuntamiento de Barcelona<\/a> ha cedido 17 solares (seis con 125 pisos ya construidos y habitados) y el concejal de Vivienda, Joan Ramon Riera, se\u00f1ala que \u201cla necesidad de vivienda es tan grande que la intenci\u00f3n del consistorio es contar con agentes p\u00fablicos, privados y de la econom\u00eda social\u201d. \u201cLa vivienda cooperativa debe tener un papel relevante\u201d, mantiene. En Madrid, hay dos edificios de <a href=\"https:\/\/elpais.com\/elpais\/2019\/03\/06\/seres_urbanos\/1551874934_355029.html\" target=\"_blank\" rel=\"noopener\" data-link-track-dtm=\"\" data-mrf-link=\"https:\/\/elpais.com\/elpais\/2019\/03\/06\/seres_urbanos\/1551874934_355029.html\">la cooperativa Entrepatios<\/a>: uno en <a href=\"https:\/\/elpais.com\/espana\/madrid\/2021-10-26\/el-edificio-de-17-viviendas-en-un-barrio-del-sur-de-madrid-donde-reina-el-derecho-de-uso.html\" target=\"_blank\" rel=\"noopener\" data-link-track-dtm=\"\" data-mrf-link=\"https:\/\/elpais.com\/espana\/madrid\/2021-10-26\/el-edificio-de-17-viviendas-en-un-barrio-del-sur-de-madrid-donde-reina-el-derecho-de-uso.html\">Usera <\/a>y otra en Vallecas, en suelos privados y no son VPO. La aportaci\u00f3n inicial de los socios fue de 40.000 euros y la cuota mensual de 700, cuenta Javier P\u00e9rez, socio del grupo promotor, que explica que en la Comunidad se ha creado una coordinadora que agrupa 13 proyectos.<\/p>\n<figure class=\"a_m a_m-h \" style=\"text-align: justify;\"><span class=\"_db a_m_w _pr lb_btn\"><img data-recalc-dims=\"1\" loading=\"lazy\" decoding=\"async\" class=\"_re lazyload a_m-h alignright\" src=\"https:\/\/i0.wp.com\/imagenes.elpais.com\/resizer\/A1ZjNNrx0zknAgV-eJS7gXulaKM%3D\/414x0\/cloudfront-eu-central-1.images.arcpublishing.com\/prisa\/PQCDHATHEBA5PBNV5B5BBAIA4Q.jpg?resize=414%2C273&#038;ssl=1\" sizes=\"auto, (min-width:1199px) 1155px,(min-width:1001px) calc(100vw - 44px),(min-width:768px) 767px, 100vw\" srcset=\"https:\/\/imagenes.elpais.com\/resizer\/A1ZjNNrx0zknAgV-eJS7gXulaKM=\/414x0\/cloudfront-eu-central-1.images.arcpublishing.com\/prisa\/PQCDHATHEBA5PBNV5B5BBAIA4Q.jpg 414w,https:\/\/imagenes.elpais.com\/resizer\/63m1Lyq-DH5LCLGwh71vj4XbE4U=\/828x0\/cloudfront-eu-central-1.images.arcpublishing.com\/prisa\/PQCDHATHEBA5PBNV5B5BBAIA4Q.jpg 640w,https:\/\/imagenes.elpais.com\/resizer\/VYj_5j28zphiRU04tIdEVdka_7g=\/980x0\/cloudfront-eu-central-1.images.arcpublishing.com\/prisa\/PQCDHATHEBA5PBNV5B5BBAIA4Q.jpg 1000w,https:\/\/imagenes.elpais.com\/resizer\/Dpw1EOYwsA1tmPX4Y8Zdoi7TGvU=\/1960x0\/cloudfront-eu-central-1.images.arcpublishing.com\/prisa\/PQCDHATHEBA5PBNV5B5BBAIA4Q.jpg 1960w\" alt=\"Familias de La Chalmeta en la sala com\u00fan. Detr\u00e1s de los sof\u00e1s, las lavadoras que comparten algunos de los socios.\" width=\"414\" height=\"273\" \/><\/span><figcaption class=\"a_m_p\"><em>Familias de La Chalmeta en la sala com\u00fan. Detr\u00e1s de los sof\u00e1s, las lavadoras que comparten algunos de los socios.<span class=\"a_m_m\">massimiliano minocri<\/span><\/em><\/figcaption><\/figure>\n<p class=\"\" style=\"text-align: justify;\">Tambi\u00e9n hay <a href=\"https:\/\/elpais.com\/eps\/2023-04-18\/cohousing-senior-contra-los-abuelos-maleta.html\" target=\"_blank\" rel=\"noopener\" data-link-track-dtm=\"\" data-mrf-link=\"https:\/\/elpais.com\/eps\/2023-04-18\/cohousing-senior-contra-los-abuelos-maleta.html\">cooperativas senior, de socios dispuestos a envejecer en comunidad<\/a> (pero cada uno en su apartamento) y sin ser una carga para los hijos ni terminar sus d\u00edas en una residencia. En este caso el suelo es de mercado, lo que dispara los costes. Trabensol (Trabajadores en solidaridad) fue el primero. Est\u00e1 en Torremocha de Jarama (a 70 kil\u00f3metros de Madrid) y tiene 54 apartamentos donde viven 80 personas de entre 64 y 91 a\u00f1os. La cooperativa se fund\u00f3 en 2002 y entraron a vivir en 2013. Aqu\u00ed la aportaci\u00f3n inicial de los socios es de 150.000 euros y la cuota mensual de 1.300 con la comida, limpieza y lavander\u00eda incluidas, explica Juan Imedio, de la comisi\u00f3n de comunicaci\u00f3n. \u201cDecidimos nosotros c\u00f3mo envejecer\u201d, sintetiza.<\/p>\n<p class=\"\" style=\"text-align: justify;\">Walden XXI es otro proyecto senior. Los socios, jubilados, compraron un hotel que estaba cerrado en <a href=\"https:\/\/elpais.com\/elviajero\/2023-10-18\/sant-feliu-de-guixols-la-buena-vida-en-el-baix-emporda.html\" target=\"_blank\" rel=\"noopener\" data-link-track-dtm=\"\" data-mrf-link=\"https:\/\/elpais.com\/elviajero\/2023-10-18\/sant-feliu-de-guixols-la-buena-vida-en-el-baix-emporda.html\">Sant Feliu de Gu\u00edxols (Costa Brava, Girona)<\/a>. Conf\u00edan en comerse los turrones en los nuevos apartamentos en 2026. Lo cuenta Josep Maria Ricart, de 74 a\u00f1os. Aportaron 60.000 euros y la cuota mensual, que incluye la cocina, servicios y cuidados m\u00e9dicos, oscilar\u00e1 entre 1.800 y 2.100 euros. \u201cLas cantidades son elevadas, pero la mayor\u00eda tenemos pisos en propiedad, es como cambiarse de casa. Al final de la vida volveremos a una comuna como cuando ten\u00edamos 20\u2033, se r\u00ede Ricart, defendiendo \u201cun modelo asambleario, privado, pero que abre camino\u201d. \u201cSer\u00e1 un equipamiento que permanecer\u00e1, en el futuro no habr\u00e1 residencias para todo el mundo\u201d, a\u00f1ade Aurora Moreno, otra de las socias.<\/p>\n<p class=\"\" style=\"text-align: justify;\">De vuelta a La Chalmeta, en Barcelona, Carlos Alberto, Antje y Tomoko acaban sus caf\u00e9s para ir a trabajar. Se levantan de la mesa en un espacio amplio y luminoso donde tambi\u00e9n hay sof\u00e1s y cuatro lavadoras para los socios. El edificio est\u00e1 en <a href=\"https:\/\/elpais.com\/espana\/catalunya\/2020-12-20\/la-marina-el-barrio-que-espera-a-30000-vecinos.html\" target=\"_blank\" rel=\"noopener\" data-link-track-dtm=\"\" data-mrf-link=\"https:\/\/elpais.com\/espana\/catalunya\/2020-12-20\/la-marina-el-barrio-que-espera-a-30000-vecinos.html\">La Marina del Prat Vermell, el barrio m\u00e1s nuevo de Barcelona<\/a>, en desarrollo desde hace una d\u00e9cada y que tendr\u00e1 30.000 vecinos. Son pioneros de una forma de acceder a la vivienda, pero tambi\u00e9n de apostar por esta zona perif\u00e9rica de la ciudad.<\/p>\n<p style=\"text-align: justify;\"><a class=\"a_md_a_n\" title=\"Ver todas las noticias de Clara Blanchar\" href=\"https:\/\/elpais.com\/autor\/clara-blanchar\/#?rel=author_top\" data-mrf-link=\"https:\/\/elpais.com\/autor\/clara-blanchar\/\"><strong>Clara Blanchar<\/strong><\/a><\/p>\n<p style=\"text-align: justify;\">FOTO: Tres de las familias que viven en La Chalmeta, una cooperativa de vivienda en cesi\u00f3n de uso del barrio de la Zona Franca, en Barcelona. La tercera por la derecha es Tomoko, la sexta Antje y a su lado, Carlos Alberto.<span class=\"a_m_m\">massimiliano minocri<\/span><\/p>\n<p style=\"text-align: justify;\">https:\/\/elpais.com\/economia\/2024-03-24\/una-alternativa-al-mercado-pisos-de-propiedad-colectiva-ni-de-compra-ni-de-alquiler.html<\/p>\n<div class=\"a_md _g _g-xs \" style=\"text-align: justify;\">\n<figure class=\"a_md_i a_m-h c_m--nf\"><span class=\"a_m_w _db\">\u00a0<\/span><\/figure>\n<div class=\"a_md_txt\">\n<div class=\"a_md_a\" data-dtm-region=\"articulo_firma\">\u00a0<\/div>\n<\/div>\n<\/div>\n<div class=\"a_e_m\">\n<figure class=\"a_m a_m-h \" style=\"text-align: justify;\"><span class=\"a_m_w _db\">\u00a0<\/span><\/figure>\n<\/div>\n","protected":false},"excerpt":{"rendered":"<p>Las cooperativas de vivienda en derecho de uso se extienden desde Catalu\u00f1a y suman 26&#8230;<\/p>\n","protected":false},"author":1,"featured_media":68163,"comment_status":"closed","ping_status":"closed","sticky":false,"template":"","format":"standard","meta":{"_coblocks_attr":"","_coblocks_dimensions":"","_coblocks_responsive_height":"","_coblocks_accordion_ie_support":"","jetpack_post_was_ever_published":false,"_jetpack_newsletter_access":"","_jetpack_dont_email_post_to_subs":false,"_jetpack_newsletter_tier_id":0,"_jetpack_memberships_contains_paywalled_content":false,"_jetpack_memberships_contains_paid_content":false,"footnotes":"","jetpack_publicize_message":"","jetpack_publicize_feature_enabled":true,"jetpack_social_post_already_shared":true,"jetpack_social_options":{"image_generator_settings":{"template":"highway","default_image_id":0,"enabled":false},"version":2}},"categories":[1161,44,6937],"tags":[],"class_list":["post-68162","post","type-post","status-publish","format-standard","has-post-thumbnail","hentry","category-ciudadania","category-noticias-de-hoy","category-sociedad"],"jetpack_publicize_connections":[],"jetpack_featured_media_url":"https:\/\/i0.wp.com\/miradordeatarfe.es\/wp-content\/uploads\/2024\/03\/Screenshot-2024-03-24-at-16-29-26-Una-alternativa-al-mercado-pisos-de-propiedad-colectiva-ni-de-compra-ni-de-alquiler.png?fit=1010%2C508&ssl=1","jetpack_likes_enabled":true,"jetpack_sharing_enabled":true,"_links":{"self":[{"href":"https:\/\/miradordeatarfe.es\/index.php?rest_route=\/wp\/v2\/posts\/68162","targetHints":{"allow":["GET"]}}],"collection":[{"href":"https:\/\/miradordeatarfe.es\/index.php?rest_route=\/wp\/v2\/posts"}],"about":[{"href":"https:\/\/miradordeatarfe.es\/index.php?rest_route=\/wp\/v2\/types\/post"}],"author":[{"embeddable":true,"href":"https:\/\/miradordeatarfe.es\/index.php?rest_route=\/wp\/v2\/users\/1"}],"replies":[{"embeddable":true,"href":"https:\/\/miradordeatarfe.es\/index.php?rest_route=%2Fwp%2Fv2%2Fcomments&post=68162"}],"version-history":[{"count":1,"href":"https:\/\/miradordeatarfe.es\/index.php?rest_route=\/wp\/v2\/posts\/68162\/revisions"}],"predecessor-version":[{"id":68164,"href":"https:\/\/miradordeatarfe.es\/index.php?rest_route=\/wp\/v2\/posts\/68162\/revisions\/68164"}],"wp:featuredmedia":[{"embeddable":true,"href":"https:\/\/miradordeatarfe.es\/index.php?rest_route=\/wp\/v2\/media\/68163"}],"wp:attachment":[{"href":"https:\/\/miradordeatarfe.es\/index.php?rest_route=%2Fwp%2Fv2%2Fmedia&parent=68162"}],"wp:term":[{"taxonomy":"category","embeddable":true,"href":"https:\/\/miradordeatarfe.es\/index.php?rest_route=%2Fwp%2Fv2%2Fcategories&post=68162"},{"taxonomy":"post_tag","embeddable":true,"href":"https:\/\/miradordeatarfe.es\/index.php?rest_route=%2Fwp%2Fv2%2Ftags&post=68162"}],"curies":[{"name":"wp","href":"https:\/\/api.w.org\/{rel}","templated":true}]}}