{"id":68165,"date":"2024-03-26T10:56:59","date_gmt":"2024-03-26T09:56:59","guid":{"rendered":"https:\/\/miradordeatarfe.es\/?p=68165"},"modified":"2024-03-24T16:55:50","modified_gmt":"2024-03-24T15:55:50","slug":"puerta-real-cumple-400-anos-esta-semana-santa-por-gabriel-pozo-felguera","status":"publish","type":"post","link":"https:\/\/miradordeatarfe.es\/?p=68165","title":{"rendered":"\u00abPuerta Real cumple 400 a\u00f1os esta Semana Santa\u00bb por Gabriel Pozo Felguera"},"content":{"rendered":"<div id=\"main\">\n<div class=\"item\">\n<h2 class=\"anteti\">1624-2024, CUATRO SIGLOS DE LA VISITA DE FELIPE IV<\/h2>\n<div class=\"cols2-2\">\n<div class=\"colA\">\n<div class=\"entrad\">\u00bfConoces por qu\u00e9 se llama Puerta Real? Gabriel Pozo Felguera lo explica, al cumplirse el cuarto centenario del emblem\u00e1tico espacio del centro de Granada, en este magn\u00edfico reportaje que detalla su historia y la visita real de Felipe IV, de la que tom\u00f3 el nombre. Por el mejor cronista de Granada.<\/div>\n<\/div>\n<\/div>\n<\/div>\n<\/div>\n<div>\u00a0<\/div>\n<div>\n<ul>\n<li>\n<h3><strong>La Puerta del Rastro fue reconstruida por los cristianos sobre una puerta nazarita anterior; estuvo situada cerrando la calle Mesones<\/strong><\/h3>\n<\/li>\n<li>\n<h3 style=\"text-align: justify;\"><strong>Cambi\u00f3 su nombre de Rastro a Puerta Real en recuerdo de la visita de la corte de Felipe IV; fue demolida en 1790<\/strong><\/h3>\n<\/li>\n<\/ul>\n<\/div>\n<div style=\"text-align: justify;\">\n<div class=\"divdest\">Puerta Real cumple cuatro siglos en la Semana Santa que hoy comienza. Con ese nombre fue rebautizada oficialmente la Puerta del Rastro con motivo de la visita de siete d\u00edas que hizo el rey Felipe IV a Granada. La puerta ya no existe, pero qued\u00f3 su nombre para la posteridad. En estos cuatro siglos no ha sobrevivido tampoco ninguno de los edificios que la circundaban, es una de las zonas que m\u00e1s cambios urban\u00edsticos ha experimentado. La visita del joven monarca tuvo motivaciones pol\u00edticas y fiscales de calado durante la Semana Santa de 1624. Su corte de unas 300 personas revolucion\u00f3 una ciudad en transformaci\u00f3n pero que empezaba a decaer; visit\u00f3 los principales monumentos de Granada. Vamos a recordar aquella estancia y sus vestigios.<\/div>\n<p>Felipe IV era un rey de s\u00f3lo dieciocho a\u00f1os en enero de 1624. Llevaba en el trono desde que su padre falleci\u00f3 en 1621. Estaba casado con su prima francesa Isabel de Borb\u00f3n, hab\u00eda tenido ya dos hijas (las dos llamadas Margarita de Austria) que fallecieron muy peque\u00f1as. En enero de 1624 inici\u00f3 su famoso viaje a las Andaluc\u00edas, acompa\u00f1ado y manejado por su valido el Conde-Duque de Olivares (Gaspar de Guzm\u00e1n). Entre los principales objetivos se encontraba una operaci\u00f3n de acercamiento pol\u00edtico a las ciudades con voto en Cortes y la recaudaci\u00f3n de fondos para la deca\u00edda hacienda p\u00fablica. Entre otros muchos que no son objeto de este art\u00edculo.<\/p>\n<p>Tras visitar And\u00fajar, C\u00f3rdoba, Sevilla, Do\u00f1ana, C\u00e1diz y M\u00e1laga, al atardecer del 3 de abril de 1624, mi\u00e9rcoles santo, el impresionante s\u00e9quito se present\u00f3 en la Ribera del Viol\u00f3n procedente de Santa Fe. Atravesaron el puente romano del Genil y la ciudad les recibi\u00f3 en las alamedas de la Carrera; la comitiva estaba encabezada por el presidente del Consejo de Castilla, Conde-Duque de Olivares, y el corregidor de la ciudad de Granada, Garc\u00eda Bravo de Acu\u00f1a.<\/p>\n<div class=\"divdest\">\n<div class=\"media media-element-container media-default\">\n<div id=\"file-101289\" class=\"file file-image file-image-jpeg\">\n<h2 class=\"element-invisible\"><img data-recalc-dims=\"1\" loading=\"lazy\" decoding=\"async\" class=\"media-element file-default\" src=\"https:\/\/i0.wp.com\/www.elindependientedegranada.es\/sites\/default\/files\/retratos_de_felipe_iv_con_21_anos_y_el_conde-duque_cuando.jpg?resize=640%2C423&#038;ssl=1\" alt=\"\" width=\"640\" height=\"423\" data-delta=\"1\" \/><\/h2>\n<\/div>\n<\/div>\n<p>Retratos de Felipe IV con 21 a\u00f1os y el Conde-Duque cuando superaba los cuarenta, pintados por Diego Vel\u00e1zquez.<\/p><\/div>\n<p class=\"sumari\">Granada no hab\u00eda recibido la visita de un rey desde hac\u00eda m\u00e1s de un siglo; las \u00faltimas visitas fueron de los Reyes Cat\u00f3licos a principios del siglo XVI (Si exceptuamos la del Pr\u00edncipe Felipe II cuando vino a traer el cad\u00e1ver de su madre en 1539)<\/p>\n<p>El Rey hab\u00eda remitido una carta a todas las ciudades andaluzas que pensaba visitar en su periplo de 69 d\u00edas advirti\u00e9ndoles que no deseaba ser recibido con ostentaciones y grandes lujos que ocasionaran gastos para las arcas municipales. Pero los concejos hicieron caso omiso, no respetaron la orden y montaron sus parafernalias festivas. Granada no hab\u00eda recibido la visita de un rey desde hac\u00eda m\u00e1s de un siglo; las \u00faltimas visitas fueron de los Reyes Cat\u00f3licos a principios del siglo XVI (Si exceptuamos la del Pr\u00edncipe Felipe II cuando vino a traer el cad\u00e1ver de su madre en 1539). Por eso, todo fueron m\u00fasicas y fuegos artificiales a base de p\u00f3lvora negra. La coheter\u00eda se fabricaba en Granada, que por entonces contaba con varios molinos de p\u00f3lvora de envergadura dentro del casco urbano. Los cronistas que le acompa\u00f1aban (entre ellos Francisco de Quevedo) dejaron constancia de que el Rey tuvo que correr las cortinillas de su carruaje para que no inundara el habit\u00e1culo el molesto humo que desprend\u00eda la p\u00f3lvora de entonces.<\/p>\n<p>El cronista Jacinto de Herrera escribi\u00f3 maravillas de Granada<em>: \u201cLlegaron as\u00ed a la Alhambra, donde se aposent\u00f3 su majestad, y no bast\u00f3 la noche para deslucir a Granada ni estorbar la que mereciese el mejor lugar en que se hab\u00eda entrado. Es una ciudad grande, noble, abundante, copiosa, adornada con vistos\u00edsimos edificios, fertil\u00edsima y hermos\u00edsima vega, muchas fuentes, huertas y jardines, y dos r\u00edos Darro y Genil, que el uno pasa por el medio de la ciudad y el otro por defuera, donde se juntan los dos, famosos siempre por lo que se les ve producir al uno plata y al otro oro, que si ya no con mucha abundancia nunca les falta\u201d. <\/em><\/p>\n<div class=\"divdest\">\n<div class=\"media media-element-container media-default\">\n<div id=\"file-101290\" class=\"file file-image file-image-jpeg\">\n<h2 class=\"element-invisible\"><a href=\"https:\/\/i0.wp.com\/miradordeatarfe.es\/wp-content\/uploads\/2024\/03\/carta_de_felipe_iv_al_concejo_de_granada.jpg?ssl=1\"><img data-recalc-dims=\"1\" loading=\"lazy\" decoding=\"async\" class=\"alignnone wp-image-68170 size-full\" src=\"https:\/\/i0.wp.com\/miradordeatarfe.es\/wp-content\/uploads\/2024\/03\/carta_de_felipe_iv_al_concejo_de_granada.jpg?resize=640%2C618&#038;ssl=1\" alt=\"\" width=\"640\" height=\"618\" srcset=\"https:\/\/i0.wp.com\/miradordeatarfe.es\/wp-content\/uploads\/2024\/03\/carta_de_felipe_iv_al_concejo_de_granada.jpg?w=687&amp;ssl=1 687w, https:\/\/i0.wp.com\/miradordeatarfe.es\/wp-content\/uploads\/2024\/03\/carta_de_felipe_iv_al_concejo_de_granada.jpg?resize=300%2C290&amp;ssl=1 300w\" sizes=\"auto, (max-width: 640px) 100vw, 640px\" \/><\/a><\/h2>\n<\/div>\n<\/div>\n<p>Carta de Felipe IV al concejo de Granada anunciando su visita y pidi\u00e9ndoles contenci\u00f3n en gastos y fastos, de 31 de enero de 1624. AHMGR.<\/p><\/div>\n<p>El carruaje real subi\u00f3 por la Carrera, pas\u00f3 bordeando el exterior de la muralla de Bibataub\u00edn hasta girar a su izquierda y atravesar el r\u00edo Darro por el Puente de la Paja. En 1624 era uno m\u00e1s de los puentes que comunicaban las dos orillas del riachuelo que part\u00eda el burgo, con anchura suficiente para el paso de carros; no hab\u00eda sido ensanchado todav\u00eda cauce arriba y cauce abajo para formar la plataforma trapezoidal posterior.<\/p>\n<p>La entrada triunfal del Rey a la ciudad de Granada se consider\u00f3 que la hizo al atravesar la Puerta del Rastro, ubicada al inicio de la calle Mesones, en la explanada del Rastro. <strong>El Concejo decidi\u00f3 que a partir de ese momento esta puerta pasara a llamarse Puerta Real de Felipe IV. <\/strong>Desde entonces ese fue su nombre oficial y, por extensi\u00f3n, se le dio a la zona que lo circundaba.<\/p>\n<div class=\"divdest\">\n<div class=\"media media-element-container media-default\">\n<div id=\"file-101291\" class=\"file file-image file-image-jpeg\">\n<h2 class=\"element-invisible\"><a href=\"https:\/\/i0.wp.com\/miradordeatarfe.es\/wp-content\/uploads\/2024\/03\/1613._plataforma_de_vico.jpg?ssl=1\"><img data-recalc-dims=\"1\" loading=\"lazy\" decoding=\"async\" class=\"alignnone wp-image-68171 size-full\" src=\"https:\/\/i0.wp.com\/miradordeatarfe.es\/wp-content\/uploads\/2024\/03\/1613._plataforma_de_vico.jpg?resize=640%2C459&#038;ssl=1\" alt=\"\" width=\"640\" height=\"459\" srcset=\"https:\/\/i0.wp.com\/miradordeatarfe.es\/wp-content\/uploads\/2024\/03\/1613._plataforma_de_vico.jpg?w=700&amp;ssl=1 700w, https:\/\/i0.wp.com\/miradordeatarfe.es\/wp-content\/uploads\/2024\/03\/1613._plataforma_de_vico.jpg?resize=300%2C215&amp;ssl=1 300w\" sizes=\"auto, (max-width: 640px) 100vw, 640px\" \/><\/a><\/h2>\n<\/div>\n<\/div>\n<p><strong>1613. Plataforma de Vico.<\/strong> Ambrosio de Vico dibuj\u00f3 la Puerta del Rastro como construcci\u00f3n cristiana y de un solo alzado. Debi\u00f3 hacerlo antes de ser reconstruida en 1610, porque no figura la peineta en un segundo cuerpo. Francisco Heylan la buril\u00f3 para este grabado en 1613. Se encontraba en la curva del Darro, casi en perpendicular al Puente de la Paja o del Rastro. Por encima de la puerta se ubicaba el Teatro Coliseo; por debajo, la Alh\u00f3ndiga Zayda y el Matadero (donde est\u00e1n los carros); delante de la Alh\u00f3ndiga se situaba el molino de p\u00f3lvora, sobre la acequia Sancti Sp\u00edritus. Este paisaje es el que vio la comitiva Real en 1624.<\/div>\n<div class=\"divdest\">\n<div class=\"media media-element-container media-default\">\n<div id=\"file-101292\" class=\"file file-image file-image-jpeg\">\n<h2 class=\"element-invisible\"><a href=\"https:\/\/i0.wp.com\/miradordeatarfe.es\/wp-content\/uploads\/2024\/03\/puente_a_finales_del_siglo_xvii.jpg?ssl=1\"><img data-recalc-dims=\"1\" loading=\"lazy\" decoding=\"async\" class=\"alignnone wp-image-68172 size-full\" src=\"https:\/\/i0.wp.com\/miradordeatarfe.es\/wp-content\/uploads\/2024\/03\/puente_a_finales_del_siglo_xvii.jpg?resize=640%2C354&#038;ssl=1\" alt=\"\" width=\"640\" height=\"354\" srcset=\"https:\/\/i0.wp.com\/miradordeatarfe.es\/wp-content\/uploads\/2024\/03\/puente_a_finales_del_siglo_xvii.jpg?w=700&amp;ssl=1 700w, https:\/\/i0.wp.com\/miradordeatarfe.es\/wp-content\/uploads\/2024\/03\/puente_a_finales_del_siglo_xvii.jpg?resize=300%2C166&amp;ssl=1 300w\" sizes=\"auto, (max-width: 640px) 100vw, 640px\" \/><\/a><\/h2>\n<\/div>\n<\/div>\n<p><strong>Puente a finales del siglo XVII.<\/strong> El primer Puente del Rastro por el que pas\u00f3 Felipe IV (sobreimpresionado en l\u00edneas rojas) fue ensanchado en la segunda mitad del XVII por arriba y por abajo, hasta conseguir una plataforma y abrir una explanada entre la Manceb\u00eda y el acceso a Mesones-Placeta de San Ant\u00f3n. ARCHIVO CARLOS S\u00c1NCHEZ<\/div>\n<p>La Puerta del Rastro tuvo su origen en otra de \u00e9poca musulmana que cerraba el arrabal de Bibarrambla y la Magdalena. Pero al estar semiderruida, hacia 1515 se decidi\u00f3 levantar la segunda de traza cristiana que controlase el acceso a los mesones y zona comercial. Fue construida entre las paredes del Teatro Coliseo por arriba y la Alh\u00f3ndiga Zayda por debajo. A su lado quedaron dos casillas que ocupaban los molinos de p\u00f3lvora de Francisco Trujillo (bat\u00e1n del Naranjo), sobre la acequia del Sancti Spiritu que atravesaba la placeta del Rastro procedente de la Riberilla del Darro.<\/p>\n<p class=\"sumari\">Esta puerta, al igual que la de Elvira, eran utilizadas para colgar jaulas con cad\u00e1veres de ejecutados famosos<\/p>\n<p>Nuevamente, en 1610 fue restaurada la Puerta y recrecida a costa del Concejo, que la coron\u00f3 con una peineta de escudos, unas granadas y una cartela con la siguiente inscripci\u00f3n: <em>\u201cGranada mand\u00f3 hacer este ornato, haciendo oficio de Corregidor el doctor Pedro de Antequera, en el qual a\u00f1o mand\u00f3 su Magestad expeler los moriscos de este reino. A\u00f1o 1610\u201d.<\/em> Como se ve, la reforma de la Puerta Cristiana del Rastro se hizo para conmemorar la definitiva expulsi\u00f3n de los moriscos de las tierras espa\u00f1olas. Esta puerta, al igual que la de Elvira, eran utilizadas para colgar jaulas con cad\u00e1veres de ejecutados famosos. Era corregidor Mos\u00e9n Rub\u00ed de Bracamonte.<\/p>\n<p>De aquella Puerta Real de Felipe IV s\u00f3lo pervive hoy el nombre del lugar. Incluso modificado en su segunda parte: la poblaci\u00f3n siempre abrevi\u00f3 y la llam\u00f3 s\u00f3lo Puerta Real, sin el a\u00f1adido de Felipe IV; oficialmente fue eliminada la referencia a Felipe IV a partir de la I Rep\u00fablica. En la actualidad su denominaci\u00f3n completa es Puerta Real de Espa\u00f1a.<\/p>\n<p class=\"sumari\">Desde el punto de vista arquitect\u00f3nico, la zona de Puerta Real nada tiene que ver con la que encandil\u00f3 a la corte filipina en 1624<\/p>\n<p>Desde el punto de vista arquitect\u00f3nico, la zona de Puerta Real nada tiene que ver con la que encandil\u00f3 a la corte filipina en 1624. El Puente de la Paja o del Rastro fue recrecido cauce arriba y cauce abajo hasta formar una plataforma, en fecha indeterminada de finales del XVII; la muralla que discurr\u00eda entre el Castillo de Bibataub\u00edn y el torre\u00f3n redondo que proteg\u00eda el Puente del Rastro fue desapareciendo a lo largo de los siglos XVII y XIX para dejar paso a la manceb\u00eda y actual Acera del Casino, aunque mantuvo m\u00e1s o menos la alineaci\u00f3n en curva de la antigua cerca. Hasta que Gallego Bur\u00edn reorden\u00f3 la Manigua y la dej\u00f3 como est\u00e1 en la actualidad, con la calle Ganivet en perpendicular al antiguo Puente de la Paja.<\/p>\n<p>En la zona lindera con la Puerta Real se situaron el Teatro Coliseo, la Alh\u00f3ndiga y las dos casillas de los molinos de p\u00f3lvora del Naranjo. La Puerta fue la primera en caer en 1790; muy pocos a\u00f1os despu\u00e9s toc\u00f3 el turno al Teatro, a principios del XIX, que dio paso a dos edificios gemelos separados por la calleja del Milagro. En 1854 se incendi\u00f3 la Alh\u00f3ndiga Zayda. En los a\u00f1os siguientes fue reordenada toda la manzana que ocupaban, principalmente, las casas de la Alh\u00f3ndiga (mirando a Mesones) y por debajo el Matadero Viejo, que ya en 1833 hab\u00eda sido trasladado junto al r\u00edo Genil. Al cuadrar y realinear la manzana, fueron demolidos los dos molinos sobre la acequia, se construy\u00f3 el Caf\u00e9 Suizo y, delante de \u00e9l, donde estuvieron los rodeznos, sali\u00f3 el ensanche-terraza actual. Frente a ellos, la Posada de las Im\u00e1genes que encabezaba la manzana entre la Acera del Darro y Placeta de San Ant\u00f3n (actual Recogidas), tambi\u00e9n dej\u00f3 paso a la esquina redondeada del Hotel Victoria. El edificio de la esquina que sustituy\u00f3 al Teatro Coliseo en la esquina con Reyes Cat\u00f3licos fue incendiado en la II Rep\u00fablica y dio paso al edificio Costales que sobrevive, con la esquina achaflanada.<\/p>\n<p class=\"sumari\">Es la imagen que despu\u00e9s de arder la Alh\u00f3ndiga fue recolocada en la fachada del Hospital de San Juan de Dios, el conocido Cristo Sentadito<\/p>\n<p>Junto a la jamba izquierda de la Puerta Real fue construida una peque\u00f1a capilla en 1640 por el devoto Francisco Fern\u00e1ndez de C\u00f3rdoba. Acog\u00eda un peque\u00f1o Cristo. Esta capillita sobrevivi\u00f3 todav\u00eda unos a\u00f1os m\u00e1s en su lugar; aparece en una fotograf\u00eda de la zona hecha hacia 1850. Es la imagen que despu\u00e9s de arder la Alh\u00f3ndiga fue recolocada en la fachada del Hospital de San Juan de Dios, el conocido Cristo Sentadito.<\/p>\n<p>En resumen, ninguno de los edificios de la zona que hoy conocemos como Puerta Real tiene historia m\u00e1s all\u00e1 de la segunda mitad del XIX (el Suizo), los dem\u00e1s son todos del siglo XX.<\/p>\n<div class=\"divdest\">\n<div class=\"media media-element-container media-default\">\n<div id=\"file-101293\" class=\"file file-image file-image-jpeg\">\n<h2 class=\"element-invisible\"><img data-recalc-dims=\"1\" loading=\"lazy\" decoding=\"async\" class=\"media-element file-default\" src=\"https:\/\/i0.wp.com\/www.elindependientedegranada.es\/sites\/default\/files\/1612._dibujo_que_esbozo.jpg?resize=630%2C461&#038;ssl=1\" alt=\"\" width=\"630\" height=\"461\" data-delta=\"5\" \/><\/h2>\n<\/div>\n<\/div>\n<p><strong>1612.<\/strong> Dibujo que esboz\u00f3 para la portada del Rastro el tracista Diego de V\u00edlchez. Era una puerta del estilo que hac\u00edan los arquitectos cristianos en sillares almohadillados, con arco de medio punto. En una segunda fase le fue a\u00f1adido el cuerpo superior con los escudos y las granadas. Debi\u00f3 ser muy parecida a la que labraron para la c\u00e1rcel vieja en 1585 (hoy reinstalada en el edificio del MADOC, plaza del Padre Su\u00e1rez, foto de la derecha). ARCHIVO GALLEGO BUR\u00cdN.<\/div>\n<div class=\"divdest\">\n<div class=\"media media-element-container media-default\">\n<div id=\"file-101294\" class=\"file file-image file-image-jpeg\">\n<h2 class=\"element-invisible\"><img data-recalc-dims=\"1\" loading=\"lazy\" decoding=\"async\" class=\"media-element file-default\" src=\"https:\/\/i0.wp.com\/www.elindependientedegranada.es\/sites\/default\/files\/teatro_coliseo._estuvo.jpg?resize=640%2C410&#038;ssl=1\" alt=\"\" width=\"640\" height=\"410\" data-delta=\"6\" \/><\/h2>\n<\/div>\n<\/div>\n<p><strong>Teatro Coliseo.<\/strong> Estuvo ubicado a la entrada de la calle Mesones, lindero con la Puerta Real, en los solares que hoy dan a la placeta del Santo Cristo-calle del Milagro-Reyes Cat\u00f3licos. Tuvo una estructura de corrala. Fue levantado a finales del XVI, en pleno auge del Siglo de Oro, y permaneci\u00f3 activo hasta finales del XVIII, ya con uso de almac\u00e9n. Fue acabado de demoler a principios del XIX. En su lugar surgieron dos edificios gemelos de viviendas. AHMGR<\/div>\n<div class=\"divdest\">\n<div class=\"media media-element-container media-default\">\n<div id=\"file-101295\" class=\"file file-image file-image-jpeg\">\n<h2 class=\"element-invisible\"><img data-recalc-dims=\"1\" loading=\"lazy\" decoding=\"async\" class=\"media-element file-default\" src=\"https:\/\/i0.wp.com\/www.elindependientedegranada.es\/sites\/default\/files\/1831_plano_de_dalmau.jpg?resize=640%2C367&#038;ssl=1\" alt=\"\" width=\"640\" height=\"367\" data-delta=\"7\" \/><\/h2>\n<\/div>\n<\/div>\n<p><strong>1831, plano de Dalm\u00e1u.<\/strong> En la segunda versi\u00f3n de esta plataforma ya hab\u00edan desaparecido el Teatro y la Puerta Real (marcada en rojo). Perviv\u00eda entera la manzana de la Alh\u00f3ndiga-Matadero. Pegada a la Alh\u00f3ndiga, dando a la explanada del Rastro, se ve el pegadizo de dos casas-molino sobre la acequia (actual terraza del Suizo).<\/div>\n<div class=\"divdest\">\n<div class=\"media media-element-container media-default\">\n<div id=\"file-101296\" class=\"file file-image file-image-jpeg\">\n<h2 class=\"element-invisible\"><img data-recalc-dims=\"1\" loading=\"lazy\" decoding=\"async\" class=\"media-element file-default\" src=\"https:\/\/i0.wp.com\/www.elindependientedegranada.es\/sites\/default\/files\/hacia_1850._esta_foto.jpg?resize=640%2C445&#038;ssl=1\" alt=\"\" width=\"640\" height=\"445\" data-delta=\"8\" \/><\/h2>\n<\/div>\n<\/div>\n<p><strong>Hacia 1850.<\/strong> Esta foto es una de las m\u00e1s antiguas de Granada. Se ve alargada la b\u00f3veda del Puente del Rastro y ampliada la explanada. Se ha fotomontado la Puerta Real en el lugar que ocup\u00f3 hasta 1790. Todav\u00eda estaba en pie la Alh\u00f3ndiga y las dos casas-molino anejas. El Teatro hab\u00eda sido sustituido por dos bloques de viviendas.<\/div>\n<div class=\"divdest\">\n<div class=\"media media-element-container media-default\">\n<div id=\"file-101297\" class=\"file file-image file-image-jpeg\">\n<h2 class=\"element-invisible\"><img data-recalc-dims=\"1\" loading=\"lazy\" decoding=\"async\" class=\"media-element file-default\" src=\"https:\/\/i0.wp.com\/www.elindependientedegranada.es\/sites\/default\/files\/capillita._todavia_en_1850.jpg?resize=640%2C589&#038;ssl=1\" alt=\"\" width=\"640\" height=\"589\" data-delta=\"9\" \/><\/h2>\n<\/div>\n<\/div>\n<p><strong>Capillita<\/strong>. Todav\u00eda en 1850 estaba en su lugar esta capillita en el arranque de un muro de la Puerta. Es el Cristo sentado que despu\u00e9s fue a parar a la esquina del Hospital de San Juan de Dios (foto de abajo).<\/div>\n<div class=\"divdest\">\n<div class=\"media media-element-container media-default\">\n<div id=\"file-101298\" class=\"file file-image file-image-jpeg\">\n<h2 class=\"element-invisible\"><img data-recalc-dims=\"1\" loading=\"lazy\" decoding=\"async\" class=\"media-element file-default\" src=\"https:\/\/i0.wp.com\/www.elindependientedegranada.es\/sites\/default\/files\/plano_de_1856._1.jpg?resize=640%2C480&#038;ssl=1\" alt=\"\" width=\"640\" height=\"480\" data-delta=\"10\" \/><\/h2>\n<\/div>\n<\/div>\n<div class=\"media media-element-container media-default\">\n<div id=\"file-101299\" class=\"file file-image file-image-jpeg\">\n<div class=\"content\"><img data-recalc-dims=\"1\" loading=\"lazy\" decoding=\"async\" class=\"media-element file-default\" src=\"https:\/\/i0.wp.com\/www.elindependientedegranada.es\/sites\/default\/files\/plano_de_1856._2.jpg?resize=640%2C407&#038;ssl=1\" alt=\"\" width=\"640\" height=\"407\" data-delta=\"11\" \/><\/div>\n<\/div>\n<\/div>\n<p><strong>Plano de 1856.<\/strong> Tras el incendio de la Alh\u00f3ndiga y su destrucci\u00f3n, el arquitecto Baglietto propuso esta alineaci\u00f3n y reforma de toda la manzana, entre Mesones y Alh\u00f3ndiga. Se cuadraron las fachadas en \u00e1ngulos de 90 grados y se procedi\u00f3 a eliminar las casas de los molinos delanteros, con lo cual se gan\u00f3 en amplitud delante del nuevo edificio. (El trazo rojo indica las l\u00edneas de fachadas actuales).<\/div>\n<div class=\"divdest\">\n<div class=\"media media-element-container media-default\">\n<div id=\"file-101311\" class=\"file file-image file-image-jpeg\">\n<h2 class=\"element-invisible\"><img data-recalc-dims=\"1\" loading=\"lazy\" decoding=\"async\" class=\"media-element file-default\" src=\"https:\/\/i0.wp.com\/www.elindependientedegranada.es\/sites\/default\/files\/1862_0.jpg?resize=640%2C952&#038;ssl=1\" alt=\"\" width=\"640\" height=\"952\" data-delta=\"23\" \/><\/h2>\n<\/div>\n<\/div>\n<p><strong>1862, visita de Isabel II.<\/strong> En octubre de 1862 visit\u00f3 Granada la reina Isabel II. Granada levant\u00f3 varios arcos de tipo monumental para recibirla, fabricados en madera, escayola y esparto. En la capital coloc\u00f3 varios. Este que recoge la fotograf\u00eda de Clifford fue colocado a la entrada de la calle Reyes Cat\u00f3licos, casi formando \u00e1ngulo de noventa grados con la posici\u00f3n que tuvo la Puerta Real.\u00a0<\/div>\n<div class=\"divdest\">\n<div class=\"media media-element-container media-default\">\n<div id=\"file-101300\" class=\"file file-image file-image-jpeg\">\n<h2 class=\"element-invisible\"><img data-recalc-dims=\"1\" loading=\"lazy\" decoding=\"async\" class=\"media-element file-default\" src=\"https:\/\/i0.wp.com\/www.elindependientedegranada.es\/sites\/default\/files\/suizo_1865._propuesta.jpg?resize=640%2C572&#038;ssl=1\" alt=\"\" width=\"640\" height=\"572\" data-delta=\"12\" \/><\/h2>\n<\/div>\n<\/div>\n<p><strong>Suizo 1865<\/strong>. Propuesta de Francisco Contreras para levantar el edificio del Caf\u00e9 Suizo sobre el solar que fue de la Alh\u00f3ndiga. Ten\u00eda la misma altura que el levantado m\u00e1s tarde, aunque m\u00e1s suntuoso en adornos y con una sola torreta. El que se construy\u00f3 difiere notablemente de este primer dise\u00f1o.<\/div>\n<div class=\"divdest\">\n<div class=\"media media-element-container media-default\">\n<div id=\"file-101301\" class=\"file file-image file-image-jpeg\">\n<h2 class=\"element-invisible\"><img data-recalc-dims=\"1\" loading=\"lazy\" decoding=\"async\" class=\"media-element file-default\" src=\"https:\/\/i0.wp.com\/www.elindependientedegranada.es\/sites\/default\/files\/finales_del_xix._la.jpg?resize=640%2C585&#038;ssl=1\" alt=\"\" width=\"640\" height=\"585\" data-delta=\"13\" \/><\/h2>\n<\/div>\n<\/div>\n<p><strong>Finales del XIX.<\/strong> La explanada de Puerta Real, las aceras del Darro y el Casino todav\u00eda no estaban atravesadas por las v\u00edas de tranv\u00edas. Estaban convertidas en parada de diligencias y mercado improvisado de pavos, frutas y cabreros que orde\u00f1aban sus cabras in situ. Al fondo se ha superpuesto la Pueta Real en el lugar aproximado que debi\u00f3 ocupar, aunque los edificios que la flanquean en esta foto no son coet\u00e1neos a ella.<\/div>\n<div class=\"divdest\">\n<div class=\"media media-element-container media-default\">\n<div id=\"file-101302\" class=\"file file-image file-image-jpeg\">\n<h2 class=\"element-invisible\"><img data-recalc-dims=\"1\" loading=\"lazy\" decoding=\"async\" class=\"media-element file-default\" src=\"https:\/\/i0.wp.com\/www.elindependientedegranada.es\/sites\/default\/files\/puerta_real_principios.jpg?resize=640%2C405&#038;ssl=1\" alt=\"\" width=\"640\" height=\"405\" data-delta=\"14\" \/><\/h2>\n<\/div>\n<\/div>\n<p><strong>Puerta Real, principios siglo XX<\/strong>. Panor\u00e1mica del caf\u00e9 y billares en la esquina de Reyes Cat\u00f3licos. El lugar donde estuvo la Puerta lo ocupa un quiosco. Tras el completo embovedado del r\u00edo y la instalaci\u00f3n de tranv\u00edas, esta zona se convirti\u00f3 en el centro de la vida ciudadana. Los bajos los ocup\u00f3 el Caf\u00e9 Col\u00f3n, asociado con clientes granadinos de derechas. En mayo de 1931 fue incendiado por un grupo de obreros de Maracena. El edificio qued\u00f3 destruido. Fue levantado el actual por la Compa\u00f1\u00eda Adri\u00e1tica de Seguros; los bajos y s\u00f3tano los alquil\u00f3 a Jos\u00e9 Costales G\u00f3mez, que instal\u00f3 en \u00e9l su tienda y almac\u00e9n de papeler\u00eda. As\u00ed se conoci\u00f3 este edificio, Costales, hasta que en la d\u00e9cada de 1980-90 fue adquirido por la Caja General, que lo rebautiz\u00f3 con su nombre.<\/div>\n<div class=\"divdest\">\n<div class=\"media media-element-container media-default\">\n<div id=\"file-101303\" class=\"file file-image file-image-jpeg\">\n<h2 class=\"element-invisible\"><img data-recalc-dims=\"1\" loading=\"lazy\" decoding=\"async\" class=\"media-element file-default\" src=\"https:\/\/i0.wp.com\/www.elindependientedegranada.es\/sites\/default\/files\/anos_sesenta.jpg?resize=640%2C601&#038;ssl=1\" alt=\"\" width=\"640\" height=\"601\" data-delta=\"15\" \/><\/h2>\n<\/div>\n<\/div>\n<p><strong>A\u00f1os sesenta.<\/strong> El nuevo edificio Adri\u00e1tica-Costales (izquierda) y el edificio Olmedo (derecha) presiden desde los a\u00f1os cuarenta el inicio de Reyes Cat\u00f3licos y sus transversales Mesones y Ganivet.<\/div>\n<div class=\"divdest\">\n<div class=\"media media-element-container media-default\">\n<div id=\"file-101304\" class=\"file file-image file-image-jpeg\">\n<h2 class=\"element-invisible\"><img data-recalc-dims=\"1\" loading=\"lazy\" decoding=\"async\" class=\"media-element file-default\" src=\"https:\/\/i0.wp.com\/www.elindependientedegranada.es\/sites\/default\/files\/puerta_real_en_la_actualidad.jpg?resize=640%2C479&#038;ssl=1\" alt=\"\" width=\"640\" height=\"479\" data-delta=\"16\" \/><\/h2>\n<\/div>\n<\/div>\n<p>Puerta Real en la actualidad.<\/p><\/div>\n<h4><strong>Toda una Corte haciendo turismo por Granada<\/strong><\/h4>\n<p>La fila de unos trescientos cortesanos y sirvientes que acompa\u00f1aban a Felipe IV desfil\u00f3 el 3 de abril de 1624 por Puerta Real hasta entrar en la Plaza Bibarrambla por el Arco de las Orejas. Aqu\u00ed se detuvieron un instante para visitar la Casa de los Miradores, que era una de las sedes del Concejo (Ayuntamiento). Seguidamente, se encaminaron por el Zacat\u00edn hasta Plaza Nueva y subir a la Alhambra. Fue el trayecto que repitieron varias veces durante su estancia de los seis siguientes d\u00edas en que estuvieron movi\u00e9ndose por la ciudad como si se tratara de unos turistas.<\/p>\n<p>Al Rey y sus inmediatos los aposentaron en la Alhambra y en viviendas de la calle Real de la Alhambra; algunos quedaron en la parte baja de la ciudad. Felipe IV en el Palacio de Comares. Para ello se hab\u00edan hecho algunos reparos en el monumento, que ya presentaba deterioros y abandonos. Hubo reformas en el Pilar de Carlos V, en las habitaciones del Emperador, en el Peinador de la Reina, en el Palacio de los Tendilla (que volv\u00edan a ocuparlo tras un par\u00e9ntesis), etc. Tambi\u00e9n se levantaron dos cruces de piedra en el bosque y se dio un repaso a los paseos de la Alhambra y el Generalife.<\/p>\n<p>La Corte desarroll\u00f3 un intenso programa que podemos calificar de car\u00e1cter tur\u00edstico, pero tambi\u00e9n religioso por estar en Semana Santa, y de gobierno habitual. La maquinaria administrativa no se par\u00f3 durante los 69 d\u00edas que dur\u00f3 el viaje a las Andaluc\u00edas. Tres de las tardes-noches (4, 6 y 7 de abril) hubo Consejo de Estado en una sala de la Alhambra para tratar asuntos de gobierno del imperio espa\u00f1ol; tambi\u00e9n se recibieron a embajadores y autoridades para despachar expedientes y tomar decisiones.<\/p>\n<p>La primera parte de la estancia, d\u00edas 4 y 5 (jueves y viernes santo) primaron los actos religiosos. El jueves el Rey presidi\u00f3 un oficio religioso en la capilla de la Alhambra; por la tarde baj\u00f3 al atrio de la Catedral, que estaba convertida en una explanada en obras ante la Capilla Mayor, y particip\u00f3 en el oficio religioso. Felipe IV lav\u00f3 los pies a doce pobres, ayudado por todos los capellanes de la Capilla Real. Lo hizo a la vista de todo el gent\u00edo que abarrotaba el lugar, sobre un entarimado de madera que montaron.<\/p>\n<p>El viernes santo, la Corte asisti\u00f3 a una procesi\u00f3n en la ciudad y vio desfilar otras dos que subieron a la Alhambra a exhibir sus pasos ante el Rey.<\/p>\n<p>La jornada del s\u00e1bado santo, d\u00eda 6, la dedic\u00f3 mayormente a visitar la Abad\u00eda del Sacromonte, de la que era patrono y protector. Las actas del cabildo sacromontano conservan los principales actos que prepararon a la comitiva real. Sus can\u00f3nigos se reunieron varias veces los d\u00edas previos para establecer el protocolo. Dispusieron que agasajar\u00edan a la Corte con hasta 4.000 ducados que ten\u00edan de ahorros; saldr\u00edan a recibir al Rey hasta el inicio de las Siete Cuestas, no usar\u00edan capas pluviales para mostrar menor lujo y por ser d\u00eda de luto, expondr\u00edan las santas reliquias y los Libros Pl\u00fambeos en altares y encalaron las cuevas.<\/p>\n<p class=\"sumari\">El Rey estaba muy interesado en conocer la tumba de don Pedro de Castro, el arzobispo fundador que llevaba poco m\u00e1s de un mes enterrado<\/p>\n<p>El Rey estaba muy interesado en conocer la tumba de <a href=\"https:\/\/www.elindependientedegranada.es\/ciudadania\/fortuna-traida-vaca-castro-peru-abadia-sacromonte\">don Pedro de Castro<\/a>, el arzobispo fundador que llevaba poco m\u00e1s de un mes enterrado. Presidi\u00f3 la ceremonia de sellado de su cripta, se reuni\u00f3 con su cabildo y concedi\u00f3 algunos privilegios. Tom\u00f3 unos dulces horneados en la Abad\u00eda y otros enviados por las monjas de Santa Isabel la Real. Tuvo ocasi\u00f3n de conocer toda la documentaci\u00f3n sobre el proceso de calificaci\u00f3n de las reliquias y los libros pl\u00fambeos, as\u00ed como manejar las planchas que hab\u00edan elaborado los maestros grabadores Francisco Heylan y Alberto Fern\u00e1ndez para la <em>Historia Eclesi\u00e1stica<\/em> de Antol\u00ednez de Burgos.<\/p>\n<div class=\"divdest\">\n<div class=\"media media-element-container media-default\">\n<div id=\"file-101305\" class=\"file file-image file-image-jpeg\">\n<h2 class=\"element-invisible\"><img data-recalc-dims=\"1\" loading=\"lazy\" decoding=\"async\" class=\"media-element file-default\" src=\"https:\/\/i0.wp.com\/www.elindependientedegranada.es\/sites\/default\/files\/actas_de_los_cabidos_1.jpg?resize=640%2C357&#038;ssl=1\" alt=\"\" width=\"640\" height=\"357\" data-delta=\"17\" \/><\/h2>\n<\/div>\n<\/div>\n<div class=\"media media-element-container media-default\">\n<div id=\"file-101306\" class=\"file file-image file-image-jpeg\">\n<h2 class=\"element-invisible\"><img data-recalc-dims=\"1\" loading=\"lazy\" decoding=\"async\" class=\"media-element file-default\" src=\"https:\/\/i0.wp.com\/www.elindependientedegranada.es\/sites\/default\/files\/actas_de_los_cabidos_2.jpg?resize=640%2C373&#038;ssl=1\" alt=\"\" width=\"640\" height=\"373\" data-delta=\"18\" \/><\/h2>\n<\/div>\n<\/div>\n<p>Actas de los cabildos del Sacromonte con los preparativos de la visita del Rey, entre el 2 y 6 de abril de 1624. Sin embargo, la \u00faltima p\u00e1gina con la descripci\u00f3n de lo que hizo en la Abad\u00eda la dejaron en blanco. ARCHIVO ABAD\u00cdA SACROMONTE.<\/p><\/div>\n<p>Los siguientes d\u00edas altern\u00f3 los asuntos de gobierno con las visitas tur\u00edsticas. Estuvo en Torres Bermejas, el Generalife, Santo Domingo, monasterio de la Cartuja, Colegio de San Pablo (Jesuitas) y monasterio de San Jer\u00f3nimo. Tambi\u00e9n le montaron una comedia y un auto sacramental, espect\u00e1culos a los que era muy aficionado; solo conocemos que fue martes d\u00eda 9, pero no los lugares ni t\u00edtulos de las obras representadas.<\/p>\n<p>Una de las visitas m\u00e1s emotivas tuvo lugar en la Capilla Real, donde visit\u00f3 el pante\u00f3n de sus monarcas antepasados. Hac\u00eda muchos a\u00f1os ya que su abuelo Felipe II hab\u00eda truncado el deseo de los Reyes Cat\u00f3licos y del Emperador Carlos de que Granada albergase el pante\u00f3n real, y lo traslad\u00f3 a El Escorial. Tambi\u00e9n aqu\u00ed se reuni\u00f3 con sus capellanes y adopt\u00f3 decisiones de tipo econ\u00f3mico como primer protector de la instituci\u00f3n. Los capellanes desplegaron su colecci\u00f3n de reliquias (las que Felipe II no se hab\u00eda llevado antes) sobre mesas e incluso sobre los t\u00famulos reales. Felipe IV confirm\u00f3 un juro de 6.000 ducados concedido con cargo a impuestos sobre la seda. Aquella imagen de reliquias repartidas por todos sitios fue lo que impuls\u00f3 al capell\u00e1n real a encargar dos muebles relicario para contenerlas. Fueron tallados por el estudio de Alonso de Mena, en cuyas puertas est\u00e1n representadas cuatro parejas de reyes, entre ellos el joven Felipe IV y su esposa.<\/p>\n<div class=\"divdest\">\n<div class=\"media media-element-container media-default\">\n<div id=\"file-101307\" class=\"file file-image file-image-jpeg\">\n<h2 class=\"element-invisible\"><img data-recalc-dims=\"1\" loading=\"lazy\" decoding=\"async\" class=\"media-element file-default\" src=\"https:\/\/i0.wp.com\/www.elindependientedegranada.es\/sites\/default\/files\/puerta_de_uno_de_los_relicarios.jpg?resize=640%2C409&#038;ssl=1\" alt=\"\" width=\"640\" height=\"409\" data-delta=\"19\" \/><\/h2>\n<\/div>\n<\/div>\n<p>Puerta de uno de los relicarios de la Capilla Real, con los bustos de Felipe IV e Isabel de Borb\u00f3n (acabados en 1630), por el escultor Alonso de Mena. CAPILLA REAL.<\/p><\/div>\n<div>\u00a0<\/div>\n<\/div>\n<div>El lunes 8 de abril cumpli\u00f3 Felipe IV sus 19 a\u00f1os en Granada. La nobleza local le organiz\u00f3 un desfile con caballos formando una m\u00e1scara, todos lujosamente vestidos con sus libreas y portando armas y hachones encendidos. La exhibici\u00f3n tuvo lugar en la Plaza de Bibarrambla; el concejo hab\u00eda construido entarimados de madera alrededor para alojar a la concurrencia. El Rey los vio desde el balc\u00f3n central de la Casa de los Miradores. Con este motivo fue incrustado un blas\u00f3n en piedra de alabastro en la fachada que rezaba: <em>\u201cPara la venida de Su Majestad el Rey Felipe Quarto, Nuestro Se\u00f1or, Rey de las Espa\u00f1as, Granada mand\u00f3 hacer estas escaleras, siendo corregidor en ella don Garc\u00eda Bravo de Acu\u00f1a, caballero del Abito de Santiago, comendador de la Oliva y del Consejo de su Magestad. A\u00f1o de mil y seiscientos veinte y cuatro\u201d.<\/em> Esta inscripci\u00f3n permaneci\u00f3 en el centro del edificio de los Miradores hasta su destrucci\u00f3n en el incendio de 1879.<\/p>\n<div class=\"divdest\" style=\"text-align: justify;\">\n<div class=\"media media-element-container media-default\">\n<div id=\"file-101308\" class=\"file file-image file-image-jpeg\">\n<h2 class=\"element-invisible\"><img data-recalc-dims=\"1\" loading=\"lazy\" decoding=\"async\" class=\"media-element file-default\" src=\"https:\/\/i0.wp.com\/www.elindependientedegranada.es\/sites\/default\/files\/fachada_de_la_casa_de_los.jpg?resize=640%2C432&#038;ssl=1\" alt=\"\" width=\"640\" height=\"432\" data-delta=\"20\" \/><\/h2>\n<\/div>\n<\/div>\n<p>Fachada de la Casa de los Miradores, reci\u00e9n consumida por el incendio. En el balc\u00f3n central de la primera planta se ve la placa rectangular con la inscripci\u00f3n. LA ILUSTRACI\u00d3N ESPA\u00d1OLA.<\/p><\/div>\n<p style=\"text-align: justify;\">La ciudad de Granada obsequi\u00f3 a su monarca con una explosi\u00f3n de fuegos artificiales nocturnos desde todas las placetas del casco urbano. En los espacios abiertos del Albayz\u00edn y en el Paseo de los Tristes fueron encendidas grandes luminarias para que las contemplaran los cortesanos desde los miradores de la Alhambra.<\/p>\n<p class=\"sumari\" style=\"text-align: justify;\">Las mulas iban cargadas de canales de terneras, jabal\u00edes, venados, caza diversa, jamones, embutidos, quesos y alimentos de la tierra. Para que las cocinas reales estuviesen bien nutridas. Adem\u00e1s, iban varios cofres con perfumes, sedas, pieles y ricas telas<\/p>\n<p style=\"text-align: justify;\">Aunque, sin duda, el regalo m\u00e1s apetitoso que recibi\u00f3 la Corte provino de la generosidad del caballero Alonso de Loaysa y Mej\u00eda. Este hombre ostentaba el Se\u00f1or\u00edo de Villanueva de Mes\u00eda y desempe\u00f1aba el cargo de alcaide del Soto de Roma, enorme finca perteneciente a la Corona. El d\u00eda del cumplea\u00f1os se present\u00f3 en la Alhambra con un regalo fabuloso: cuatro hermosos caballos enjaezados con cabezales de planta maciza y una veintena de ac\u00e9milas. Las mulas iban cargadas de canales de terneras, jabal\u00edes, venados, caza diversa, jamones, embutidos, quesos y alimentos de la tierra. Para que las cocinas reales estuviesen bien nutridas. Adem\u00e1s, iban varios cofres con perfumes, sedas, pieles y ricas telas. El \u00faltimo cofre estaba repleto de doblones de oro por un valor superior a 10.000 ducados.<\/p>\n<p style=\"text-align: justify;\">Esta cifra se sum\u00f3 a los 20.000 ducados que tambi\u00e9n el Cabildo de la ciudad aprob\u00f3 remitir a Madrid en la misma sesi\u00f3n en que se decidi\u00f3 cambiar el nombre de Puerta del Rastro por el de Puerta Real de Felipe IV. A\u00fan hubo un regalo m\u00e1s en oro procedente del gremio de Vinateros: otros 4.000 ducados para que el Rey les aumentara su monopolio sobre el vino. La Corte de Felipe IV no se fue de vac\u00edo de Granada.<\/p>\n<p style=\"text-align: justify;\">Muy poco tiempo despu\u00e9s de la estancia de Felipe IV en Granada, algunos de los que bien le sirvieron obtuvieron su recompensa: Alonso de Loaysa recibi\u00f3 el t\u00edtulo de Conde de Arco y Egas Salvador Venegas de C\u00f3rdoba el de Conde de Luque.<\/p>\n<p style=\"text-align: justify;\">La ciudad de Granada mostr\u00f3 sus condolencias al Rey por las prematuras muertes de sus dos primeras hijas. La \u00faltima de ellas hab\u00eda ocurrido s\u00f3lo dos meses antes de iniciar su viaje a las Andaluc\u00edas. Se cas\u00f3 con su prima Isabel de Borb\u00f3n siendo un ni\u00f1o de diez a\u00f1os; ella lo superaba en tres a\u00f1os. Empezaron la convivencia matrimonial plena, y la coyunda, en 1620. En agosto de 1621 les naci\u00f3 su primera hija, bautizada con el nombre de Margarita de Austria y Borb\u00f3n, pero falleci\u00f3 con s\u00f3lo dos d\u00edas. Del segundo embarazo vino otra ni\u00f1a con el mismo nombre, que falleci\u00f3 en diciembre de 1623.<\/p>\n<p class=\"sumari\" style=\"text-align: justify;\">El cabildo orden\u00f3 grabar en la cara principal de la peana la petici\u00f3n granadina de que Felipe IV tuviese una sucesi\u00f3n lo antes posible<\/p>\n<p style=\"text-align: justify;\">Espa\u00f1a, y Granada, empezaron a organizar rogativas para que su monarca obtuviese la dicha de engendrar un hijo var\u00f3n, sano, que diese continuidad a la estirpe. La ciudad de Granada estaba inmersa por aquellos tiempos en el debate inmaculista; hab\u00eda decidido erigir una columna al Triunfo de la Virgen en el descampado de la Merced, en Puerta de Elvira. Se encarg\u00f3 el escultor Alonso de Mena. El cabildo orden\u00f3 grabar en la cara principal de la peana la petici\u00f3n granadina de que Felipe IV tuviese una sucesi\u00f3n lo antes posible. El encargo no se materializ\u00f3 hasta casi una d\u00e9cada m\u00e1s tarde, cuando en fue levantada la columna coronada por la Virgen del Triunfo. La inscripci\u00f3n existe todav\u00eda y dice lo siguiente:<\/p>\n<div class=\"media media-element-container media-default\" style=\"text-align: justify;\">\n<div id=\"file-101309\" class=\"file file-image file-image-jpeg\">\n<div class=\"content\"><img data-recalc-dims=\"1\" loading=\"lazy\" decoding=\"async\" class=\"media-element file-default\" src=\"https:\/\/i0.wp.com\/www.elindependientedegranada.es\/sites\/default\/files\/pd._la_rogativa_escrita_en_1.jpg?resize=640%2C375&#038;ssl=1\" alt=\"\" width=\"640\" height=\"375\" data-delta=\"21\" \/><\/div>\n<\/div>\n<\/div>\n<p style=\"text-align: justify;\">\u00a0<\/p>\n<div class=\"media media-element-container media-default\">\n<div id=\"file-101310\" class=\"file file-image file-image-jpeg\">\n<h2 class=\"element-invisible\" style=\"text-align: justify;\"><img data-recalc-dims=\"1\" loading=\"lazy\" decoding=\"async\" class=\"media-element file-default\" src=\"https:\/\/i0.wp.com\/www.elindependientedegranada.es\/sites\/default\/files\/pd._la_rogativa_escrita_en_2.jpg?resize=640%2C853&#038;ssl=1\" alt=\"\" width=\"640\" height=\"853\" data-delta=\"22\" \/><\/h2>\n<\/div>\n<\/div>\n<p class=\"sumari\" style=\"text-align: justify;\"><em>La rogativa escrita en la columna del Triunfo en 1624 result\u00f3 efectiva a medias, si es que no actu\u00f3 como gafe o maldici\u00f3n<\/em><\/p>\n<p style=\"text-align: justify;\"><strong>PD.<\/strong> La rogativa escrita en la columna del Triunfo en 1634 result\u00f3 efectiva a medias, si es que no actu\u00f3 como gafe o maldici\u00f3n. Parece como el chiste de los tres deseos, dos se cumplen y el otro no: El primer motivo para esta conclusi\u00f3n m\u00eda fue que Felipe IV se convirti\u00f3 en uno de los reyes de Espa\u00f1a que procrearon m\u00e1s hijos: 11 con su primera esposa francesa y otros 6 con su jovenc\u00edsima sobrina Mariana de Austria. Estuvo trayendo ni\u00f1os al mundo incansablemente con las dos mujeres, entre sus 15 y 57 a\u00f1os de edad. La mayor\u00eda murieron ni\u00f1os. \u00a0La segunda observaci\u00f3n es que Felipe IV fue el rey que engendr\u00f3 mayor n\u00famero de hijos bastardos; se le conocen al menos treinta de ellos, de los que s\u00f3lo reconoci\u00f3 a dos. Sal\u00eda disfrazado de palacio en busca de lupanares y amantes por los corrales de comedias. Por fin, en 1661 le naci\u00f3 Carlos II, el \u00fanico var\u00f3n que consigui\u00f3 cumplir 39 a\u00f1os y sucederle en el trono. Rein\u00f3 entre 1665 (con su madre como regente los primeros a\u00f1os). Se le apod\u00f3 <em>el Hechizado<\/em>. Gobern\u00f3 hasta 1700, en que falleci\u00f3 sin descendencia y aboc\u00f3 a Espa\u00f1a al cambio de la dinast\u00eda Austria por la de los Borbones.<\/p>\n<p style=\"text-align: justify;\">En otras caras de la columna hubo textos laudatorios que comentaban el contenido de los Libros Pl\u00fambeos. Pero fueron borrados cuando el Vaticano los conden\u00f3 por falsarios.<\/p>\n<div class=\"divdest\" style=\"text-align: justify;\"><strong>INFORMACI\u00d3N COMPLEMENTARIA.<\/strong> Existen varias cr\u00f3nicas escritas por quienes acompa\u00f1aban a la Corte en aquel viaje, la principal de Jacinto de Herrera Sotomayor. Tambi\u00e9n el cronista local Henr\u00edquez de Jorquera dej\u00f3 unos p\u00e1rrafos escritos de la visita en sus <em>Anales de Granada<\/em>. Aunque la mejor forma de conocer con todo detalle el viaje a las Andaluc\u00edas se contiene en el completo libro publicado por Francisco S\u00e1nchez-Montes con el t\u00edtulo <em>El viaje de Felipe IV a Andaluc\u00eda en 1624<\/em>.<\/div>\n<\/div>\n<div style=\"text-align: justify;\">\u00a0<\/div>\n<div style=\"text-align: justify;\"><span class=\"autor\"><strong>Gabriel Pozo Felguera<\/strong> <\/span><\/div>\n<div>\u00a0<\/div>\n<div>FOTO: Reconstrucci\u00f3n ideal del lugar que ocup\u00f3 la Puerta Real entre 1610 y 1790.\u00a0<\/div>\n<div>\u00a0<\/div>\n<div>http:\/\/www.elindependientedegranada.es\/ciudadania\/puerta-real-cumple-400-anos-semana-santa<\/div>\n","protected":false},"excerpt":{"rendered":"<p>1624-2024, CUATRO SIGLOS DE LA VISITA DE FELIPE IV \u00bfConoces por qu\u00e9 se llama Puerta&#8230;<\/p>\n","protected":false},"author":1,"featured_media":68166,"comment_status":"closed","ping_status":"closed","sticky":false,"template":"","format":"standard","meta":{"_coblocks_attr":"","_coblocks_dimensions":"","_coblocks_responsive_height":"","_coblocks_accordion_ie_support":"","jetpack_post_was_ever_published":false,"_jetpack_newsletter_access":"","_jetpack_dont_email_post_to_subs":false,"_jetpack_newsletter_tier_id":0,"_jetpack_memberships_contains_paywalled_content":false,"_jetpack_memberships_contains_paid_content":false,"footnotes":"","jetpack_publicize_message":"","jetpack_publicize_feature_enabled":true,"jetpack_social_post_already_shared":true,"jetpack_social_options":{"image_generator_settings":{"template":"highway","default_image_id":0,"enabled":false},"version":2}},"categories":[10781,44,6937],"tags":[],"class_list":["post-68165","post","type-post","status-publish","format-standard","has-post-thumbnail","hentry","category-granada","category-noticias-de-hoy","category-sociedad"],"jetpack_publicize_connections":[],"jetpack_featured_media_url":"https:\/\/i0.wp.com\/miradordeatarfe.es\/wp-content\/uploads\/2024\/03\/reconstruccion_ideal_del_lugar_que_por.jpg?fit=617%2C481&ssl=1","jetpack_likes_enabled":true,"jetpack_sharing_enabled":true,"_links":{"self":[{"href":"https:\/\/miradordeatarfe.es\/index.php?rest_route=\/wp\/v2\/posts\/68165","targetHints":{"allow":["GET"]}}],"collection":[{"href":"https:\/\/miradordeatarfe.es\/index.php?rest_route=\/wp\/v2\/posts"}],"about":[{"href":"https:\/\/miradordeatarfe.es\/index.php?rest_route=\/wp\/v2\/types\/post"}],"author":[{"embeddable":true,"href":"https:\/\/miradordeatarfe.es\/index.php?rest_route=\/wp\/v2\/users\/1"}],"replies":[{"embeddable":true,"href":"https:\/\/miradordeatarfe.es\/index.php?rest_route=%2Fwp%2Fv2%2Fcomments&post=68165"}],"version-history":[{"count":4,"href":"https:\/\/miradordeatarfe.es\/index.php?rest_route=\/wp\/v2\/posts\/68165\/revisions"}],"predecessor-version":[{"id":68173,"href":"https:\/\/miradordeatarfe.es\/index.php?rest_route=\/wp\/v2\/posts\/68165\/revisions\/68173"}],"wp:featuredmedia":[{"embeddable":true,"href":"https:\/\/miradordeatarfe.es\/index.php?rest_route=\/wp\/v2\/media\/68166"}],"wp:attachment":[{"href":"https:\/\/miradordeatarfe.es\/index.php?rest_route=%2Fwp%2Fv2%2Fmedia&parent=68165"}],"wp:term":[{"taxonomy":"category","embeddable":true,"href":"https:\/\/miradordeatarfe.es\/index.php?rest_route=%2Fwp%2Fv2%2Fcategories&post=68165"},{"taxonomy":"post_tag","embeddable":true,"href":"https:\/\/miradordeatarfe.es\/index.php?rest_route=%2Fwp%2Fv2%2Ftags&post=68165"}],"curies":[{"name":"wp","href":"https:\/\/api.w.org\/{rel}","templated":true}]}}