{"id":68178,"date":"2024-03-26T11:27:17","date_gmt":"2024-03-26T10:27:17","guid":{"rendered":"https:\/\/miradordeatarfe.es\/?p=68178"},"modified":"2024-03-26T11:34:50","modified_gmt":"2024-03-26T10:34:50","slug":"entretenido-partido-en-el-municipal-de-atarfe-con-un-justo-reparto-de-puntos-2-2","status":"publish","type":"post","link":"https:\/\/miradordeatarfe.es\/?p=68178","title":{"rendered":"Entretenido partido en el Municipal de Atarfe con un justo reparto de puntos 2-2"},"content":{"rendered":"<h2>El conjunto verdiblanco igual\u00f3 en la segunda mitad un 0-2 ante el Atl\u00e9tico Porcuna, l\u00edder de la categor\u00eda<\/h2>\n<p style=\"text-align: justify;\">Dos equipos muy necesitados se vieron las caras en el duelo de la jornada 25, el Atarfe al borde de los puestos de descenso y el l\u00edder,, Porcuna, intentando sobreponerse a sus \u00faltimos resultados.\u00a0<\/p>\n<p style=\"text-align: justify;\">No pudo empezar mejor el choque porque a los dos minutos los jienenses, en su primer acercamiento logran abrir el marcador, Tate se aprovech\u00f3 de una serie de rechaces en el \u00e1rea atarfe\u00f1a para batir a la media vuelta y dentro del \u00e1rea chica a V\u00edctor para poner el 0-1. El Atarfe trat\u00f3 de recomponerse tras el duro golpe y \u00d3scar desde el centro del campo casi sorprende a Pozo, que envi\u00f3 a c\u00f3rner. Pero el l\u00edder golpe\u00f3 de nuevo, en el trece Tate recibe el taconazo de Castilla y desde la frontal golpe\u00f3 duro y puso bal\u00f3n fuera del alcance del meta local. Dos faltas casi consecutivas del central Fran al borde del \u00e1rea le costaron la expulsi\u00f3n por doble amarilla y a partir de ah\u00ed cambi\u00f3 el gui\u00f3n. El Atarfe se vino arriba y estuvo cerca de recortar la diferencia con una ocasi\u00f3n inmejorable del reci\u00e9n incorporado Marcley, que solo ante Pozo mand\u00f3 por encima del larguero. Poco antes del descanso un zurdazo desde Casares oblig\u00f3 al portero visitante a intervenir con una parada de lujo para desviar el bal\u00f3n a c\u00f3rner, en la primera de las varias intervenciones decisiva del meta jienense.\u00a0<\/p>\n<p style=\"text-align: justify;\">Comenz\u00f3 la segunda mitad con un Atarfe que crey\u00f3 en sus opciones ante un Porcuna que confi\u00f3 en el esfuerzo grupal para mantener su merecida renta del primer tiempo. En el minuto 4, Pozo rechaz\u00f3 con el pie una buena combinaci\u00f3n entre Adam y Casares. El propio Casares recort\u00f3 en el pico del \u00e1rea y su remate lo repeli\u00f3 con dificultad Pozo. Poco despu\u00e9s, en ese asedio inicial del Atarfe, es Cristian el que prob\u00f3 fortuna desde lejos y el bal\u00f3n sali\u00f3 un palmo por encima del larguero. Acto seguido el equipo jienense volvi\u00f3 a asomarse al \u00e1rea contraria con un chut desde el borde del \u00e1rea de Omar y V\u00edctor se luci\u00f3. En el minuto diez el cuadro verdiblanco encontr\u00f3 el premio, Toni Iglesias sorprendi\u00f3 con un zurdazo a la misma escuadra que hizo imposible la estirada de Pozo. Signific\u00f3 el 1-2 y el efecto necesario para seguir creyendo. Solo siete minutos despu\u00e9s la presi\u00f3n adelantada del Atarfe llev\u00f3 a un robo de Adam, con pase al espacio para Toni Iglesias, que control\u00f3 y remat\u00f3 ajustado al palo para establecer la igualada. El Atarfe no se conform\u00f3, hizo lo m\u00e1s dif\u00edcil, y en el minuto 30, Marcley aprovech\u00f3 un bal\u00f3n en largo, que no despejaron los centrales, para plantarse solo ante Pozo, que volvi\u00f3 a rechazar impidiendo la remontada local. Los \u00faltimos quince minutos fueron m\u00e1s igualados porque ambos equipos dieron por bueno el empate y nadie quiso correr riesgos. Tono Iglesias tuvo el 3-2 con un remate desde el \u00e1rea peque\u00f1a, tras bajar el bal\u00f3n con el pecho remat\u00f3 alto. En la siguiente jugada, V\u00edctor evit\u00f3 el 2-3 con un parad\u00f3n tras un gran remate de Mario en el descuento.\u00a0<\/p>\n<p><strong>JES\u00daS ROSILLO<\/strong><\/p>\n<p>FOTO: <i>El Atarfe Industrial mereci\u00f3 m\u00e1s ante el l\u00edder (J. PALMA \/ ARCHIVO) <\/i><\/p>\n<p>https:\/\/www.granadaenjuego.com\/atarfe-industrial-\/entretenido-partido-en-el-municipal-de-atarfe-con-un-justo-reparto-de-puntos-2-2<\/p>\n<div class=\"limpia\">\n<div class=\"grid_9 alpha posts noticiabig\">\n<p><strong>ATARFE INDUSTRIAL:<\/strong> V\u00edctor Jim\u00e9nez, Claudio, Chavo, Carlos (Dennis Christopher Jr, m. 46), \u00d3scar, Kery (Sanna, m. 35), Casares (Desting, m. 85), Zarcos (Marcley, m. 35), Toni, Cristian (David Reinoso, m. 89) y Adam<\/p>\n<p><strong>ATL\u00c9TICO PORCUNA: <\/strong>Pozo, Edu Olea, Calzado (Jos\u00e9 Luis, m. 83), Omar, Javi Castilla (Adri Delgado, m. 75), Mario P\u00e9rez, Fran Gonz\u00e1lez, Manolillo (Sanabria, m. 69), Salvi, Juanjo y Tate (Willy , m. 65)<\/p>\n<p><strong>GOLES<\/strong>: 0-1, m.1, Tate; 0-2, m.13, Tate; 1-2, m.55, Toni (55&#8242;); 2-2, m.61, Toni<\/p>\n<p><strong>\u00c1RBITRO<\/strong>: Sanchez Rubio, Jose Javier (Almer\u00eda). Amonest\u00f3 por los locales a Marcley y por los visitantes a Antonio Bueno, Calzado, Omar. Expuls\u00f3 por los visitantes a Fran Gonz\u00e1lez (Doble amarilla 28&#8242;).<\/p>\n<p><strong>INCIDENCIAS<\/strong>: Encuentro de la jornada 25\u00aa en Divisi\u00f3n de Honor en el Campo Municipal de Atarfe ante 150 aficionados.\u00a0<\/p>\n<p><img data-recalc-dims=\"1\" decoding=\"async\" src=\"https:\/\/i0.wp.com\/i.ibb.co\/qMfy2rv\/image-4.jpg?w=640&#038;ssl=1\" alt=\"\" \/><\/p>\n<div class=\"limpia\">\u00a0<\/div>\n<\/div>\n<div class=\"grid_3 omega posts\">\n<div class=\"widget\">\u00a0<\/div>\n<\/div>\n<\/div>\n","protected":false},"excerpt":{"rendered":"<p>El conjunto verdiblanco igual\u00f3 en la segunda mitad un 0-2 ante el Atl\u00e9tico Porcuna, l\u00edder&#8230;<\/p>\n","protected":false},"author":1,"featured_media":68179,"comment_status":"closed","ping_status":"closed","sticky":false,"template":"","format":"standard","meta":{"_coblocks_attr":"","_coblocks_dimensions":"","_coblocks_responsive_height":"","_coblocks_accordion_ie_support":"","jetpack_post_was_ever_published":false,"_jetpack_newsletter_access":"","_jetpack_dont_email_post_to_subs":false,"_jetpack_newsletter_tier_id":0,"_jetpack_memberships_contains_paywalled_content":false,"_jetpack_memberships_contains_paid_content":false,"footnotes":"","jetpack_publicize_message":"","jetpack_publicize_feature_enabled":true,"jetpack_social_post_already_shared":true,"jetpack_social_options":{"image_generator_settings":{"template":"highway","default_image_id":0,"enabled":false},"version":2}},"categories":[1161,182,186,44],"tags":[],"class_list":["post-68178","post","type-post","status-publish","format-standard","has-post-thumbnail","hentry","category-ciudadania","category-deportes","category-instituciones","category-noticias-de-hoy"],"jetpack_publicize_connections":[],"jetpack_featured_media_url":"https:\/\/i0.wp.com\/miradordeatarfe.es\/wp-content\/uploads\/2024\/03\/imagen55714_0_original.jpg?fit=1100%2C817&ssl=1","jetpack_likes_enabled":true,"jetpack_sharing_enabled":true,"_links":{"self":[{"href":"https:\/\/miradordeatarfe.es\/index.php?rest_route=\/wp\/v2\/posts\/68178","targetHints":{"allow":["GET"]}}],"collection":[{"href":"https:\/\/miradordeatarfe.es\/index.php?rest_route=\/wp\/v2\/posts"}],"about":[{"href":"https:\/\/miradordeatarfe.es\/index.php?rest_route=\/wp\/v2\/types\/post"}],"author":[{"embeddable":true,"href":"https:\/\/miradordeatarfe.es\/index.php?rest_route=\/wp\/v2\/users\/1"}],"replies":[{"embeddable":true,"href":"https:\/\/miradordeatarfe.es\/index.php?rest_route=%2Fwp%2Fv2%2Fcomments&post=68178"}],"version-history":[{"count":1,"href":"https:\/\/miradordeatarfe.es\/index.php?rest_route=\/wp\/v2\/posts\/68178\/revisions"}],"predecessor-version":[{"id":68180,"href":"https:\/\/miradordeatarfe.es\/index.php?rest_route=\/wp\/v2\/posts\/68178\/revisions\/68180"}],"wp:featuredmedia":[{"embeddable":true,"href":"https:\/\/miradordeatarfe.es\/index.php?rest_route=\/wp\/v2\/media\/68179"}],"wp:attachment":[{"href":"https:\/\/miradordeatarfe.es\/index.php?rest_route=%2Fwp%2Fv2%2Fmedia&parent=68178"}],"wp:term":[{"taxonomy":"category","embeddable":true,"href":"https:\/\/miradordeatarfe.es\/index.php?rest_route=%2Fwp%2Fv2%2Fcategories&post=68178"},{"taxonomy":"post_tag","embeddable":true,"href":"https:\/\/miradordeatarfe.es\/index.php?rest_route=%2Fwp%2Fv2%2Ftags&post=68178"}],"curies":[{"name":"wp","href":"https:\/\/api.w.org\/{rel}","templated":true}]}}