{"id":68182,"date":"2024-03-27T10:52:21","date_gmt":"2024-03-27T09:52:21","guid":{"rendered":"https:\/\/miradordeatarfe.es\/?p=68182"},"modified":"2024-03-27T10:54:56","modified_gmt":"2024-03-27T09:54:56","slug":"atarfe-vivio-su-via-crucis-viviente","status":"publish","type":"post","link":"https:\/\/miradordeatarfe.es\/?p=68182","title":{"rendered":"ATARFE vivi\u00f3 su Via Crucis viviente"},"content":{"rendered":"<h3 style=\"text-align: justify;\"><strong>D\u00e9cimo aniversario de esta iniciativa que lleva a cabo un grupo fieles de la parroquia de Atarfe. <\/strong><\/h3>\n<p>Un centenar de vecinos protagonizaron el domingo de Ramos el V\u00eda Crucis viviente por las calles de Atarfe, que se ha convertido en el principal atractivo de los actos que se celebran en el municipio con motivo de la Semana Santa.<\/p>\n<p style=\"text-align: justify;\">Desde hace diez, un grupo de fieles de la parroquia de Atarfe llevaron a las calles de su pueblo los misterios de Cristo en su Pasi\u00f3n, muerte y Resurrecci\u00f3n, en el via crucis viviente que celebr\u00f3 el Domingo de ramos, a las 18 horas, desde la ermita de Santa Ana.<\/p>\n<p style=\"text-align: justify;\">Esta iniciativa se inici\u00f3 en la Cuaresma del a\u00f1o 2014 y, desde entonces, ha recorrido algunos pueblos donde ha sido solicitada su representaci\u00f3n, como N\u00edvar, Cogollos, Pe\u00f1uelas y L\u00e1char. Tambi\u00e9n, en Granada, donde se represent\u00f3 por primera vez en 2015, en la Plaza de las Pasiegas, ante la majestuosa catedral y en sus alrededores.<\/p>\n<p style=\"text-align: justify;\">\u201cQuisimos hacer realidad una idea que ven\u00eda del consejo parroquial dando vueltas. En un mes lo montamos entero para poder representarlo en esa Cuaresma. Nuestra idea fundamental era orar como un via crucis viviente por las calles de nuestro pueblo, invitando a todos los cristianos y personas de buena voluntad a revivir y a vivir la Pasi\u00f3n, muerte y Resurrecci\u00f3n de Jes\u00fas de Nazaret\u201d.<\/p>\n<p style=\"text-align: justify;\"><a href=\"https:\/\/i0.wp.com\/miradordeatarfe.es\/wp-content\/uploads\/2024\/03\/IMG20240324181732-scaled.jpg?ssl=1\"><img data-recalc-dims=\"1\" loading=\"lazy\" decoding=\"async\" class=\"alignnone size-medium wp-image-68186\" src=\"https:\/\/i0.wp.com\/miradordeatarfe.es\/wp-content\/uploads\/2024\/03\/IMG20240324181732.jpg?resize=300%2C226&#038;ssl=1\" alt=\"\" width=\"300\" height=\"226\" srcset=\"https:\/\/i0.wp.com\/miradordeatarfe.es\/wp-content\/uploads\/2024\/03\/IMG20240324181732-scaled.jpg?resize=300%2C226&amp;ssl=1 300w, https:\/\/i0.wp.com\/miradordeatarfe.es\/wp-content\/uploads\/2024\/03\/IMG20240324181732-scaled.jpg?resize=1024%2C771&amp;ssl=1 1024w, https:\/\/i0.wp.com\/miradordeatarfe.es\/wp-content\/uploads\/2024\/03\/IMG20240324181732-scaled.jpg?resize=768%2C578&amp;ssl=1 768w, https:\/\/i0.wp.com\/miradordeatarfe.es\/wp-content\/uploads\/2024\/03\/IMG20240324181732-scaled.jpg?resize=1536%2C1157&amp;ssl=1 1536w, https:\/\/i0.wp.com\/miradordeatarfe.es\/wp-content\/uploads\/2024\/03\/IMG20240324181732-scaled.jpg?resize=2048%2C1542&amp;ssl=1 2048w, https:\/\/i0.wp.com\/miradordeatarfe.es\/wp-content\/uploads\/2024\/03\/IMG20240324181732-scaled.jpg?resize=1320%2C994&amp;ssl=1 1320w, https:\/\/i0.wp.com\/miradordeatarfe.es\/wp-content\/uploads\/2024\/03\/IMG20240324181732-scaled.jpg?w=1920&amp;ssl=1 1920w\" sizes=\"auto, (max-width: 300px) 100vw, 300px\" \/><\/a><a href=\"https:\/\/i0.wp.com\/miradordeatarfe.es\/wp-content\/uploads\/2024\/03\/IMG20240324182001-scaled.jpg?ssl=1\"><img data-recalc-dims=\"1\" loading=\"lazy\" decoding=\"async\" class=\"alignnone size-medium wp-image-68187\" src=\"https:\/\/i0.wp.com\/miradordeatarfe.es\/wp-content\/uploads\/2024\/03\/IMG20240324182001.jpg?resize=300%2C226&#038;ssl=1\" alt=\"\" width=\"300\" height=\"226\" srcset=\"https:\/\/i0.wp.com\/miradordeatarfe.es\/wp-content\/uploads\/2024\/03\/IMG20240324182001-scaled.jpg?resize=300%2C226&amp;ssl=1 300w, https:\/\/i0.wp.com\/miradordeatarfe.es\/wp-content\/uploads\/2024\/03\/IMG20240324182001-scaled.jpg?resize=1024%2C771&amp;ssl=1 1024w, https:\/\/i0.wp.com\/miradordeatarfe.es\/wp-content\/uploads\/2024\/03\/IMG20240324182001-scaled.jpg?resize=768%2C578&amp;ssl=1 768w, https:\/\/i0.wp.com\/miradordeatarfe.es\/wp-content\/uploads\/2024\/03\/IMG20240324182001-scaled.jpg?resize=1536%2C1157&amp;ssl=1 1536w, https:\/\/i0.wp.com\/miradordeatarfe.es\/wp-content\/uploads\/2024\/03\/IMG20240324182001-scaled.jpg?resize=2048%2C1542&amp;ssl=1 2048w, https:\/\/i0.wp.com\/miradordeatarfe.es\/wp-content\/uploads\/2024\/03\/IMG20240324182001-scaled.jpg?resize=1320%2C994&amp;ssl=1 1320w, https:\/\/i0.wp.com\/miradordeatarfe.es\/wp-content\/uploads\/2024\/03\/IMG20240324182001-scaled.jpg?w=1920&amp;ssl=1 1920w\" sizes=\"auto, (max-width: 300px) 100vw, 300px\" \/><\/a><a href=\"https:\/\/i0.wp.com\/miradordeatarfe.es\/wp-content\/uploads\/2024\/03\/IMG20240324183000-scaled.jpg?ssl=1\"><img data-recalc-dims=\"1\" loading=\"lazy\" decoding=\"async\" class=\"alignnone size-medium wp-image-68188\" src=\"https:\/\/i0.wp.com\/miradordeatarfe.es\/wp-content\/uploads\/2024\/03\/IMG20240324183000.jpg?resize=300%2C226&#038;ssl=1\" alt=\"\" width=\"300\" height=\"226\" srcset=\"https:\/\/i0.wp.com\/miradordeatarfe.es\/wp-content\/uploads\/2024\/03\/IMG20240324183000-scaled.jpg?resize=300%2C226&amp;ssl=1 300w, https:\/\/i0.wp.com\/miradordeatarfe.es\/wp-content\/uploads\/2024\/03\/IMG20240324183000-scaled.jpg?resize=1024%2C771&amp;ssl=1 1024w, https:\/\/i0.wp.com\/miradordeatarfe.es\/wp-content\/uploads\/2024\/03\/IMG20240324183000-scaled.jpg?resize=768%2C578&amp;ssl=1 768w, https:\/\/i0.wp.com\/miradordeatarfe.es\/wp-content\/uploads\/2024\/03\/IMG20240324183000-scaled.jpg?resize=1536%2C1157&amp;ssl=1 1536w, https:\/\/i0.wp.com\/miradordeatarfe.es\/wp-content\/uploads\/2024\/03\/IMG20240324183000-scaled.jpg?resize=2048%2C1542&amp;ssl=1 2048w, https:\/\/i0.wp.com\/miradordeatarfe.es\/wp-content\/uploads\/2024\/03\/IMG20240324183000-scaled.jpg?resize=1320%2C994&amp;ssl=1 1320w, https:\/\/i0.wp.com\/miradordeatarfe.es\/wp-content\/uploads\/2024\/03\/IMG20240324183000-scaled.jpg?w=1920&amp;ssl=1 1920w\" sizes=\"auto, (max-width: 300px) 100vw, 300px\" \/>\u00a0\u00a0 <\/a><a href=\"https:\/\/i0.wp.com\/miradordeatarfe.es\/wp-content\/uploads\/2024\/03\/432197499_122166780542023154_5553780555466109959_n.jpg?ssl=1\"><img data-recalc-dims=\"1\" loading=\"lazy\" decoding=\"async\" class=\"alignnone size-medium wp-image-68184\" src=\"https:\/\/i0.wp.com\/miradordeatarfe.es\/wp-content\/uploads\/2024\/03\/432197499_122166780542023154_5553780555466109959_n.jpg?resize=224%2C300&#038;ssl=1\" alt=\"\" width=\"224\" height=\"300\" srcset=\"https:\/\/i0.wp.com\/miradordeatarfe.es\/wp-content\/uploads\/2024\/03\/432197499_122166780542023154_5553780555466109959_n.jpg?resize=224%2C300&amp;ssl=1 224w, https:\/\/i0.wp.com\/miradordeatarfe.es\/wp-content\/uploads\/2024\/03\/432197499_122166780542023154_5553780555466109959_n.jpg?resize=766%2C1024&amp;ssl=1 766w, https:\/\/i0.wp.com\/miradordeatarfe.es\/wp-content\/uploads\/2024\/03\/432197499_122166780542023154_5553780555466109959_n.jpg?resize=768%2C1027&amp;ssl=1 768w, https:\/\/i0.wp.com\/miradordeatarfe.es\/wp-content\/uploads\/2024\/03\/432197499_122166780542023154_5553780555466109959_n.jpg?w=900&amp;ssl=1 900w\" sizes=\"auto, (max-width: 224px) 100vw, 224px\" \/><\/a><\/p>\n<p style=\"text-align: justify;\">Una semana antes de su representaci\u00f3n en Atarfe estuvo en la residencia de ancianos de las Hermanitas de los pobres, manteniendo su recorrido completo, pero m\u00e1s corto.<\/p>\n<div dir=\"auto\" style=\"text-align: justify;\">Este a\u00f1o, X aniversario, <em>\u00abhemos querido acercarnos a quienes, por distintas circunstancias como edad, enfermedad, etc., no pueden vivirlo.\u00a0 Por ello el domingo, 17 de marzo lo vivieron con ellos en la Residencia de Ancianos de las Hermanitas de los Pobres de Granada. Cada a\u00f1o ponemos en marcha este V\u00eda Crucis con much\u00edsima ilusi\u00f3n, alegr\u00eda y un cuidado trabajo. Es una iniciativa en crecimiento y abierta a ni\u00f1os, j\u00f3venes, mayores y \u201ca todo el mundo\u201d y que esperamos poder seguir viviendo muchos a\u00f1os porque el \u00fanico protagonismo en este acto religioso es el encuentro con el amor de Dios\u00bb<\/em>.<\/div>\n<p>&nbsp;<\/p>\n<p>&nbsp;<\/p>\n<p>&nbsp;<\/p>\n","protected":false},"excerpt":{"rendered":"<p>D\u00e9cimo aniversario de esta iniciativa que lleva a cabo un grupo fieles de la parroquia&#8230;<\/p>\n","protected":false},"author":1,"featured_media":68183,"comment_status":"closed","ping_status":"closed","sticky":false,"template":"","format":"standard","meta":{"_coblocks_attr":"","_coblocks_dimensions":"","_coblocks_responsive_height":"","_coblocks_accordion_ie_support":"","jetpack_post_was_ever_published":false,"_jetpack_newsletter_access":"","_jetpack_dont_email_post_to_subs":false,"_jetpack_newsletter_tier_id":0,"_jetpack_memberships_contains_paywalled_content":false,"_jetpack_memberships_contains_paid_content":false,"footnotes":"","jetpack_publicize_message":"","jetpack_publicize_feature_enabled":true,"jetpack_social_post_already_shared":false,"jetpack_social_options":{"image_generator_settings":{"template":"highway","default_image_id":0,"enabled":false},"version":2}},"categories":[2,186,44],"tags":[],"class_list":["post-68182","post","type-post","status-publish","format-standard","has-post-thumbnail","hentry","category-atarfe","category-instituciones","category-noticias-de-hoy"],"jetpack_publicize_connections":[],"jetpack_featured_media_url":"https:\/\/i0.wp.com\/miradordeatarfe.es\/wp-content\/uploads\/2024\/03\/432098126_122166780512023154_6410634230920155172_n.jpg?fit=1694%2C982&ssl=1","jetpack_likes_enabled":true,"jetpack_sharing_enabled":true,"_links":{"self":[{"href":"https:\/\/miradordeatarfe.es\/index.php?rest_route=\/wp\/v2\/posts\/68182","targetHints":{"allow":["GET"]}}],"collection":[{"href":"https:\/\/miradordeatarfe.es\/index.php?rest_route=\/wp\/v2\/posts"}],"about":[{"href":"https:\/\/miradordeatarfe.es\/index.php?rest_route=\/wp\/v2\/types\/post"}],"author":[{"embeddable":true,"href":"https:\/\/miradordeatarfe.es\/index.php?rest_route=\/wp\/v2\/users\/1"}],"replies":[{"embeddable":true,"href":"https:\/\/miradordeatarfe.es\/index.php?rest_route=%2Fwp%2Fv2%2Fcomments&post=68182"}],"version-history":[{"count":2,"href":"https:\/\/miradordeatarfe.es\/index.php?rest_route=\/wp\/v2\/posts\/68182\/revisions"}],"predecessor-version":[{"id":68191,"href":"https:\/\/miradordeatarfe.es\/index.php?rest_route=\/wp\/v2\/posts\/68182\/revisions\/68191"}],"wp:featuredmedia":[{"embeddable":true,"href":"https:\/\/miradordeatarfe.es\/index.php?rest_route=\/wp\/v2\/media\/68183"}],"wp:attachment":[{"href":"https:\/\/miradordeatarfe.es\/index.php?rest_route=%2Fwp%2Fv2%2Fmedia&parent=68182"}],"wp:term":[{"taxonomy":"category","embeddable":true,"href":"https:\/\/miradordeatarfe.es\/index.php?rest_route=%2Fwp%2Fv2%2Fcategories&post=68182"},{"taxonomy":"post_tag","embeddable":true,"href":"https:\/\/miradordeatarfe.es\/index.php?rest_route=%2Fwp%2Fv2%2Ftags&post=68182"}],"curies":[{"name":"wp","href":"https:\/\/api.w.org\/{rel}","templated":true}]}}