{"id":68192,"date":"2024-03-27T09:07:15","date_gmt":"2024-03-27T08:07:15","guid":{"rendered":"https:\/\/miradordeatarfe.es\/?p=68192"},"modified":"2024-03-26T21:14:56","modified_gmt":"2024-03-26T20:14:56","slug":"la-junta-rectifica-y-reconoce-el-liderazgo-del-parque-de-las-ciencias-en-andalucia","status":"publish","type":"post","link":"https:\/\/miradordeatarfe.es\/?p=68192","title":{"rendered":"La Junta rectifica y reconoce el liderazgo del Parque de las Ciencias en Andaluc\u00eda"},"content":{"rendered":"<div id=\"main\">\n<div class=\"item\">\n<h3 class=\"anteti\" style=\"text-align: justify;\">Los planes de la Junta hab\u00edan suscitado duras cr\u00edticas por la afrenta al museo granadino<\/h3>\n<div class=\"cols2-2\">\n<div class=\"colA\">\n<div class=\"entrad\" style=\"text-align: justify;\">Rebaja las iniciales pretensiones para el centro Principia de M\u00e1laga, que ya no tendr\u00e1 la consideraci\u00f3n de Instituto Andaluz de Divulgaci\u00f3n Educativa de la Ciencia, como proyectaba el Gobierno andaluz.<\/div>\n<div class=\"cuerpo\">\n<p style=\"text-align: justify;\">La Junta de Andaluc\u00eda ha rectificado, tras las cr\u00edticas que hab\u00eda suscitado su <a href=\"https:\/\/www.elindependientedegranada.es\/economia\/junta-desaira-parque-ciencias-crea-instituto-andaluz-divulgacion-educativa-ciencia-con-sede\">decisi\u00f3n de impulsar en M\u00e1laga un Instituto Andaluz de Divulgaci\u00f3n Educativa de la Ciencia<\/a>, como adelant\u00f3 <em>El Independiente de Granada<\/em>, por la afrenta que supon\u00eda para el Parque de las Ciencias de Granada.\u00a0<\/p>\n<p style=\"text-align: justify;\">Este martes, <a href=\"https:\/\/www.elindependientedegranada.es\/politica\/psoe-e-iu-solicitan-convocatoria-extraordinaria-consejo-parque-ciencias-decision-llevar\">a petici\u00f3n de PSOE e IU, el Consejo Rector del Parque de las Ciencias se ha reunido para abordar esos planes de la Junta<\/a>, que finalmente se ha visto obligada a dar marcha atr\u00e1s en su decisi\u00f3n. Ha habido otra rectificaci\u00f3n m\u00e1s, pues aunque la Delegaci\u00f3n de la Junta en Granada hab\u00eda trasladado a la Asociaci\u00f3n de Amigos del Parque la negativa a que intervinieran en la reuni\u00f3n, finalmente s\u00ed se han puesto en contacto con el colectivo para que participara en el debate y expusiera sus argumentos.<\/p>\n<p style=\"text-align: justify;\">Fundamentalmente lo que ha anunciado <strong>la consejera de Desarrollo Educativo, Patricia del Pozo<\/strong>, es que rebaja la dimensi\u00f3n que iba a darle al Centro Principia de M\u00e1laga, que pretend\u00eda impulsar con la consideraci\u00f3n de centro encargado de las acciones de Divulgaci\u00f3n Educativa de la Ciencia.\u00a0<\/p>\n<p class=\"sumari\" style=\"text-align: justify;\">Para resarcir el desaire que este proyecto ha supuesto para el Parque, la Junta le encomienda la estrategia andaluza de divulgaci\u00f3n educativa de la ciencia, el as con el que el Gobierno andaluz ha enmendado su err\u00f3nea decisi\u00f3n<\/p>\n<p style=\"text-align: justify;\">Para resarcir el desaire que este proyecto ha supuesto para el Parque, como demuestra la movilizaci\u00f3n no ya de partidos pol\u00edticos, que tambi\u00e9n, en el caso de PSOE e IU, sino de la sociedad civil granadina a trav\u00e9s de la <a href=\"https:\/\/www.elindependientedegranada.es\/economia\/asociacion-amigos-parque-pide-junta-que-pare-creacion-instituto-andaluz-ciencia-malaga\">Asociaci\u00f3n de Amigos del Parque de las Ciencias -que ha reunido miles de firmas-<\/a> y <a href=\"https:\/\/www.elindependientedegranada.es\/economia\/ugr-expresa-honda-preocupacion-creacion-instituto-andaluz-divulgacion-educativa-ciencia\">la propia Universidad de Granada, que expres\u00f3 su malestar<\/a>, la consejera ha anunciado que encomienda al museo granadino la estrategia andaluza de divulgaci\u00f3n educativa de la ciencia. Es el as con el que el Gobierno andaluz enmienda su err\u00f3nea decisi\u00f3n, muy cuestionada.<\/p>\n<p style=\"text-align: justify;\">Seg\u00fan Del Pozo, la idea es \u00abreforzar la colaboraci\u00f3n entre distintos centros y entidades en el objetivo com\u00fan de \u00abllevar la pasi\u00f3n por la ciencia a todos los rincones de Andaluc\u00eda\u00bb. Ha explicado tras la reuni\u00f3n que el equipo del Parque de las Ciencias formular\u00e1 una primera propuesta, asumir\u00e1 el asesoramiento y coordinar\u00e1 su aplicaci\u00f3n en Andaluc\u00eda, para lo que contar\u00e1 con el apoyo de la Consejer\u00eda de Desarrollo Educativo.<\/p>\n<p style=\"text-align: justify;\">\u00abEl liderazgo del Parque de las Ciencias es claro e incuestionable, y motivo de orgullo para todos los andaluces\u00bb, ha afirmado la consejera, quien ha detallado que, en estos casi 30 a\u00f1os de existencia, \u00abha convivido sin problema con otros centros que, dentro de su \u00e1mbito, tambi\u00e9n han hecho y siguen haciendo una gran labor de divulgaci\u00f3n de la ciencia\u00bb.<\/p>\n<p style=\"text-align: justify;\">En ese sentido, ha aclarado que en el Centro Principia de M\u00e1laga, para el que la Consejer\u00eda est\u00e1 elaborando un decreto, en estos momentos en fase de borrador, con las alegaciones del tr\u00e1mite de audiencia p\u00fablica, se trabaja para que \u00abpueda seguir ofreciendo el mismo servicio que ven\u00eda haciendo antes de la extinci\u00f3n del consorcio al que pertenec\u00eda\u00bb.<\/p>\n<p style=\"text-align: justify;\">Para ello, el borrador establece la figura jur\u00eddica de servicio administrativo de gesti\u00f3n diferenciada, manteniendo el mismo objeto y competencias que cuando se cre\u00f3 el consorcio, ahora extinguido, en 2003, mientras que el Parque de las Ciencias es una entidad de derecho p\u00fablico con personalidad propia.<\/p>\n<p style=\"text-align: justify;\">Con todo, el segundo borrador del decreto recoge que el centro malague\u00f1o \u00abmantendr\u00e1 su nombre tradicional de Principia\u00bb. Es decir, ya no ser\u00e1 el Instituto Andaluz de Divulgaci\u00f3n Educativa de la Ciencia. Dispondr\u00e1 del mismo personal y presupuesto y \u00abcomo hasta ahora, seguir\u00e1 con su gran labor de divulgaci\u00f3n sin que suponga ninguna merma para el Parque de las Ciencias, todo lo contrario, sino que sumar\u00e1 como todos los dem\u00e1s centros que se incorporar\u00e1n a esa estrategia andaluza de divulgaci\u00f3n educativa de la ciencia\u00bb.<\/p>\n<p><strong> <span class=\"autor\"> IndeGranada<\/span><\/strong><\/p>\n<p>FOTO: El director del Parque con la alcaldesa y los representantes de Junta, Diputaci\u00f3n y Ayuntamiento.\u00a0<span class=\"firma\">junta<\/span><\/p>\n<\/div>\n<p>https:\/\/www.elindependientedegranada.es\/economia\/junta-rectifica-reconoce-liderazgo-parque-ciencias-andalucia<\/p>\n<\/div>\n<\/div>\n<\/div>\n<\/div>\n","protected":false},"excerpt":{"rendered":"<p>Los planes de la Junta hab\u00edan suscitado duras cr\u00edticas por la afrenta al museo granadino&#8230;<\/p>\n","protected":false},"author":1,"featured_media":68193,"comment_status":"closed","ping_status":"closed","sticky":false,"template":"","format":"standard","meta":{"_coblocks_attr":"","_coblocks_dimensions":"","_coblocks_responsive_height":"","_coblocks_accordion_ie_support":"","jetpack_post_was_ever_published":false,"_jetpack_newsletter_access":"","_jetpack_dont_email_post_to_subs":false,"_jetpack_newsletter_tier_id":0,"_jetpack_memberships_contains_paywalled_content":false,"_jetpack_memberships_contains_paid_content":false,"footnotes":"","jetpack_publicize_message":"","jetpack_publicize_feature_enabled":true,"jetpack_social_post_already_shared":true,"jetpack_social_options":{"image_generator_settings":{"template":"highway","default_image_id":0,"enabled":false},"version":2}},"categories":[1161,10781,44],"tags":[],"class_list":["post-68192","post","type-post","status-publish","format-standard","has-post-thumbnail","hentry","category-ciudadania","category-granada","category-noticias-de-hoy"],"jetpack_publicize_connections":[],"jetpack_featured_media_url":"https:\/\/i0.wp.com\/miradordeatarfe.es\/wp-content\/uploads\/2024\/03\/paque_ciencia.jpg?fit=650%2C433&ssl=1","jetpack_likes_enabled":true,"jetpack_sharing_enabled":true,"_links":{"self":[{"href":"https:\/\/miradordeatarfe.es\/index.php?rest_route=\/wp\/v2\/posts\/68192","targetHints":{"allow":["GET"]}}],"collection":[{"href":"https:\/\/miradordeatarfe.es\/index.php?rest_route=\/wp\/v2\/posts"}],"about":[{"href":"https:\/\/miradordeatarfe.es\/index.php?rest_route=\/wp\/v2\/types\/post"}],"author":[{"embeddable":true,"href":"https:\/\/miradordeatarfe.es\/index.php?rest_route=\/wp\/v2\/users\/1"}],"replies":[{"embeddable":true,"href":"https:\/\/miradordeatarfe.es\/index.php?rest_route=%2Fwp%2Fv2%2Fcomments&post=68192"}],"version-history":[{"count":3,"href":"https:\/\/miradordeatarfe.es\/index.php?rest_route=\/wp\/v2\/posts\/68192\/revisions"}],"predecessor-version":[{"id":68196,"href":"https:\/\/miradordeatarfe.es\/index.php?rest_route=\/wp\/v2\/posts\/68192\/revisions\/68196"}],"wp:featuredmedia":[{"embeddable":true,"href":"https:\/\/miradordeatarfe.es\/index.php?rest_route=\/wp\/v2\/media\/68193"}],"wp:attachment":[{"href":"https:\/\/miradordeatarfe.es\/index.php?rest_route=%2Fwp%2Fv2%2Fmedia&parent=68192"}],"wp:term":[{"taxonomy":"category","embeddable":true,"href":"https:\/\/miradordeatarfe.es\/index.php?rest_route=%2Fwp%2Fv2%2Fcategories&post=68192"},{"taxonomy":"post_tag","embeddable":true,"href":"https:\/\/miradordeatarfe.es\/index.php?rest_route=%2Fwp%2Fv2%2Ftags&post=68192"}],"curies":[{"name":"wp","href":"https:\/\/api.w.org\/{rel}","templated":true}]}}