{"id":68216,"date":"2024-03-30T09:21:57","date_gmt":"2024-03-30T08:21:57","guid":{"rendered":"https:\/\/miradordeatarfe.es\/?p=68216"},"modified":"2024-03-28T13:28:08","modified_gmt":"2024-03-28T12:28:08","slug":"comision-ciudadana-por-la-verdad-en-las-residencias-de-madrid","status":"publish","type":"post","link":"https:\/\/miradordeatarfe.es\/?p=68216","title":{"rendered":"Comisi\u00f3n Ciudadana por la Verdad en las Residencias de Madrid."},"content":{"rendered":"<h3><span class=\"css-1qaijid r-bcqeeo r-qvutc0 r-poiln3\">Los familiares de las v\u00edctimas en las residencias de la Comunidad de Madrid nos piden colaboraci\u00f3n para difundir esta Carta Abierta donde se solicita a la Fiscal\u00eda General del Estado y al CGPJ que intervengan sin demora. Maxima difusi\u00f3n<\/span><\/h3>\n<p><a href=\"https:\/\/i0.wp.com\/miradordeatarfe.es\/wp-content\/uploads\/2024\/03\/carta.jpeg?ssl=1\"><img data-recalc-dims=\"1\" loading=\"lazy\" decoding=\"async\" class=\"alignnone wp-image-68217 \" src=\"https:\/\/i0.wp.com\/miradordeatarfe.es\/wp-content\/uploads\/2024\/03\/carta.jpeg?resize=640%2C854&#038;ssl=1\" alt=\"\" width=\"640\" height=\"854\" srcset=\"https:\/\/i0.wp.com\/miradordeatarfe.es\/wp-content\/uploads\/2024\/03\/carta.jpeg?w=675&amp;ssl=1 675w, https:\/\/i0.wp.com\/miradordeatarfe.es\/wp-content\/uploads\/2024\/03\/carta.jpeg?resize=225%2C300&amp;ssl=1 225w\" sizes=\"auto, (max-width: 640px) 100vw, 640px\" \/><\/a><\/p>\n<p>A petici\u00f3n de familiares de personas fallecidas durante la pandemia del COVID-19 en las residencias de la Comunidad de Madrid, agrupados en las plataformas Marea de Residencias y Verdad y Justicia en las Residencias de Madrid, el 13 de abril de 2023 se constituye la Comisi\u00f3n Ciudadana por la Verdad en las Residencias de Madrid. Su creaci\u00f3n tiene la finalidad de investigar las muertes de <strong>7.291 personas que fallecieron<\/strong> en dichos centros sin recibir atenci\u00f3n sanitaria adecuada.<\/p>\n<p>Para ello, la Comisi\u00f3n ha recopilado informaci\u00f3n de diverso tipo, informaci\u00f3n que ha proyectado luz y respuestas sobre muchos de los interrogantes que las familias de las v\u00edctimas se plantean en torno a la gesti\u00f3n de las residencias durante las primeras semanas de la pandemia. Este proceso de recopilaci\u00f3n culmin\u00f3 los d\u00edas 15 y 16 de septiembre, con la celebraci\u00f3n de dos \u201cJornadas de Comparecencias\u201d, durante las que la Comisi\u00f3n obtuvo el testimonio de residentes, familiares, trabajadoras, periodistas, miembros de organizaciones sociales y representantes p\u00fablicos que vivieron en primera persona lo sucedido o dedicaron mucho tiempo a investigarlo. A partir de toda la informaci\u00f3n recogida se ha elaborado el Informe que aqu\u00ed se presenta:<\/p>\n<h2><a href=\"https:\/\/comisionverdadresidenciasmadrid.files.wordpress.com\/2024\/03\/informe-de-la-comision-ciudadana-por-la-verdad-en-las-residencias-de-madrid.pdf\">https:\/\/comisionverdadresidenciasmadrid.files.wordpress.com\/2024\/03\/informe-de-la-comision-ciudadana-por-la-verdad-en-las-residencias-de-madrid.pdf<\/a><\/h2>\n","protected":false},"excerpt":{"rendered":"<p>Los familiares de las v\u00edctimas en las residencias de la Comunidad de Madrid nos piden&#8230;<\/p>\n","protected":false},"author":1,"featured_media":68218,"comment_status":"closed","ping_status":"closed","sticky":false,"template":"","format":"standard","meta":{"_coblocks_attr":"","_coblocks_dimensions":"","_coblocks_responsive_height":"","_coblocks_accordion_ie_support":"","jetpack_post_was_ever_published":false,"_jetpack_newsletter_access":"","_jetpack_dont_email_post_to_subs":false,"_jetpack_newsletter_tier_id":0,"_jetpack_memberships_contains_paywalled_content":false,"_jetpack_memberships_contains_paid_content":false,"footnotes":"","jetpack_publicize_message":"","jetpack_publicize_feature_enabled":true,"jetpack_social_post_already_shared":true,"jetpack_social_options":{"image_generator_settings":{"template":"highway","default_image_id":0,"enabled":false},"version":2}},"categories":[1161,44,7671,10],"tags":[],"class_list":["post-68216","post","type-post","status-publish","format-standard","has-post-thumbnail","hentry","category-ciudadania","category-noticias-de-hoy","category-politica","category-salud"],"jetpack_publicize_connections":[],"jetpack_featured_media_url":"https:\/\/i0.wp.com\/miradordeatarfe.es\/wp-content\/uploads\/2024\/03\/th-5.jpeg?fit=316%2C180&ssl=1","jetpack_likes_enabled":true,"jetpack_sharing_enabled":true,"_links":{"self":[{"href":"https:\/\/miradordeatarfe.es\/index.php?rest_route=\/wp\/v2\/posts\/68216","targetHints":{"allow":["GET"]}}],"collection":[{"href":"https:\/\/miradordeatarfe.es\/index.php?rest_route=\/wp\/v2\/posts"}],"about":[{"href":"https:\/\/miradordeatarfe.es\/index.php?rest_route=\/wp\/v2\/types\/post"}],"author":[{"embeddable":true,"href":"https:\/\/miradordeatarfe.es\/index.php?rest_route=\/wp\/v2\/users\/1"}],"replies":[{"embeddable":true,"href":"https:\/\/miradordeatarfe.es\/index.php?rest_route=%2Fwp%2Fv2%2Fcomments&post=68216"}],"version-history":[{"count":1,"href":"https:\/\/miradordeatarfe.es\/index.php?rest_route=\/wp\/v2\/posts\/68216\/revisions"}],"predecessor-version":[{"id":68219,"href":"https:\/\/miradordeatarfe.es\/index.php?rest_route=\/wp\/v2\/posts\/68216\/revisions\/68219"}],"wp:featuredmedia":[{"embeddable":true,"href":"https:\/\/miradordeatarfe.es\/index.php?rest_route=\/wp\/v2\/media\/68218"}],"wp:attachment":[{"href":"https:\/\/miradordeatarfe.es\/index.php?rest_route=%2Fwp%2Fv2%2Fmedia&parent=68216"}],"wp:term":[{"taxonomy":"category","embeddable":true,"href":"https:\/\/miradordeatarfe.es\/index.php?rest_route=%2Fwp%2Fv2%2Fcategories&post=68216"},{"taxonomy":"post_tag","embeddable":true,"href":"https:\/\/miradordeatarfe.es\/index.php?rest_route=%2Fwp%2Fv2%2Ftags&post=68216"}],"curies":[{"name":"wp","href":"https:\/\/api.w.org\/{rel}","templated":true}]}}