{"id":68221,"date":"2024-03-31T11:38:03","date_gmt":"2024-03-31T09:38:03","guid":{"rendered":"https:\/\/miradordeatarfe.es\/?p=68221"},"modified":"2024-03-28T14:22:35","modified_gmt":"2024-03-28T13:22:35","slug":"el-festival-atarfe-vega-rock-esta-a-la-vuelta-de-la-esquina","status":"publish","type":"post","link":"https:\/\/miradordeatarfe.es\/?p=68221","title":{"rendered":"\u00a1El Festival Atarfe Vega Rock est\u00e1 a la vuelta de la esquina!\u00a0"},"content":{"rendered":"<div class=\"x11i5rnm xat24cr x1mh8g0r x1vvkbs xtlvy1s x126k92a\">\n<h3 dir=\"auto\" style=\"text-align: justify;\">\u00a1Atenci\u00f3n, rockeros de Atarfe y alrededores! El s\u00e1bado 27 de Abril tenemos una cita con el mejor Rock en el Festival Atarfe Vega Rock. \u00a1Ya es hora de ir calentando motores!<\/h3>\n<h1 style=\"text-align: justify;\">End of Me<\/h1>\n<\/div>\n<div class=\"x11i5rnm xat24cr x1mh8g0r x1vvkbs xtlvy1s x126k92a\" style=\"text-align: justify;\">\n<div dir=\"auto\">Cuando es creada la m\u00fasica con distintos matices, distintos g\u00e9neros y puntos de vista, nace la fusi\u00f3n. End of me es necesariamente Rock en toda su extensi\u00f3n con ligeros tintes cambiantes seg\u00fan la necesidad de los m\u00fasicos a la hora de componer. Las influencias son muy notables, digamoslo en pocas palabras, Rock de los 70,90 pero con un sonido actual y una visi\u00f3n mucho m\u00e1s ecl\u00e9ctica. Bandas como Led zepellin, The Cult, Soundgarden,Pearl Jam, Alice in Chains,Black Sabath, Mastodon, In Flames, Mother love bone, Temple of the dog, Kyuss y un largo etc, han sido metidas en una batidora cerebral y EOM es el resultado final. El longplay Toxicsteen ha sido concebido sin ninguna otra pretensi\u00f3n que agradecer y sin duda alguna, contribuir al legado de una m\u00fasica hecha con pasi\u00f3n y energia c\u00f3mo la de todos las bandas que nos han influenciado sin desmerecer a todas esas formaciones que tambi\u00e9n han creado canciones inmortales pero sin embargo la voraz industria musical no les ha dejado hueco.<\/div>\n<\/div>\n<div dir=\"auto\" style=\"text-align: justify;\">\u00a0<\/div>\n<div dir=\"auto\" style=\"text-align: justify;\">\n<div dir=\"auto\"><a href=\"https:\/\/i0.wp.com\/miradordeatarfe.es\/wp-content\/uploads\/2024\/03\/Captura-de-pantalla-2019-05-14-a-las-17.43.02.png?ssl=1\"><img data-recalc-dims=\"1\" loading=\"lazy\" decoding=\"async\" class=\"alignnone wp-image-68223 size-full\" src=\"https:\/\/i0.wp.com\/miradordeatarfe.es\/wp-content\/uploads\/2024\/03\/Captura-de-pantalla-2019-05-14-a-las-17.43.02.png?resize=640%2C426&#038;ssl=1\" alt=\"\" width=\"640\" height=\"426\" srcset=\"https:\/\/i0.wp.com\/miradordeatarfe.es\/wp-content\/uploads\/2024\/03\/Captura-de-pantalla-2019-05-14-a-las-17.43.02.png?w=864&amp;ssl=1 864w, https:\/\/i0.wp.com\/miradordeatarfe.es\/wp-content\/uploads\/2024\/03\/Captura-de-pantalla-2019-05-14-a-las-17.43.02.png?resize=300%2C200&amp;ssl=1 300w, https:\/\/i0.wp.com\/miradordeatarfe.es\/wp-content\/uploads\/2024\/03\/Captura-de-pantalla-2019-05-14-a-las-17.43.02.png?resize=768%2C511&amp;ssl=1 768w\" sizes=\"auto, (max-width: 640px) 100vw, 640px\" \/><\/a><\/div>\n<h1 dir=\"auto\">Hora Zulu<\/h1>\n<\/div>\n<div dir=\"auto\" style=\"text-align: justify;\">\u00a0<\/div>\n<div dir=\"auto\" style=\"text-align: justify;\">Hora Zulu se forma en Granada en el a\u00f1o 2000. El entonces guitarrista de <a title=\"Lagartija Nick\" href=\"https:\/\/es.wikipedia.org\/wiki\/Lagartija_Nick\">Lagartija Nick<\/a>, Paco Luque, abandona la banda por desavenencias con el grupo y comienzan de forma casi fortuita los ensayos con <a class=\"new\" title=\"Javi Cordovilla (a\u00fan no redactado)\" href=\"https:\/\/es.wikipedia.org\/w\/index.php?title=Javi_Cordovilla&amp;action=edit&amp;redlink=1\">Javi Cordovilla<\/a>, hasta ese momento t\u00e9cnico de escenario de la misma banda. Javi hab\u00eda tocado desde los 15 a\u00f1os en bandas locales del <i><a title=\"Rock\" href=\"https:\/\/es.wikipedia.org\/wiki\/Rock\">rock<\/a><\/i> como Sucio Frank hasta compartir escenario por primera vez con Paco Luque en el a\u00f1o 1998 en el proyecto SinPerd\u00f3n. Los nuevos ensayos toman perspectivas muy diferentes a los conceptos musicales de anteriores grupos, y es a finales del a\u00f1o 2000 cuando comienza a forjarse lo que ser\u00e1 la formaci\u00f3n r\u00edgida de la banda. El cantante Aitor Vel\u00e1zquez y ChicoNar DJ, procedentes de la banda de rap <a class=\"new\" title=\"Lakademia (a\u00fan no redactado)\" href=\"https:\/\/es.wikipedia.org\/w\/index.php?title=Lakademia&amp;action=edit&amp;redlink=1\">Lakademia<\/a> (tambi\u00e9n conocida como La Real Academia del Verso) se unir\u00e1n al proyecto para dar forma a la primera maqueta de la banda, hasta ese momento conocida como Supastarz Sound System. La maqueta la integran 5 temas, <i>Supastarz<\/i>, <i>Tango<\/i>, <i>La mecha que prende<\/i> (m\u00e1s adelante, <i>A ver si me entiendes<\/i>), <i>Los muchachos in the Night<\/i>, y <i>Yonkis<\/i> (posteriormente, <i>Yonki supastar<\/i>). Para la grabaci\u00f3n de los bajos, Paco recurre a su antiguo compa\u00f1ero de la banda de <i><a title=\"Thrash metal\" href=\"https:\/\/es.wikipedia.org\/wiki\/Thrash_metal\">thrash metal<\/a><\/i> <a class=\"new\" title=\"Perpetual (banda espa\u00f1ola) (a\u00fan no redactado)\" href=\"https:\/\/es.wikipedia.org\/w\/index.php?title=Perpetual_(banda_espa%C3%B1ola)&amp;action=edit&amp;redlink=1\">Perpetual<\/a>, en la que ambos militaron a\u00f1os antes consiguiendo un gran \u00e9xito de cr\u00edtica y p\u00fablico a nivel nacional. La maqueta, grabada y mezclada en dos d\u00edas, aparecer\u00eda con el nombre de <i>Supastarz<\/i> y fue presentada por primera vez en directo el 29 de diciembre de 2001, en la sala Industrial Copera de Granada, en lo que ser\u00eda el primer concierto en directo de la banda.<\/div>\n<div dir=\"auto\" style=\"text-align: justify;\">\u00a0<\/div>\n<div dir=\"auto\" style=\"text-align: justify;\"><a href=\"https:\/\/i0.wp.com\/miradordeatarfe.es\/wp-content\/uploads\/2024\/03\/Hora_Zulu_band.jpg?ssl=1\"><img data-recalc-dims=\"1\" loading=\"lazy\" decoding=\"async\" class=\"alignnone wp-image-68222 \" src=\"https:\/\/i0.wp.com\/miradordeatarfe.es\/wp-content\/uploads\/2024\/03\/Hora_Zulu_band.jpg?resize=640%2C424&#038;ssl=1\" alt=\"\" width=\"640\" height=\"424\" srcset=\"https:\/\/i0.wp.com\/miradordeatarfe.es\/wp-content\/uploads\/2024\/03\/Hora_Zulu_band.jpg?w=320&amp;ssl=1 320w, https:\/\/i0.wp.com\/miradordeatarfe.es\/wp-content\/uploads\/2024\/03\/Hora_Zulu_band.jpg?resize=300%2C199&amp;ssl=1 300w\" sizes=\"auto, (max-width: 640px) 100vw, 640px\" \/><\/a><\/div>\n<div dir=\"auto\" style=\"text-align: justify;\">\n<div dir=\"auto\">\n<h1><b>Derby Motoreta\u2019s Burrito Kachimba<\/b> (<b>DMBK<\/b><\/h1>\n<\/div>\n<\/div>\n<div dir=\"auto\" style=\"text-align: justify;\">\n<p><b>Derby Motoreta\u2019s Burrito Kachimba<\/b> (<b>DMBK<\/b>) es un grupo de <a title=\"Rock andaluz\" href=\"https:\/\/es.wikipedia.org\/wiki\/Rock_andaluz\">rock andaluz<\/a> con influencias muy variadas como el <a title=\"Flamenco\" href=\"https:\/\/es.wikipedia.org\/wiki\/Flamenco\">flamenco<\/a>, el <a title=\"Rock psicod\u00e9lico\" href=\"https:\/\/es.wikipedia.org\/wiki\/Rock_psicod%C3%A9lico\">rock psicod\u00e9lico<\/a>, el <a title=\"Rock progresivo\" href=\"https:\/\/es.wikipedia.org\/wiki\/Rock_progresivo\">rock progresivo<\/a> y el <a title=\"Stoner rock\" href=\"https:\/\/es.wikipedia.org\/wiki\/Stoner_rock\">stoner rock<\/a>. Ellos denominan su estilo <i>kinkidelia<\/i>.<sup id=\"cite_ref-1\" class=\"reference separada\"><\/sup><\/p>\n<p>El grupo se forma en Sevilla en 2017 y en la actualidad lo integran Dandy Piranha (voz), Bacca (guitarra), Gringo (guitarra), Soni (bajo), Papi Pachuli (bater\u00eda) y Machete Carrasco (sintetizador y teclados). Todos ellos hab\u00edan estado en otras bandas andaluzas como The Milkyway Express, Furia Trinidad, Glazz o Quentin Gas &amp; Los Z\u00edngaros.<sup id=\"cite_ref-2\" class=\"reference separada\"><\/sup><\/p>\n<p>En 2019 publican el \u00e1lbum <i>Derby Motoreta\u2019s Burrito Kachimba<\/i>,\u200b precedido de los singles <i>Aliento de Drag\u00f3n<\/i><sup id=\"cite_ref-4\" class=\"reference separada\"><\/sup> y <i>Nana del viejo mundo<\/i>.\u200b El disco incluye la canci\u00f3n <i>Nana del Caballo Grande<\/i>, con la colaboraci\u00f3n de <a title=\"Roc\u00edo M\u00e1rquez\" href=\"https:\/\/es.wikipedia.org\/wiki\/Roc%C3%ADo_M%C3%A1rquez\">Roc\u00edo M\u00e1rquez<\/a>,<sup id=\"cite_ref-6\" class=\"reference separada\"><a href=\"https:\/\/es.wikipedia.org\/wiki\/Derby_Motoreta%E2%80%99s_Burrito_Kachimba#cite_note-6\">6<\/a><\/sup>\u200b sobre un poema de <a title=\"Federico Garc\u00eda Lorca\" href=\"https:\/\/es.wikipedia.org\/wiki\/Federico_Garc%C3%ADa_Lorca\">Federico Garc\u00eda Lorca<\/a> que ya fue interpretado por <a title=\"Camar\u00f3n de la Isla\" href=\"https:\/\/es.wikipedia.org\/wiki\/Camar%C3%B3n_de_la_Isla\">Camar\u00f3n<\/a>, y la canci\u00f3n <i>Viejo Mundo<\/i> compuesta por <a title=\"Kiko Veneno\" href=\"https:\/\/es.wikipedia.org\/wiki\/Kiko_Veneno\">Kiko Veneno<\/a>. En 2020 publican el sencillo <i>El valle<\/i><sup id=\"cite_ref-7\" class=\"reference separada\"><a href=\"https:\/\/es.wikipedia.org\/wiki\/Derby_Motoreta%E2%80%99s_Burrito_Kachimba#cite_note-7\">7<\/a><\/sup>\u200b<sup id=\"cite_ref-8\" class=\"reference separada\"><a href=\"https:\/\/es.wikipedia.org\/wiki\/Derby_Motoreta%E2%80%99s_Burrito_Kachimba#cite_note-8\">8<\/a><\/sup>\u200b como anticipo de su siguiente LP <i>Hilo negro<\/i><sup id=\"cite_ref-9\" class=\"reference separada\"><a href=\"https:\/\/es.wikipedia.org\/wiki\/Derby_Motoreta%E2%80%99s_Burrito_Kachimba#cite_note-9\">9<\/a><\/sup>\u200b y el sencillo <i>Alas del mar<\/i> con la colaboraci\u00f3n de Kiko Veneno como cantante y compositor. En 2021 publican el sencillo <i>Gitana<\/i>. En abril de 2021 publican su \u00faltimo trabajo de estudio titulado Hilo Negro, dando comienzo a su gira.<\/p>\n<\/div>\n<p style=\"text-align: justify;\"><a href=\"https:\/\/i0.wp.com\/miradordeatarfe.es\/wp-content\/uploads\/2024\/03\/DERBY-MOTORETA%C2%B4S-BURRITO-KACHIMBA.jpg?ssl=1\"><img data-recalc-dims=\"1\" loading=\"lazy\" decoding=\"async\" class=\"alignnone wp-image-68224 size-full\" src=\"https:\/\/i0.wp.com\/miradordeatarfe.es\/wp-content\/uploads\/2024\/03\/DERBY-MOTORETA%C2%B4S-BURRITO-KACHIMBA.jpg?resize=640%2C393&#038;ssl=1\" alt=\"\" width=\"640\" height=\"393\" srcset=\"https:\/\/i0.wp.com\/miradordeatarfe.es\/wp-content\/uploads\/2024\/03\/DERBY-MOTORETA%C2%B4S-BURRITO-KACHIMBA.jpg?w=750&amp;ssl=1 750w, https:\/\/i0.wp.com\/miradordeatarfe.es\/wp-content\/uploads\/2024\/03\/DERBY-MOTORETA%C2%B4S-BURRITO-KACHIMBA.jpg?resize=300%2C184&amp;ssl=1 300w\" sizes=\"auto, (max-width: 640px) 100vw, 640px\" \/><\/a><\/p>\n<h1 style=\"text-align: justify;\">Reincidentes<\/h1>\n<p style=\"text-align: justify;\">El germen de Reincidentes se encuentra en la banda sevillana <b>Incidente Local<\/b>, que tuvo un fugaz paso por la escena de su ciudad entre 1985 y 1986. Posteriormente, los integrantes se involucraron activamente en las protestas estudiantiles de 1987, dando un concierto en la <a title=\"Universidad de Sevilla\" href=\"https:\/\/es.wikipedia.org\/wiki\/Universidad_de_Sevilla\">Universidad de Sevilla<\/a>, por entonces ocupada por los estudiantes.<\/p>\n<p style=\"text-align: justify;\">Despu\u00e9s de esto, Reincidentes dio un gran paso hacia su consolidaci\u00f3n al grabar en los estudios de <a title=\"Juanjo Pizarro\" href=\"https:\/\/es.wikipedia.org\/wiki\/Juanjo_Pizarro\">Juanjo Pizarro<\/a>. La maqueta que sali\u00f3 del estudio les sirvi\u00f3 para participar en un concurso de rock promovido por la Diputaci\u00f3n de Sevilla en 1989, donde quedaron finalistas.<\/p>\n<p style=\"text-align: justify;\">Desde entonces, Reincidentes ha crecido y desarrollado su personalidad, convirti\u00e9ndose en una de las bandas de rock de corte m\u00e1s social de <a title=\"Andaluc\u00eda\" href=\"https:\/\/es.wikipedia.org\/wiki\/Andaluc%C3%ADa\">Andaluc\u00eda<\/a> y <a title=\"Espa\u00f1a\" href=\"https:\/\/es.wikipedia.org\/wiki\/Espa%C3%B1a\">Espa\u00f1a<\/a>.<\/p>\n<p style=\"text-align: justify;\">Entre sus temas m\u00e1s conocidos est\u00e1n <i>Andaluc\u00eda entera<\/i> (dedicado al pueblo de aspiraciones comunistas <a title=\"Marinaleda\" href=\"https:\/\/es.wikipedia.org\/wiki\/Marinaleda\">Marinaleda<\/a>), <i>La historia se repite<\/i>, <i>Camela-3<\/i> (cr\u00edtica a la manipulaci\u00f3n informativa, atacando directamente a la cadena de televisi\u00f3n <a title=\"Antena 3\" href=\"https:\/\/es.wikipedia.org\/wiki\/Antena_3\">Antena 3<\/a>), <i>Vicio<\/i>, <i>Hablando con mi cerebro<\/i>, <i>Un pueblo<\/i> (sobre el conflicto vasco, con la colaboraci\u00f3n de <a title=\"Fermin Muguruza\" href=\"https:\/\/es.wikipedia.org\/wiki\/Fermin_Muguruza\">Fermin Muguruza<\/a>) o <i>Ay Dolores<\/i> (dedicada a las mujeres maltratadas, y donde se incluyen coros flamencos).<\/p>\n<p style=\"text-align: justify;\">En su obra queda claramente reflejada su ideolog\u00eda de <a title=\"Izquierda pol\u00edtica\" href=\"https:\/\/es.wikipedia.org\/wiki\/Izquierda_pol%C3%ADtica\">izquierdas<\/a>, como demuestran temas como <i>S\u00e1hara adelante<\/i> (de apoyo al <a class=\"mw-redirect\" title=\"S\u00e1hara Occidental\" href=\"https:\/\/es.wikipedia.org\/wiki\/S%C3%A1hara_Occidental\">S\u00e1hara Occidental<\/a>), <i>M\u00e9xico levanta<\/i> (en favor del <a title=\"Ej\u00e9rcito Zapatista de Liberaci\u00f3n Nacional\" href=\"https:\/\/es.wikipedia.org\/wiki\/Ej%C3%A9rcito_Zapatista_de_Liberaci%C3%B3n_Nacional\">movimiento zapatista<\/a>), <i>La republicana<\/i> (en favor de la <a class=\"mw-redirect\" title=\"II Rep\u00fablica Espa\u00f1ola\" href=\"https:\/\/es.wikipedia.org\/wiki\/II_Rep%C3%BAblica_Espa%C3%B1ola\">Rep\u00fablica Espa\u00f1ola<\/a>) o <i>Resistencia<\/i> (de apoyo a la <a class=\"mw-redirect\" title=\"Revoluci\u00f3n Cubana\" href=\"https:\/\/es.wikipedia.org\/wiki\/Revoluci%C3%B3n_Cubana\">Revoluci\u00f3n Cubana<\/a>). En algunas de sus canciones, como <i>Andaluces Levantaos<\/i> (versi\u00f3n del <a title=\"Himno de Andaluc\u00eda\" href=\"https:\/\/es.wikipedia.org\/wiki\/Himno_de_Andaluc%C3%ADa\">himno de Andaluc\u00eda<\/a>) o <i>Jornaleros andaluces<\/i>, han tratado temas <a title=\"Nacionalismo andaluz\" href=\"https:\/\/es.wikipedia.org\/wiki\/Nacionalismo_andaluz\">andalucistas<\/a>. En su disco <i><a title=\"Am\u00e9rica: canciones de ida y vuelta\" href=\"https:\/\/es.wikipedia.org\/wiki\/Am%C3%A9rica:_canciones_de_ida_y_vuelta\">Am\u00e9rica: canciones de ida y vuelta<\/a><\/i>, interpretan versiones de bandas y solistas hispanoamericanos, varios de ellos identificados con la m\u00fasica protesta y pensamientos izquierdistas. El grupo ha participado en numerosas ediciones de la hist\u00f3rica <a title=\"Fiesta del PCE\" href=\"https:\/\/es.wikipedia.org\/wiki\/Fiesta_del_PCE\">Fiesta del PCE<\/a>.<\/p>\n<p style=\"text-align: justify;\">Reincidentes es una banda que no solo no est\u00e1 en contra de la <a class=\"mw-redirect\" title=\"Pirater\u00eda (derecho de autor)\" href=\"https:\/\/es.wikipedia.org\/wiki\/Pirater%C3%ADa_(derecho_de_autor)\">pirater\u00eda<\/a> en la industria musical sino que la definen como \u00abmuy beneficiosa\u00bb para m\u00fasicos y autores, ya que consideran que con ella, las bandas alejadas de los circuitos comerciales, pueden llegar a ser conocidos por un p\u00fablico much\u00edsimo m\u00e1s numeroso y facilitar la realizaci\u00f3n de conciertos, que a su juicio es de donde verdaderamente le llega dinero al m\u00fasico.<sup id=\"cite_ref-3\" class=\"reference separada\"><\/sup>\u200b<\/p>\n<p style=\"text-align: justify;\"><a href=\"https:\/\/i0.wp.com\/miradordeatarfe.es\/wp-content\/uploads\/2024\/03\/Reincidentes.jpg?ssl=1\"><img data-recalc-dims=\"1\" loading=\"lazy\" decoding=\"async\" class=\"alignnone wp-image-68225 size-full\" src=\"https:\/\/i0.wp.com\/miradordeatarfe.es\/wp-content\/uploads\/2024\/03\/Reincidentes.jpg?resize=640%2C356&#038;ssl=1\" alt=\"\" width=\"640\" height=\"356\" srcset=\"https:\/\/i0.wp.com\/miradordeatarfe.es\/wp-content\/uploads\/2024\/03\/Reincidentes.jpg?w=800&amp;ssl=1 800w, https:\/\/i0.wp.com\/miradordeatarfe.es\/wp-content\/uploads\/2024\/03\/Reincidentes.jpg?resize=300%2C167&amp;ssl=1 300w, https:\/\/i0.wp.com\/miradordeatarfe.es\/wp-content\/uploads\/2024\/03\/Reincidentes.jpg?resize=768%2C427&amp;ssl=1 768w\" sizes=\"auto, (max-width: 640px) 100vw, 640px\" \/><\/a><\/p>\n<h1 style=\"text-align: justify;\">BOICOT<\/h1>\n<p style=\"text-align: justify;\">El grupo comenz\u00f3 a funcionar en 1987, tocando en m\u00fasica punk rock urbano. Despu\u00e9s de cambios en la formaci\u00f3n del grupo graba dos discos con el sello Barrab\u00e1s. El conjunto adquiere reconocimiento actuando en <a title=\"Madrid\" href=\"https:\/\/es.wikipedia.org\/wiki\/Madrid\">Madrid<\/a>, hasta que en el a\u00f1o 1995 rompe con el sello Barrab\u00e1s y decide lanzarse a la autogesti\u00f3n creando su propio sello discogr\u00e1fico independiente <a class=\"new\" title=\"Producciones BKT (a\u00fan no redactado)\" href=\"https:\/\/es.wikipedia.org\/w\/index.php?title=Producciones_BKT&amp;action=edit&amp;redlink=1\">Producciones BKT<\/a>. Hasta 1996 edita dos discos de vinilo m\u00e1s, <i><a title=\"Cr\u00eda cuervos (\u00e1lbum)\" href=\"https:\/\/es.wikipedia.org\/wiki\/Cr%C3%ADa_cuervos_(%C3%A1lbum)\">Cr\u00eda cuervos<\/a><\/i> y <i><a class=\"mw-redirect\" title=\"Tu Condena\" href=\"https:\/\/es.wikipedia.org\/wiki\/Tu_Condena\">Tu Condena<\/a><\/i>, y toca en diversos festivales de rock como <a title=\"Festimad\" href=\"https:\/\/es.wikipedia.org\/wiki\/Festimad\">Festimad<\/a>.<\/p>\n<p style=\"text-align: justify;\">Despu\u00e9s, sus componentes ponen en marcha el proyecto de lanzar una trilog\u00eda discogr\u00e1fica llamada <i>La Ruta del Ch\u00e9<\/i> entre 1997 y 1999 donde incluyen diferentes versiones como la de \u00abHasta siempre\u00bb de <a title=\"Carlos Puebla\" href=\"https:\/\/es.wikipedia.org\/wiki\/Carlos_Puebla\">Carlos Puebla<\/a> y grabadas mientras est\u00e1n en gira por algunos pa\u00edses como <a title=\"Cuba\" href=\"https:\/\/es.wikipedia.org\/wiki\/Cuba\">Cuba<\/a>, <a title=\"M\u00e9xico\" href=\"https:\/\/es.wikipedia.org\/wiki\/M%C3%A9xico\">M\u00e9xico<\/a>, o <a title=\"Argentina\" href=\"https:\/\/es.wikipedia.org\/wiki\/Argentina\">Argentina<\/a>. En esta etapa de <i>La Ruta del Ch\u00e9<\/i> toman influencias de la m\u00fasica hispanoamericana incluyendo en sus grabaciones instrumentos y ritmos <a class=\"mw-redirect\" title=\"Latino (Estados Unidos)\" href=\"https:\/\/es.wikipedia.org\/wiki\/Latino_(Estados_Unidos)\">hispanos<\/a>.<\/p>\n<p style=\"text-align: justify;\">Concluida <i>La Ruta del Ch\u00e9<\/i>, sacan un disco en directo titulado <i><a class=\"mw-redirect\" title=\"Historias Directas de Boikot\" href=\"https:\/\/es.wikipedia.org\/wiki\/Historias_Directas_de_Boikot\">Historias Directas de Boikot<\/a><\/i>, que en la edici\u00f3n original incluye un libro con la biograf\u00eda del grupo y un v\u00eddeo grabado durante la ruta. Despu\u00e9s editan dos discos m\u00e1s, <i><a title=\"De espaldas al mundo\" href=\"https:\/\/es.wikipedia.org\/wiki\/De_espaldas_al_mundo\">De espaldas al mundo<\/a><\/i>. y <i><a title=\"Tus problemas crecen\" href=\"https:\/\/es.wikipedia.org\/wiki\/Tus_problemas_crecen\">Tus problemas crecen<\/a> (<\/i>2004) en el que incluyen la canci\u00f3n <i><a title=\"Bajo el suelo\" href=\"https:\/\/es.wikipedia.org\/wiki\/Bajo_el_suelo\">Bajo el suelo<\/a><\/i> contra la <a title=\"Violencia de g\u00e9nero\" href=\"https:\/\/es.wikipedia.org\/wiki\/Violencia_de_g%C3%A9nero\">violencia de g\u00e9nero<\/a><sup id=\"cite_ref-1\" class=\"reference separada\"><a href=\"https:\/\/es.wikipedia.org\/wiki\/Boikot#cite_note-1\">1<\/a><\/sup>\u200b y <a title=\"Stop censura\" href=\"https:\/\/es.wikipedia.org\/wiki\/Stop_censura\">Stop censura<\/a> sobre el proceso del grupo <a title=\"Soziedad Alkoholika\" href=\"https:\/\/es.wikipedia.org\/wiki\/Soziedad_Alkoholika\">Soziedad Alkoholika<\/a> en la que ponen voz cantantes de numerosos grupos.<sup id=\"cite_ref-2\" class=\"reference separada\"><\/sup><\/p>\n<p style=\"text-align: justify;\">Durante 2007, al igual que en a\u00f1os anteriores, visitan diferentes festivales en <a title=\"Colombia\" href=\"https:\/\/es.wikipedia.org\/wiki\/Colombia\">Colombia<\/a>, <a title=\"Alemania\" href=\"https:\/\/es.wikipedia.org\/wiki\/Alemania\">Alemania<\/a> e <a title=\"Italia\" href=\"https:\/\/es.wikipedia.org\/wiki\/Italia\">Italia<\/a> y destaca su participaci\u00f3n en el <i>Barisarock<\/i>, un festival organizado bajo el lema \u00abpor la paz, el rock y la convivencia entre culturas\u00bb celebrado en el mes de agosto en <a title=\"Estambul\" href=\"https:\/\/es.wikipedia.org\/wiki\/Estambul\">Estambul<\/a>, <a title=\"Turqu\u00eda\" href=\"https:\/\/es.wikipedia.org\/wiki\/Turqu%C3%ADa\">Turqu\u00eda<\/a>. Durante ese a\u00f1o tambi\u00e9n participaron en la extensa gira <i>Ni un paso atr\u00e1s<\/i>, que la que act\u00faan en varias ciudades espa\u00f1olas junto a los grupos <a title=\"Reincidentes\" href=\"https:\/\/es.wikipedia.org\/wiki\/Reincidentes\">Reincidentes<\/a>, <a title=\"Porretas\" href=\"https:\/\/es.wikipedia.org\/wiki\/Porretas\">Porretas<\/a> y <a class=\"new\" title=\"Sonora (banda) (a\u00fan no redactado)\" href=\"https:\/\/es.wikipedia.org\/w\/index.php?title=Sonora_(banda)&amp;action=edit&amp;redlink=1\">Sonora<\/a>.<sup id=\"cite_ref-3\" class=\"reference separada\"><\/sup><\/p>\n<p style=\"text-align: justify;\">A finales de 2007 los componentes de Boikot viajaron a <a title=\"Mostar\" href=\"https:\/\/es.wikipedia.org\/wiki\/Mostar\">Mostar<\/a>, <a class=\"mw-redirect\" title=\"Bosnia\" href=\"https:\/\/es.wikipedia.org\/wiki\/Bosnia\">Bosnia<\/a> para grabar en el <i>Pavarotti Music Centre<\/i> su und\u00e9cimo disco, titulado <i><a title=\"Amaneci\u00f3\" href=\"https:\/\/es.wikipedia.org\/wiki\/Amaneci%C3%B3\">Amaneci\u00f3<\/a><\/i> y donde participan diferentes m\u00fasicos de <a title=\"Turbo-folk\" href=\"https:\/\/es.wikipedia.org\/wiki\/Turbo-folk\">folk balc\u00e1nico<\/a>, que se publica el 2 de abril de 2008 editado por la plataforma <a title=\"Realidad Musical\" href=\"https:\/\/es.wikipedia.org\/wiki\/Realidad_Musical\">Realidad Musical<\/a>. Poco antes, en febrero, Boikot emprende su primera gira en <a title=\"Jap\u00f3n\" href=\"https:\/\/es.wikipedia.org\/wiki\/Jap%C3%B3n\">Jap\u00f3n<\/a>, con un total de cinco conciertos.<sup id=\"cite_ref-4\" class=\"reference separada\"><a href=\"https:\/\/es.wikipedia.org\/wiki\/Boikot#cite_note-4\">4<\/a><\/sup>\u200b En diciembre del mismo a\u00f1o se public\u00f3 el disco en directo de la gira <i>Ni un paso atr\u00e1s<\/i>, donde se incluyen cuatro canciones de Boikot. Durante 2009, el cuarteto prosigue su actividad en directo actuando en numerosas localidades espa\u00f1olas y tambi\u00e9n en otros escenarios internacionales. En julio, los madrile\u00f1os regresan a <a title=\"Jap\u00f3n\" href=\"https:\/\/es.wikipedia.org\/wiki\/Jap%C3%B3n\">Jap\u00f3n<\/a>, donde logran publicar su disco <i>Amaneci\u00f3<\/i> y participan en el festival <a class=\"new\" title=\"Fuji Rock (a\u00fan no redactado)\" href=\"https:\/\/es.wikipedia.org\/w\/index.php?title=Fuji_Rock&amp;action=edit&amp;redlink=1\">Fuji Rock<\/a>,<sup id=\"cite_ref-5\" class=\"reference separada\"><a href=\"https:\/\/es.wikipedia.org\/wiki\/Boikot#cite_note-5\">5<\/a><\/sup>\u200b donde en su edici\u00f3n de 2009 tambi\u00e9n actuaron grupos como <a title=\"Oasis\" href=\"https:\/\/es.wikipedia.org\/wiki\/Oasis\">Oasis<\/a>, <a title=\"Weezer\" href=\"https:\/\/es.wikipedia.org\/wiki\/Weezer\">Weezer<\/a> o <a title=\"Franz Ferdinand\" href=\"https:\/\/es.wikipedia.org\/wiki\/Franz_Ferdinand\">Franz Ferdinand<\/a>, entre muchos otros.<\/p>\n<p style=\"text-align: justify;\">Durante el a\u00f1o 2011 <a class=\"new\" title=\"Txikitin (a\u00fan no redactado)\" href=\"https:\/\/es.wikipedia.org\/w\/index.php?title=Txikitin&amp;action=edit&amp;redlink=1\">Txikitin<\/a>, trompetista de <a title=\"Ska-P\" href=\"https:\/\/es.wikipedia.org\/wiki\/Ska-P\">Ska-P<\/a>, participa activamente en los conciertos del grupo. El \u00faltimo \u00e1lbum de la banda fue editado por <a title=\"Maldito Records\" href=\"https:\/\/es.wikipedia.org\/wiki\/Maldito_Records\">Maldito Records<\/a>, y sali\u00f3 finalmente a la venta el 1 de octubre de 2012 con el t\u00edtulo de <i><a title=\"L\u00e1grimas de rabia\" href=\"https:\/\/es.wikipedia.org\/wiki\/L%C3%A1grimas_de_rabia\">L\u00e1grimas de rabia<\/a><\/i>.<\/p>\n<p style=\"text-align: justify;\">A principios de 2014, se publica el segundo <a class=\"mw-redirect\" title=\"\u00c1lbum en directo\" href=\"https:\/\/es.wikipedia.org\/wiki\/%C3%81lbum_en_directo\">\u00e1lbum en directo<\/a> del grupo titulado <i>Boikotea!!!<\/i>, el cual fue grabado en el <a title=\"Festival En Vivo\" href=\"https:\/\/es.wikipedia.org\/wiki\/Festival_En_Vivo\">Festival En Vivo<\/a> celebrado en la ciudad de <a title=\"Getafe\" href=\"https:\/\/es.wikipedia.org\/wiki\/Getafe\">Getafe<\/a>. Ese mismo a\u00f1o entra en la formaci\u00f3n Xavi Arakama (Obrint Pas) como acorde\u00f3n.<\/p>\n<p style=\"text-align: justify;\">En 2018 entran tres nuevos miembros en el colectivo, Julio Maola (ex <a title=\"La Ra\u00edz (banda)\" href=\"https:\/\/es.wikipedia.org\/wiki\/La_Ra%C3%ADz_(banda)\">La Ra\u00edz<\/a>) a las voces, Albert Benavent (ex <a title=\"Obrint Pas\" href=\"https:\/\/es.wikipedia.org\/wiki\/Obrint_Pas\">Obrint Pas<\/a>) como trompetista y Jano Vela multinstrumentista.<\/p>\n<p style=\"text-align: justify;\">El 6 de agosto de 2019 tocan en Soto del Real como movimiento reivindicativo para la construcci\u00f3n de una l\u00ednea de ferrocarril para el municipio.<\/p>\n<p style=\"text-align: justify;\">En abril de 2020 lanzan una versi\u00f3n de la canci\u00f3n <i>Resistir\u00e9<\/i> de <a class=\"mw-redirect\" title=\"El D\u00fao Din\u00e1mico\" href=\"https:\/\/es.wikipedia.org\/wiki\/El_D%C3%BAo_Din%C3%A1mico\">El D\u00fao Din\u00e1mico<\/a>.<\/p>\n<p style=\"text-align: justify;\"><a href=\"https:\/\/i0.wp.com\/miradordeatarfe.es\/wp-content\/uploads\/2024\/03\/Concierto_de_Boikot_en_Hortaleza.jpg?ssl=1\"><img data-recalc-dims=\"1\" loading=\"lazy\" decoding=\"async\" class=\"alignnone wp-image-68226 \" src=\"https:\/\/i0.wp.com\/miradordeatarfe.es\/wp-content\/uploads\/2024\/03\/Concierto_de_Boikot_en_Hortaleza.jpg?resize=640%2C298&#038;ssl=1\" alt=\"\" width=\"640\" height=\"298\" \/><\/a><\/p>\n<h1 style=\"text-align: justify;\">Don Gonzalo DJ<\/h1>\n<p style=\"text-align: justify;\">En Granada todo el mundo cree conocer a\u00a0Don\u00a0Gonzalo, miles de granadinos han bailado con \u00e9l infinidad de veces. En mil y una noches\u00a0ha reventado pistas y desencajado meniscos.\u00a0Pero detr\u00e1s de la monta\u00f1a que se erige en las cabinas, de las patillas de tefl\u00f3n y las gafas con rayos X para ver en las almas de los chicos y las chicas. Detr\u00e1s de todo eso, se esconde un mel\u00f3mano sin igual, que ha ido acumulando y coleccionado infinidad de joyas. Cientos de discos que dejan al manido eclecticismo en un juego de ni\u00f1os. De Idles a los Byrds, de My Bloody Valentine a Morreo. Todo en su justa medida o en cantidades industriales. Lo que muchos no saben es que cuando no aparece por nuestras cabinas, posiblemente sea porque en alg\u00fan rinc\u00f3n de\u00a0Espa\u00f1a tambi\u00e9n se le necesita, o del extranjero (Londres, Edimburgo, Amberes\u2026), o cerrando festivales como el Sonorama, Esmorga, Pulpop, Granada Sound, Canela Party, Santander Music, el FIB\u2026<\/p>\n<p style=\"text-align: justify;\">Detr\u00e1s del pseud\u00f3nimo Don Gonzalo DJ se esconde un mel\u00f3mano sin igual, que ha ido acumulando y coleccionado infinidad de joyas, cientos de vinilos que dejan al manido eclecticismo en un juego de ni\u00f1os. De Idles a los Byrds, de My Bloody Valentine a Los Brincos. Todo en su justa medida o en cantidades industriales. Indie, sixties, rock \u2018n\u2019roll a toneladas, seleccionado con la actitud m\u00e1s descacharrante del panorama. Ha pinchado adem\u00e1s de por todas las salas de nuestro pa\u00eds en los Pa\u00edses Bajos, Bar Mondial (Amberes, B\u00e9lgica) y De Repliek (Melsele, B\u00e9lgica), y en festivales como Plastidepop (Zaragoza), Pulpop (Almer\u00eda), Easypop Weekend (Andorra, Teruel), Granapop (Granada), PSM Festival (Barcelona), en el Festival Internacional de Benic\u00e0ssim 2012, LemonPop, Sonorama, Santander Music Festival\u2026 entre muchos otros. Don Gonzalo es calidad, diversi\u00f3n, amor y el plus para el fiest\u00f3n.<\/p>\n<p style=\"text-align: justify;\">Don\u00a0Gonzalo\u00a0es calidad, diversi\u00f3n, amor, y el plus para el fiest\u00f3n.<\/p>\n<p style=\"text-align: justify;\"><a href=\"https:\/\/i0.wp.com\/miradordeatarfe.es\/wp-content\/uploads\/2024\/03\/DJ-2-scaled.jpeg?ssl=1\"><img data-recalc-dims=\"1\" loading=\"lazy\" decoding=\"async\" class=\"alignnone wp-image-68227 size-full\" src=\"https:\/\/i0.wp.com\/miradordeatarfe.es\/wp-content\/uploads\/2024\/03\/DJ-2-scaled.jpeg?resize=640%2C393&#038;ssl=1\" alt=\"\" width=\"640\" height=\"393\" srcset=\"https:\/\/i0.wp.com\/miradordeatarfe.es\/wp-content\/uploads\/2024\/03\/DJ-2-scaled.jpeg?w=2560&amp;ssl=1 2560w, https:\/\/i0.wp.com\/miradordeatarfe.es\/wp-content\/uploads\/2024\/03\/DJ-2-scaled.jpeg?resize=300%2C184&amp;ssl=1 300w, https:\/\/i0.wp.com\/miradordeatarfe.es\/wp-content\/uploads\/2024\/03\/DJ-2-scaled.jpeg?resize=1024%2C629&amp;ssl=1 1024w, https:\/\/i0.wp.com\/miradordeatarfe.es\/wp-content\/uploads\/2024\/03\/DJ-2-scaled.jpeg?resize=768%2C472&amp;ssl=1 768w, https:\/\/i0.wp.com\/miradordeatarfe.es\/wp-content\/uploads\/2024\/03\/DJ-2-scaled.jpeg?resize=1536%2C944&amp;ssl=1 1536w, https:\/\/i0.wp.com\/miradordeatarfe.es\/wp-content\/uploads\/2024\/03\/DJ-2-scaled.jpeg?resize=2048%2C1258&amp;ssl=1 2048w, https:\/\/i0.wp.com\/miradordeatarfe.es\/wp-content\/uploads\/2024\/03\/DJ-2-scaled.jpeg?resize=1320%2C811&amp;ssl=1 1320w, https:\/\/i0.wp.com\/miradordeatarfe.es\/wp-content\/uploads\/2024\/03\/DJ-2-scaled.jpeg?w=1920&amp;ssl=1 1920w\" sizes=\"auto, (max-width: 640px) 100vw, 640px\" \/><\/a><\/p>\n<div class=\"x11i5rnm xat24cr x1mh8g0r x1vvkbs xtlvy1s x126k92a\" style=\"text-align: justify;\">\n<h3 dir=\"auto\">Aqu\u00ed tienes los horarios de los conciertos para que no te pierdas a tus bandas favoritas:<\/h3>\n<\/div>\n<div class=\"x11i5rnm xat24cr x1mh8g0r x1vvkbs xtlvy1s x126k92a\" style=\"text-align: justify;\">\n<h3 dir=\"auto\"><span class=\"x3nfvp2 x1j61x8r x1fcty0u xdj266r xhhsvwb xat24cr xgzva0m xxymvpz xlup9mm x1kky2od\"><img loading=\"lazy\" decoding=\"async\" class=\"xz74otr\" src=\"https:\/\/static.xx.fbcdn.net\/images\/emoji.php\/v9\/t7e\/1\/16\/1f3a4.png\" alt=\"&#x1f3a4;\" width=\"16\" height=\"16\" \/><\/span> End of Me: 17:30 &#8211; 18:00<\/h3>\n<h3 dir=\"auto\"><span class=\"x3nfvp2 x1j61x8r x1fcty0u xdj266r xhhsvwb xat24cr xgzva0m xxymvpz xlup9mm x1kky2od\"><img loading=\"lazy\" decoding=\"async\" class=\"xz74otr\" src=\"https:\/\/static.xx.fbcdn.net\/images\/emoji.php\/v9\/t1f\/1\/16\/1f3b6.png\" alt=\"&#x1f3b6;\" width=\"16\" height=\"16\" \/><\/span> Hora Zul\u00fa: 18:30 &#8211; 19:30<\/h3>\n<h3 dir=\"auto\"><span class=\"x3nfvp2 x1j61x8r x1fcty0u xdj266r xhhsvwb xat24cr xgzva0m xxymvpz xlup9mm x1kky2od\"><img loading=\"lazy\" decoding=\"async\" class=\"xz74otr\" src=\"https:\/\/static.xx.fbcdn.net\/images\/emoji.php\/v9\/tc6\/1\/16\/1f680.png\" alt=\"&#x1f680;\" width=\"16\" height=\"16\" \/><\/span> Derby Motoreta&#8217;s Burrito Kachimba: 20:00 &#8211; 21:20<\/h3>\n<h3 dir=\"auto\"><span class=\"x3nfvp2 x1j61x8r x1fcty0u xdj266r xhhsvwb xat24cr xgzva0m xxymvpz xlup9mm x1kky2od\"><img loading=\"lazy\" decoding=\"async\" class=\"xz74otr\" src=\"https:\/\/static.xx.fbcdn.net\/images\/emoji.php\/v9\/t38\/1\/16\/1f918.png\" alt=\"&#x1f918;\" width=\"16\" height=\"16\" \/><\/span> Reincidentes: 21:50 &#8211; 23:00<\/h3>\n<h3 dir=\"auto\"><span class=\"x3nfvp2 x1j61x8r x1fcty0u xdj266r xhhsvwb xat24cr xgzva0m xxymvpz xlup9mm x1kky2od\"><img loading=\"lazy\" decoding=\"async\" class=\"xz74otr\" src=\"https:\/\/static.xx.fbcdn.net\/images\/emoji.php\/v9\/t40\/1\/16\/1f4a5.png\" alt=\"&#x1f4a5;\" width=\"16\" height=\"16\" \/><\/span> Boicot: 23:30 &#8211; 00:45<\/h3>\n<h3 dir=\"auto\"><span class=\"x3nfvp2 x1j61x8r x1fcty0u xdj266r xhhsvwb xat24cr xgzva0m xxymvpz xlup9mm x1kky2od\"><img loading=\"lazy\" decoding=\"async\" class=\"xz74otr\" src=\"https:\/\/static.xx.fbcdn.net\/images\/emoji.php\/v9\/t1\/1\/16\/1f3a7.png\" alt=\"&#x1f3a7;\" width=\"16\" height=\"16\" \/><\/span> Don Gonzalo DJ: 23:30 &#8211; 00:45<\/h3>\n<\/div>\n<div class=\"x11i5rnm xat24cr x1mh8g0r x1vvkbs xtlvy1s x126k92a\">\n<div dir=\"auto\" style=\"text-align: justify;\">Y para que la fiesta no pare, \u00a1habr\u00e1 Buses Lanzadera\u00a0 al metro de Albolote hasta las 01:30! As\u00ed que no tienes excusa para disfrutas del festival al m\u00e1ximo sin preocupaciones<\/div>\n<\/div>\n","protected":false},"excerpt":{"rendered":"<p>\u00a1Atenci\u00f3n, rockeros de Atarfe y alrededores! El s\u00e1bado 27 de Abril tenemos una cita con&#8230;<\/p>\n","protected":false},"author":1,"featured_media":68228,"comment_status":"closed","ping_status":"closed","sticky":false,"template":"","format":"standard","meta":{"_coblocks_attr":"","_coblocks_dimensions":"","_coblocks_responsive_height":"","_coblocks_accordion_ie_support":"","jetpack_post_was_ever_published":false,"_jetpack_newsletter_access":"","_jetpack_dont_email_post_to_subs":false,"_jetpack_newsletter_tier_id":0,"_jetpack_memberships_contains_paywalled_content":false,"_jetpack_memberships_contains_paid_content":false,"footnotes":"","jetpack_publicize_message":"","jetpack_publicize_feature_enabled":true,"jetpack_social_post_already_shared":true,"jetpack_social_options":{"image_generator_settings":{"template":"highway","default_image_id":0,"enabled":false},"version":2}},"categories":[6916,1161,44],"tags":[],"class_list":["post-68221","post","type-post","status-publish","format-standard","has-post-thumbnail","hentry","category-ayuntamiento-de-atarfe","category-ciudadania","category-noticias-de-hoy"],"jetpack_publicize_connections":[],"jetpack_featured_media_url":"https:\/\/i0.wp.com\/miradordeatarfe.es\/wp-content\/uploads\/2024\/03\/Atarfe-Vega-Rock-s.jpg?fit=700%2C702&ssl=1","jetpack_likes_enabled":true,"jetpack_sharing_enabled":true,"_links":{"self":[{"href":"https:\/\/miradordeatarfe.es\/index.php?rest_route=\/wp\/v2\/posts\/68221","targetHints":{"allow":["GET"]}}],"collection":[{"href":"https:\/\/miradordeatarfe.es\/index.php?rest_route=\/wp\/v2\/posts"}],"about":[{"href":"https:\/\/miradordeatarfe.es\/index.php?rest_route=\/wp\/v2\/types\/post"}],"author":[{"embeddable":true,"href":"https:\/\/miradordeatarfe.es\/index.php?rest_route=\/wp\/v2\/users\/1"}],"replies":[{"embeddable":true,"href":"https:\/\/miradordeatarfe.es\/index.php?rest_route=%2Fwp%2Fv2%2Fcomments&post=68221"}],"version-history":[{"count":1,"href":"https:\/\/miradordeatarfe.es\/index.php?rest_route=\/wp\/v2\/posts\/68221\/revisions"}],"predecessor-version":[{"id":68229,"href":"https:\/\/miradordeatarfe.es\/index.php?rest_route=\/wp\/v2\/posts\/68221\/revisions\/68229"}],"wp:featuredmedia":[{"embeddable":true,"href":"https:\/\/miradordeatarfe.es\/index.php?rest_route=\/wp\/v2\/media\/68228"}],"wp:attachment":[{"href":"https:\/\/miradordeatarfe.es\/index.php?rest_route=%2Fwp%2Fv2%2Fmedia&parent=68221"}],"wp:term":[{"taxonomy":"category","embeddable":true,"href":"https:\/\/miradordeatarfe.es\/index.php?rest_route=%2Fwp%2Fv2%2Fcategories&post=68221"},{"taxonomy":"post_tag","embeddable":true,"href":"https:\/\/miradordeatarfe.es\/index.php?rest_route=%2Fwp%2Fv2%2Ftags&post=68221"}],"curies":[{"name":"wp","href":"https:\/\/api.w.org\/{rel}","templated":true}]}}