{"id":68231,"date":"2024-04-01T11:39:41","date_gmt":"2024-04-01T09:39:41","guid":{"rendered":"https:\/\/miradordeatarfe.es\/?p=68231"},"modified":"2024-11-10T11:32:02","modified_gmt":"2024-11-10T10:32:02","slug":"a-quien-corresponda-por-remedios-sanchez","status":"publish","type":"post","link":"https:\/\/miradordeatarfe.es\/?p=68231","title":{"rendered":"\u00abA QUIEN CORRESPONDA\u00bb por  Remedios S\u00e1nchez"},"content":{"rendered":"<h3 style=\"text-align: justify;\">Las lluvia tiene un vago secreto de ternura, escribi\u00f3 Garc\u00eda Lorca. Y como parece que Juanma Moreno es un hombre sensible y previsor, se ha dado cuenta de que el cambio clim\u00e1tico y, en particular, la falta de precipitaciones es un problema grave para el disfrute veraniego de piscinas y campos de golf. \u00a0<\/h3>\n<p style=\"text-align: justify;\">Aparte, claro, del consumo humano, porque a este paso vamos a terminar por sustituir el agua por manzanilla jerezana y eso s\u00ed que no; m\u00e1xime con la fama de juerguistas que tenemos en este sur, que ya se sabe que aqu\u00ed se monta un jolgorio y nos achispamos con la misma rapidez que un catal\u00e1n de Junts te declara la rep\u00fablica independiente de su casa. Pero con m\u00e1s arte.<\/p>\n<p style=\"text-align: justify;\">Por eso Juanma ha hecho lo que se espera de un Presidente serio de la Junta de Andaluc\u00eda: irse a Roma para pedirle con mucha educaci\u00f3n a la autoridad competente, que en este caso es el papa Francisco, que ruegue para que aqu\u00ed empiece a llover a paso de legionario. Con los pantanos en las condiciones actuales no es para menos. Y como es un hombre persuasivo, uno de los pocos pol\u00edticos carism\u00e1ticos de la contemporaneidad verdiblanca, ha convencido a su Santidad para que rece \u201ca quien corresponda\u201d y se obre el prodigio que es siempre un buen chaparr\u00f3n.<\/p>\n<p style=\"text-align: justify;\">Por eso los andaluces hemos simultaneado estos d\u00edas los pasos procesionales que han salido a las calles con diversos chubascos inesperados, que ya avisaba Chesterton que siempre aportan feraces perspectivas de humor y filosof\u00eda. Por eso tal vez otros presidentes debieran aplicarse a la tarea y enterarse de a qui\u00e9n corresponde exactamente en el cielo el negociado de la lluvia que, si no me falla la memoria, creo que es San Isidro Labrador, patr\u00f3n del campesinado, que siempre ha sido mayoritario por estos lares.<\/p>\n<p style=\"text-align: justify;\">Pero como Moreno Bonilla es m\u00e1s listo que la mayor\u00eda -que hubi\u00e9semos ido a tiro hecho-, \u00e9l no se ha querido mojar y lo expuesto como una petici\u00f3n a libre elecci\u00f3n, que es algo que, en estos tiempos que corren, ayuda mucho a sumar voluntades y votos. \u00a0Por eso, tal vez (y aunque se haya promovido que los peques se vistan de mantilla o ejerzan de aprendices de costaleros por aquello de mantener tradiciones seculares) lo ha dejado abierto; para no embarullarse; dentro de esta nueva realidad social multi religiosa de votantes, tanto da que haya\u00a0obrado el fen\u00f3meno meteorol\u00f3gico un santo tan castizo como nuestro San Isidro o bien la deidad maor\u00ed Tawhiri, el azteca Tl\u00e1loc o el gran esp\u00edritu\u00a0Wakan-Tanka de los sioux. Aqu\u00ed la cuesti\u00f3n era que necesit\u00e1bamos una borrasca y Moreno nos la ha conseguido mientras Espadas se dedicaba a mirar al cielo por si acaso le ca\u00eda algo (ya fuera man\u00e1 o canonj\u00eda) sin enterarse de que los milagros hay que trabaj\u00e1rselos. Pero, al final, sucede lo de siempre: que, a pesar del respiro que suponen estas lloviznas para el problema estructural de la sequ\u00eda, algunos andan quej\u00e1ndose por la imagen de la tristeza infinita de vuestros cofrades que, se han estado todo el a\u00f1o preparando y finalmente no ha podido procesionar.<\/p>\n<p style=\"text-align: justify;\">\u00a0Por eso, a quien corresponda de los del quej\u00edo perenne, habr\u00e1 que hacerles saber que existen prioridades: el medioambiente, el pan, el trabajo. Aunque eso implique, como siempre, que no llueva a gusto de todos.<\/p>\n<p style=\"text-align: justify;\">FOTO: <a class=\"Wk9 CCY S9z eEj kVc xQ4\" href=\"https:\/\/www.pinterest.es\/photofunky_net\/\" rel=\"\" data-test-id=\"creator-profile-link\">PhotoFunky<\/a><\/p>\n<p>&nbsp;<\/p>\n","protected":false},"excerpt":{"rendered":"<p>Las lluvia tiene un vago secreto de ternura, escribi\u00f3 Garc\u00eda Lorca. Y como parece que&#8230;<\/p>\n","protected":false},"author":1,"featured_media":68232,"comment_status":"closed","ping_status":"closed","sticky":false,"template":"","format":"standard","meta":{"_coblocks_attr":"","_coblocks_dimensions":"","_coblocks_responsive_height":"","_coblocks_accordion_ie_support":"","jetpack_post_was_ever_published":false,"_jetpack_newsletter_access":"","_jetpack_dont_email_post_to_subs":false,"_jetpack_newsletter_tier_id":0,"_jetpack_memberships_contains_paywalled_content":false,"_jetpack_memberships_contains_paid_content":false,"footnotes":"","jetpack_publicize_message":"","jetpack_publicize_feature_enabled":true,"jetpack_social_post_already_shared":true,"jetpack_social_options":{"image_generator_settings":{"template":"highway","default_image_id":0,"enabled":false},"version":2}},"categories":[1161,44,7671,6914],"tags":[],"class_list":["post-68231","post","type-post","status-publish","format-standard","has-post-thumbnail","hentry","category-ciudadania","category-noticias-de-hoy","category-politica","category-opinion-de-reme-sanchez"],"jetpack_publicize_connections":[],"jetpack_featured_media_url":"https:\/\/i0.wp.com\/miradordeatarfe.es\/wp-content\/uploads\/2024\/03\/3e2e0b610f47a39924da7b1f2504935c.gif?fit=480%2C338&ssl=1","jetpack_likes_enabled":true,"jetpack_sharing_enabled":true,"_links":{"self":[{"href":"https:\/\/miradordeatarfe.es\/index.php?rest_route=\/wp\/v2\/posts\/68231","targetHints":{"allow":["GET"]}}],"collection":[{"href":"https:\/\/miradordeatarfe.es\/index.php?rest_route=\/wp\/v2\/posts"}],"about":[{"href":"https:\/\/miradordeatarfe.es\/index.php?rest_route=\/wp\/v2\/types\/post"}],"author":[{"embeddable":true,"href":"https:\/\/miradordeatarfe.es\/index.php?rest_route=\/wp\/v2\/users\/1"}],"replies":[{"embeddable":true,"href":"https:\/\/miradordeatarfe.es\/index.php?rest_route=%2Fwp%2Fv2%2Fcomments&post=68231"}],"version-history":[{"count":1,"href":"https:\/\/miradordeatarfe.es\/index.php?rest_route=\/wp\/v2\/posts\/68231\/revisions"}],"predecessor-version":[{"id":68233,"href":"https:\/\/miradordeatarfe.es\/index.php?rest_route=\/wp\/v2\/posts\/68231\/revisions\/68233"}],"wp:featuredmedia":[{"embeddable":true,"href":"https:\/\/miradordeatarfe.es\/index.php?rest_route=\/wp\/v2\/media\/68232"}],"wp:attachment":[{"href":"https:\/\/miradordeatarfe.es\/index.php?rest_route=%2Fwp%2Fv2%2Fmedia&parent=68231"}],"wp:term":[{"taxonomy":"category","embeddable":true,"href":"https:\/\/miradordeatarfe.es\/index.php?rest_route=%2Fwp%2Fv2%2Fcategories&post=68231"},{"taxonomy":"post_tag","embeddable":true,"href":"https:\/\/miradordeatarfe.es\/index.php?rest_route=%2Fwp%2Fv2%2Ftags&post=68231"}],"curies":[{"name":"wp","href":"https:\/\/api.w.org\/{rel}","templated":true}]}}