{"id":68251,"date":"2024-03-31T11:19:41","date_gmt":"2024-03-31T09:19:41","guid":{"rendered":"https:\/\/miradordeatarfe.es\/?p=68251"},"modified":"2024-04-25T11:48:06","modified_gmt":"2024-04-25T09:48:06","slug":"atarfe-monumento-a-las-culturas","status":"publish","type":"post","link":"https:\/\/miradordeatarfe.es\/?p=68251","title":{"rendered":"ATARFE: Monumento a Las Culturas"},"content":{"rendered":"<h2 style=\"text-align: justify;\">Localizaci\u00f3n : Av. Andaluc\u00eda (Cerca del instituto Iliberis)<\/h2>\n<p style=\"text-align: justify;\">Monumento esculpido por <em><strong>Miguel Barranco L\u00f3pez<\/strong> en homenaje a la piedra de Sierra Elvira<\/em>.\u00a0<\/p>\n<p style=\"text-align: justify;\">Varios bloques de este material, tal y como salen de las canteras, y dispuestos de forma err\u00e1tica sirven de base. En uno de ellos, junto a la fecha y nombre del autor, se encuentra la siguiente inscripci\u00f3n:<em> \u201cEs algo m\u00e1s que piedra lo que tus ojos miran: decoro de las horas, soporte de los d\u00edas\u201d<\/em> (escrito por Antonio Carvajal Milena).<\/p>\n<p style=\"text-align: justify;\">Sobre ellos se asientan representaciones en bronce de elementos arquitect\u00f3nicos que simbolizan las principales culturas (romana, \u00e1rabe, cristiana\u2026) que han pasado por este territorio. Columnas con capiteles, sostienen tres segmentos de arcos, orientados en distintas direcciones: uno de tres sillares (cl\u00e1sico), otro polilobulado (\u00e1rabe) y otro liso (contempor\u00e1neo).<\/p>\n<h3 style=\"text-align: justify;\">Rese\u00f1a Hist\u00f3rica<\/h3>\n<p style=\"text-align: justify;\">Atarfe es rico en vestigios hist\u00f3ricos y son varias las culturas que han dejado huella en diversas \u00e9pocas. El Imperio Romano lleg\u00f3 a abarcar desde Gran Breta\u00f1a al desierto del Sahara y desde la pen\u00ednsula ib\u00e9rica al \u00c9ufrates. Al per\u00edodo de mayor esplendor (s I-III) se le conoce como Pax romana, debido al relativo estado de armon\u00eda que prevaleci\u00f3 en las regiones que estaban bajo el dominio romano.<\/p>\n<p style=\"text-align: justify;\">Las invasiones b\u00e1rbaras pondr\u00e1n la puntilla a un moribundo Imperio Occidental, dando paso a la Edad Media. El \u00faltimo emperador de Occidente, R\u00f3mulo Aug\u00fastulo, ser\u00e1 depuesto en 476. El Imperio romano de Oriente (Imperio bizantino) proseguir\u00e1 su existencia hasta la ca\u00edda de Constantinopla en el a\u00f1o 1453.<\/p>\n<p style=\"text-align: justify;\">Se conoce como al-\u00c1ndalus (en \u00e1rabe cl\u00e1sico: \u062f\u0644\u0633 \u0623\u0644\u0646 \u0627 ) al territorio de la pen\u00ednsula ib\u00e9rica y de la Septimania bajo poder musulm\u00e1n durante la Edad Media, entre los a\u00f1os 711 y 1492.Tras la conquista musulmana de la pen\u00ednsula ib\u00e9rica, al-\u00c1ndalus se integr\u00f3 inicialmenteen la provincia norteafricana del Califato Omeya, para m\u00e1s tarde convertirse en el Emirato de C\u00f3rdoba y posteriormente en el Califato de C\u00f3rdoba independiente del Califato Abas\u00ed. Con la disoluci\u00f3n del Califato de C\u00f3rdoba en 1031, el territorio se dividi\u00f3 en los primeros reinos de taifas, periodo al que sucedi\u00f3 la etapa de los almor\u00e1vides, los segundos reinos de taifas, la etapa de los almohades y los terceros reinos de taifas.<\/p>\n<p style=\"text-align: justify;\">Ya a finales del siglo XV termina el periodo musulm\u00e1n con la toma de Granada en 1492 por los Reyes Cat\u00f3licos. La herencia musulmana sigui\u00f3 presente en nuestro territorio, pero a partir de ese momento con la expulsi\u00f3n de los moriscos, la repoblaci\u00f3n, el proceso de aculturaci\u00f3n y de asimilaci\u00f3n religiosa, se ponen las bases de la civilizaci\u00f3n cristiana actual.<\/p>\n<p style=\"text-align: justify;\"><strong>Bibliograf\u00eda y documentaci\u00f3n<\/strong><\/p>\n<p>&#8211; http:\/\/historiaalcompleto.webnode.es\/edad-antigua\/<\/p>\n<p>&#8211; WikipediaMonumento a la Concordia<\/p>\n<p>FOTO: <i>Manuel Guerrero Jim\u00e9nez<\/i><\/p>\n<h3>PUBLICADO EN EL LIBRO \u00bb ATARFE PATRIMONIO CULTURAL Y NATURAL\u00bb (2015) FRANCISCA L\u00d3PEZ, I\u00d1AKI NIEVA Y MANUEL GUERRERO<\/h3>\n","protected":false},"excerpt":{"rendered":"<p>Localizaci\u00f3n : Av. Andaluc\u00eda (Cerca del instituto Iliberis) Monumento esculpido por Miguel Barranco L\u00f3pez en&#8230;<\/p>\n","protected":false},"author":1,"featured_media":69047,"comment_status":"closed","ping_status":"closed","sticky":false,"template":"","format":"standard","meta":{"_coblocks_attr":"","_coblocks_dimensions":"","_coblocks_responsive_height":"","_coblocks_accordion_ie_support":"","jetpack_post_was_ever_published":false,"_jetpack_newsletter_access":"","_jetpack_dont_email_post_to_subs":false,"_jetpack_newsletter_tier_id":0,"_jetpack_memberships_contains_paywalled_content":false,"_jetpack_memberships_contains_paid_content":false,"footnotes":"","jetpack_publicize_message":"","jetpack_publicize_feature_enabled":true,"jetpack_social_post_already_shared":true,"jetpack_social_options":{"image_generator_settings":{"template":"highway","default_image_id":0,"enabled":false},"version":2}},"categories":[12,1225,186,44],"tags":[],"class_list":["post-68251","post","type-post","status-publish","format-standard","has-post-thumbnail","hentry","category-cultura","category-ha-de-atarfe","category-instituciones","category-noticias-de-hoy"],"jetpack_publicize_connections":[],"jetpack_featured_media_url":"https:\/\/i0.wp.com\/miradordeatarfe.es\/wp-content\/uploads\/2024\/03\/MONUMENTO-A-LAS-TRES-CULTURAS.png?fit=346%2C241&ssl=1","jetpack_likes_enabled":true,"jetpack_sharing_enabled":true,"_links":{"self":[{"href":"https:\/\/miradordeatarfe.es\/index.php?rest_route=\/wp\/v2\/posts\/68251","targetHints":{"allow":["GET"]}}],"collection":[{"href":"https:\/\/miradordeatarfe.es\/index.php?rest_route=\/wp\/v2\/posts"}],"about":[{"href":"https:\/\/miradordeatarfe.es\/index.php?rest_route=\/wp\/v2\/types\/post"}],"author":[{"embeddable":true,"href":"https:\/\/miradordeatarfe.es\/index.php?rest_route=\/wp\/v2\/users\/1"}],"replies":[{"embeddable":true,"href":"https:\/\/miradordeatarfe.es\/index.php?rest_route=%2Fwp%2Fv2%2Fcomments&post=68251"}],"version-history":[{"count":2,"href":"https:\/\/miradordeatarfe.es\/index.php?rest_route=\/wp\/v2\/posts\/68251\/revisions"}],"predecessor-version":[{"id":68254,"href":"https:\/\/miradordeatarfe.es\/index.php?rest_route=\/wp\/v2\/posts\/68251\/revisions\/68254"}],"wp:featuredmedia":[{"embeddable":true,"href":"https:\/\/miradordeatarfe.es\/index.php?rest_route=\/wp\/v2\/media\/69047"}],"wp:attachment":[{"href":"https:\/\/miradordeatarfe.es\/index.php?rest_route=%2Fwp%2Fv2%2Fmedia&parent=68251"}],"wp:term":[{"taxonomy":"category","embeddable":true,"href":"https:\/\/miradordeatarfe.es\/index.php?rest_route=%2Fwp%2Fv2%2Fcategories&post=68251"},{"taxonomy":"post_tag","embeddable":true,"href":"https:\/\/miradordeatarfe.es\/index.php?rest_route=%2Fwp%2Fv2%2Ftags&post=68251"}],"curies":[{"name":"wp","href":"https:\/\/api.w.org\/{rel}","templated":true}]}}