{"id":68261,"date":"2024-04-02T10:28:02","date_gmt":"2024-04-02T08:28:02","guid":{"rendered":"https:\/\/miradordeatarfe.es\/?p=68261"},"modified":"2024-03-30T17:34:32","modified_gmt":"2024-03-30T16:34:32","slug":"boticaria-garcia-el-negocio-de-la-insatisfaccion-corporal-es-una-burbuja-que-tenemos-que-explotar-ya","status":"publish","type":"post","link":"https:\/\/miradordeatarfe.es\/?p=68261","title":{"rendered":"Boticaria Garc\u00eda: \u00abEl negocio de la insatisfacci\u00f3n corporal es una burbuja que tenemos que explotar ya\u00bb"},"content":{"rendered":"<h2 class=\"v-a-sub-t\" style=\"text-align: justify;\">La experta vino a Granada a la Librer\u00eda Picasso, con su nuevo libro &#8216;Tu cerebro tiene hambre&#8217;<\/h2>\n<p class=\"v-p\" style=\"text-align: justify;\">La doctora en Farmacia Mari\u00e1n Garc\u00eda, conocida en las redes como Boticaria Garc\u00eda, es una de las expertas en Nutrici\u00f3n m\u00e1s influyentes de Espa\u00f1a. En su m\u00e1s reciente libro, &#8216;Tu cerebro tiene hambre&#8217; (Planeta), que trae a Granada el pr\u00f3ximo s\u00e1bado a las 12.00 horas en Librer\u00eda Picasso, ofrece una serie de pautas claves para controlar la obesidad y el sobrepeso, y llevar as\u00ed una vida m\u00e1s sana.<\/p>\n<div class=\"paywall container-wall-exclusive\" style=\"text-align: justify;\" data-mrf-recirculation=\"Link art\u00edculos\">\n<p class=\"v-p\">&#8211;<strong>A la hora de abordar un cambio nutricional, \u00bfcu\u00e1l es el primer paso?<\/strong><\/p>\n<p class=\"v-p\">El primer paso es ser consciente de que cuidar nuestro cuerpo no es un castigo sino un regalo, ser consciente de los beneficios que va a tener para nuestro d\u00eda a d\u00eda. Para motivarnos en el cambio contar con un &#8216;n\u00facleo duro&#8217; de amigos ofamilia que nos acompa\u00f1e en el camino puede ser decisivo.<\/p>\n<div class=\"v-adv  v-adv--ly\">\n<div class=\"v-adv__item \">\n<div id=\"layer_inpage-id\" data-voc-vam=\"\" data-voc-vam-position=\"layer_inpage\" data-google-query-id=\"COK_7ZqynIUDFZkzBgAdDVgA_g\" data-voc-vam-displayed=\"true\">\n<div id=\"google_ads_iframe_\/4900\/vocento.ideal\/culturas_4__container__\">\u00a0&#8211;<strong>El exceso de peso se ha convertido en un tema clave en una sociedad que ha hecho de su imagen su credo. \u00bfC\u00f3mo es posible abordar este tema sin obsesionarse?<\/strong><\/div>\n<\/div>\n<\/div>\n<\/div>\n<p class=\"v-p\">-El negocio de la insatisfacci\u00f3n corporal es una burbuja que debemos esforzarnos por explotar ya. Hay intereses creados desde numerosos sectores para que las personas, especialmente las mujeres, se sientan frustradas intentando cumplir los estereotipos. Para ello se les aboca a recurrir una y otra vez a dietas, suplementos o planes de ejercicio agresivos que no est\u00e1n basados en la ciencia. El abordaje, lamentablemente, no solo depende de uno mismo sino que como sociedad se deben tomar decisiones para atajar este problema.<\/p>\n<p class=\"v-p\">&#8211;<strong>Las redes, los medios de comunicaci\u00f3n, las revistas especializadas, proponen centenares de modelos distintos para hacer dieta. \u00bfExiste un modelo \u00fanico, o se debe ser ecl\u00e9ctico para obtener el mejor resultado?<\/strong><\/p>\n<p class=\"v-p\">-En &#8216;Tu cerebro tiene hambre&#8217; expongo las diez verdades del barquero que dice la ciencia para perder peso (o mejor dicho, grasa) y la primera de ellas es que no hay un modelo universal v\u00e1lido para todas las personas. Quien te diga que ese modelo universal existe, no est\u00e1 pensando en la ciencia sino en su bolsillo.<\/p>\n<p class=\"v-p\">Los planes deben ser individualizados, adaptados a las preferencias y estilo de vida de cada persona. Adem\u00e1s, cuando se ha revisado cu\u00e1l es el mecanismo de acci\u00f3n de los distintos tipos de dietas que en ocasiones se proponen para perder peso (keto, ayuno intermitente, paleo\u2026) la clave siempre es la misma: la restricci\u00f3n cal\u00f3rica.<\/p>\n<p class=\"v-p\">&#8211;<strong>\u00bfC\u00f3mo hay que educar al cerebro para que deje de tener hambre?<\/strong><\/p>\n<p class=\"v-p\">-Propongo que preguntemos a nuestro hambre qu\u00e9 tipo de hambre es\u2026 \u00bfes hambre de lentejas o de patatas fritas? \u00bfCuando satisfaga mi hambre me sentir\u00e9 bien o culpable? Si lo que tenemos es hambre emocional y estamos buscando refugio en los alimentos, propongo buscar esa dopamina en fuentes saludables como escuchar m\u00fasica, tocar un instrumento, hablar con un amigo, salir a pasear al sol, la relajaci\u00f3n, la meditaci\u00f3n\u2026 No nos proporcionar\u00e1 el placer inmediato de una palmera de chocolate pero nos ayudar\u00e1 a gestionarlo sinti\u00e9ndonos muy bien con nosotros mismos.<\/p>\n<p class=\"v-p\">&#8211;<strong>Una de las dietas que propone como positivas es la alimentaci\u00f3n basada en vegetales, pero siempre nos dijeron que es incompleta. \u00bfLo es realmente?<\/strong><\/p>\n<p class=\"v-p\">-Los patrones de alimentaci\u00f3n a base de plantas o &#8216;plant based diets&#8217; se centran en tomar alimentos principalmente de origen vegetal. Esto incluye no solo frutas y verduras, sino tambi\u00e9n frutos secos, semillas, aceites, cereales integrales y legumbres. No significa que seas vegetariano o vegano y que nunca comas carne o l\u00e1cteos. Consiste en elegir proporcionalmente m\u00e1s alimentos de fuentes vegetales.<\/p>\n<\/div>\n<p style=\"text-align: justify;\"><a href=\"https:\/\/www.ideal.es\/autor\/jose-antonio-munoz-2730.html\" data-mrf-link=\"https:\/\/www.ideal.es\/autor\/jose-antonio-munoz-2730.html\"><strong>Jos\u00e9 Antonio Mu\u00f1oz<\/strong><\/a><\/p>\n<p style=\"text-align: justify;\"><span class=\"v-fc__text\">FOTO:La Boticaria Garc\u00eda, con su nuevo libro.<\/span> <span class=\"v-fc__ath\">F. P.<\/span><\/p>\n<p style=\"text-align: justify;\">https:\/\/www.ideal.es\/culturas\/boticaria-garcia-negocio-insatisfaccion-corporal-burbuja-explotar-20240330234831-nt.html<\/p>\n<div class=\"v-d v-d--ab-c v-d--bs\">\n<div class=\"v-mdl-ath \" data-voc-component=\"viewport-not-visible\">\n<div class=\"v-mdl-ath__c v-mdl-ath__c--1\">\n<div class=\"v-mdl-ath__img-c\" style=\"text-align: justify;\">\u00a0<\/div>\n<div class=\"v-mdl-ath__inf\">\n<p class=\"v-mdl-ath__p v-mdl-ath__p--2\" style=\"text-align: justify;\">\u00a0<\/p>\n<\/div>\n<\/div>\n<\/div>\n<\/div>\n","protected":false},"excerpt":{"rendered":"<p>La experta vino a Granada a la Librer\u00eda Picasso, con su nuevo libro &#8216;Tu cerebro&#8230;<\/p>\n","protected":false},"author":1,"featured_media":68262,"comment_status":"closed","ping_status":"closed","sticky":false,"template":"","format":"standard","meta":{"_coblocks_attr":"","_coblocks_dimensions":"","_coblocks_responsive_height":"","_coblocks_accordion_ie_support":"","jetpack_post_was_ever_published":false,"_jetpack_newsletter_access":"","_jetpack_dont_email_post_to_subs":false,"_jetpack_newsletter_tier_id":0,"_jetpack_memberships_contains_paywalled_content":false,"_jetpack_memberships_contains_paid_content":false,"footnotes":"","jetpack_publicize_message":"","jetpack_publicize_feature_enabled":true,"jetpack_social_post_already_shared":true,"jetpack_social_options":{"image_generator_settings":{"template":"highway","default_image_id":0,"enabled":false},"version":2}},"categories":[44,6937,10],"tags":[],"class_list":["post-68261","post","type-post","status-publish","format-standard","has-post-thumbnail","hentry","category-noticias-de-hoy","category-sociedad","category-salud"],"jetpack_publicize_connections":[],"jetpack_featured_media_url":"https:\/\/i0.wp.com\/miradordeatarfe.es\/wp-content\/uploads\/2024\/03\/BOTICARIA02-kR0E-U2101941680802DiC-1200x840%40Ideal.webp?fit=1200%2C840&ssl=1","jetpack_likes_enabled":true,"jetpack_sharing_enabled":true,"_links":{"self":[{"href":"https:\/\/miradordeatarfe.es\/index.php?rest_route=\/wp\/v2\/posts\/68261","targetHints":{"allow":["GET"]}}],"collection":[{"href":"https:\/\/miradordeatarfe.es\/index.php?rest_route=\/wp\/v2\/posts"}],"about":[{"href":"https:\/\/miradordeatarfe.es\/index.php?rest_route=\/wp\/v2\/types\/post"}],"author":[{"embeddable":true,"href":"https:\/\/miradordeatarfe.es\/index.php?rest_route=\/wp\/v2\/users\/1"}],"replies":[{"embeddable":true,"href":"https:\/\/miradordeatarfe.es\/index.php?rest_route=%2Fwp%2Fv2%2Fcomments&post=68261"}],"version-history":[{"count":1,"href":"https:\/\/miradordeatarfe.es\/index.php?rest_route=\/wp\/v2\/posts\/68261\/revisions"}],"predecessor-version":[{"id":68263,"href":"https:\/\/miradordeatarfe.es\/index.php?rest_route=\/wp\/v2\/posts\/68261\/revisions\/68263"}],"wp:featuredmedia":[{"embeddable":true,"href":"https:\/\/miradordeatarfe.es\/index.php?rest_route=\/wp\/v2\/media\/68262"}],"wp:attachment":[{"href":"https:\/\/miradordeatarfe.es\/index.php?rest_route=%2Fwp%2Fv2%2Fmedia&parent=68261"}],"wp:term":[{"taxonomy":"category","embeddable":true,"href":"https:\/\/miradordeatarfe.es\/index.php?rest_route=%2Fwp%2Fv2%2Fcategories&post=68261"},{"taxonomy":"post_tag","embeddable":true,"href":"https:\/\/miradordeatarfe.es\/index.php?rest_route=%2Fwp%2Fv2%2Ftags&post=68261"}],"curies":[{"name":"wp","href":"https:\/\/api.w.org\/{rel}","templated":true}]}}