{"id":68269,"date":"2024-04-02T09:33:02","date_gmt":"2024-04-02T07:33:02","guid":{"rendered":"https:\/\/miradordeatarfe.es\/?p=68269"},"modified":"2024-03-30T17:55:54","modified_gmt":"2024-03-30T16:55:54","slug":"francisco-jimenez-aguilar-presenta-su-libro-masculinidades-en-vertical-genero-nacion-y-trabajo-en-el-primer-franquismo","status":"publish","type":"post","link":"https:\/\/miradordeatarfe.es\/?p=68269","title":{"rendered":"Francisco Jim\u00e9nez Aguilar presenta su libro &#8216;Masculinidades en vertical: G\u00e9nero, naci\u00f3n y trabajo en el primer franquismo&#8217;"},"content":{"rendered":"<div class=\"cuerpo\">\n<h3 style=\"text-align: justify;\">El d\u00eda 4 de abril, a las 19.30 horas, se presenta el libro de Francisco Jim\u00e9nez Aguilar \u2018Masculinidades en vertical. G\u00e9nero, naci\u00f3n y trabajo en el primer franquismo\u2019.<\/h3>\n<p style=\"text-align: justify;\">El acto tendr\u00e1 lugar en el sal\u00f3n de actos del Palacio de los Condes de Gabia (Plaza de los Girones, 1) y, adem\u00e1s del autor, intervendr\u00e1n Miguel \u00c1ngel del Arco Blanco\u00a0 y Teresa M\u00aa Ortega L\u00f3pez, catedr\u00e1ticos de Historia Contempor\u00e1nea en la Universidad de Granada.<\/p>\n<p style=\"text-align: justify;\">El primer franquismo supuso para Espa\u00f1a una reacci\u00f3n en contra de la igualdad y la libertad, donde el g\u00e9nero atraves\u00f3 todos los \u00e1mbitos de la sociedad. Desde la historia de las masculinidades, se demuestra que las culturas pol\u00edticas franquistas no concibieron para su pa\u00eds y sus hogares un \u00fanico \u201cJuan Espa\u00f1ol\u201d, personificaci\u00f3n del hombre de a pie. Se explica c\u00f3mo lleg\u00f3 a ser dominante una masculinidad mitad monje mitad soldado, hasta que fue superada por otra al final de estas dos d\u00e9cadas: el productor.<\/p>\n<p style=\"text-align: justify;\">Entre la autarqu\u00eda y el desarrollismo, el trabajo nunca dej\u00f3 de ser una cuesti\u00f3n relevante para regir las vidas de los espa\u00f1oles y las espa\u00f1olas, y sus relaciones cotidianas se jerarquizaron de forma radical desde el alineamiento de la dictadura de Franco con los fascismos hasta su aperturismo iliberal. Cualquier intento de comprender la autoridad, el poder y la violencia desde un enfoque de g\u00e9nero resulta incompleto si no se atiende a la organizaci\u00f3n de sus distintas encarnaciones masculinas.<\/p>\n<\/div>\n","protected":false},"excerpt":{"rendered":"<p>El d\u00eda 4 de abril, a las 19.30 horas, se presenta el libro de Francisco&#8230;<\/p>\n","protected":false},"author":1,"featured_media":68270,"comment_status":"closed","ping_status":"closed","sticky":false,"template":"","format":"standard","meta":{"_coblocks_attr":"","_coblocks_dimensions":"","_coblocks_responsive_height":"","_coblocks_accordion_ie_support":"","jetpack_post_was_ever_published":false,"_jetpack_newsletter_access":"","_jetpack_dont_email_post_to_subs":false,"_jetpack_newsletter_tier_id":0,"_jetpack_memberships_contains_paywalled_content":false,"_jetpack_memberships_contains_paid_content":false,"footnotes":"","jetpack_publicize_message":"","jetpack_publicize_feature_enabled":true,"jetpack_social_post_already_shared":true,"jetpack_social_options":{"image_generator_settings":{"template":"highway","default_image_id":0,"enabled":false},"version":2}},"categories":[1161,10781,44],"tags":[],"class_list":["post-68269","post","type-post","status-publish","format-standard","has-post-thumbnail","hentry","category-ciudadania","category-granada","category-noticias-de-hoy"],"jetpack_publicize_connections":[],"jetpack_featured_media_url":"https:\/\/i0.wp.com\/miradordeatarfe.es\/wp-content\/uploads\/2024\/03\/image011.jpg?fit=667%2C500&ssl=1","jetpack_likes_enabled":true,"jetpack_sharing_enabled":true,"_links":{"self":[{"href":"https:\/\/miradordeatarfe.es\/index.php?rest_route=\/wp\/v2\/posts\/68269","targetHints":{"allow":["GET"]}}],"collection":[{"href":"https:\/\/miradordeatarfe.es\/index.php?rest_route=\/wp\/v2\/posts"}],"about":[{"href":"https:\/\/miradordeatarfe.es\/index.php?rest_route=\/wp\/v2\/types\/post"}],"author":[{"embeddable":true,"href":"https:\/\/miradordeatarfe.es\/index.php?rest_route=\/wp\/v2\/users\/1"}],"replies":[{"embeddable":true,"href":"https:\/\/miradordeatarfe.es\/index.php?rest_route=%2Fwp%2Fv2%2Fcomments&post=68269"}],"version-history":[{"count":1,"href":"https:\/\/miradordeatarfe.es\/index.php?rest_route=\/wp\/v2\/posts\/68269\/revisions"}],"predecessor-version":[{"id":68271,"href":"https:\/\/miradordeatarfe.es\/index.php?rest_route=\/wp\/v2\/posts\/68269\/revisions\/68271"}],"wp:featuredmedia":[{"embeddable":true,"href":"https:\/\/miradordeatarfe.es\/index.php?rest_route=\/wp\/v2\/media\/68270"}],"wp:attachment":[{"href":"https:\/\/miradordeatarfe.es\/index.php?rest_route=%2Fwp%2Fv2%2Fmedia&parent=68269"}],"wp:term":[{"taxonomy":"category","embeddable":true,"href":"https:\/\/miradordeatarfe.es\/index.php?rest_route=%2Fwp%2Fv2%2Fcategories&post=68269"},{"taxonomy":"post_tag","embeddable":true,"href":"https:\/\/miradordeatarfe.es\/index.php?rest_route=%2Fwp%2Fv2%2Ftags&post=68269"}],"curies":[{"name":"wp","href":"https:\/\/api.w.org\/{rel}","templated":true}]}}