{"id":68288,"date":"2024-04-01T11:00:29","date_gmt":"2024-04-01T09:00:29","guid":{"rendered":"https:\/\/miradordeatarfe.es\/?p=68288"},"modified":"2024-03-31T12:08:10","modified_gmt":"2024-03-31T10:08:10","slug":"los-sonidos-de-la-semana-santa","status":"publish","type":"post","link":"https:\/\/miradordeatarfe.es\/?p=68288","title":{"rendered":"\u00abLos sonidos de la Semana Santa\u00bb por  Reynaldo Fern\u00e1ndez Manzano"},"content":{"rendered":"<h3 style=\"text-align: justify;\">Capillas de m\u00fasica, bandas de cornetas y tambores, agrupaciones musicales, bandas de m\u00fasica, campanas y ruido festivo del pueblo conforman el paisaje sonoro de la Semana Santa<\/h3>\n<p style=\"text-align: justify;\"><a class=\"lnk\" href=\"https:\/\/www.granadahoy.com\/semanasanta\/musica-capilla-genero-Semana-Santa_0_1888012928.html\" data-mrf-link=\"https:\/\/www.granadahoy.com\/semanasanta\/musica-capilla-genero-Semana-Santa_0_1888012928.html\">La m\u00fasica de capilla, ese otro g\u00e9nero de la Semana Santa del que nadie habla<\/a><\/p>\n<p style=\"text-align: justify;\">Todas las primaveras en la celebraci\u00f3n de la Semana Santa me gusta reflexionar sobre su paisaje sonoro. Pero cada vez es necesario reformularlo y a\u00f1adir nuevas cosas porque es un Patrimonio vivo.<\/p>\n<div class=\"mce-body \">\n<p class=\"mce\" style=\"text-align: justify;\">Las capillas de m\u00fasica se recuperaron primero en Sevilla y se han extendido por todo el territorio. Los tr\u00edos de oboe, clarinete y fagot son los m\u00e1s utilizados. Interpretan salmos, motetes y saetas, de car\u00e1cter sobrio, transmitiendo dolor y recogimiento. En Granada contamos con la <em class=\"mce\">Capilla musical de Nuestro Padre Jes\u00fas de las Tres Ca\u00eddas,<\/em> la<em class=\"mce\"> Capilla musical del Santo \u00c1ngel Custodio, <\/em>el<em class=\"mce\"> Tr\u00edo de ca\u00f1as \u201c\u00c4glae\u201d,<\/em> y la<em class=\"mce\"> Capilla musical de Nuestra Se\u00f1ora de la Piedad<\/em>.<\/p>\n<p class=\"mce\" style=\"text-align: justify;\">Las bandas de cornetas y tambores provienen de las bandas militares, pueden llevar el refuerzo de otros instrumentos de viento metal. La voz cantante la llevan las cornetas, suelen acompa\u00f1ar a los pasos de Cristo.<\/p>\n<p class=\"mce\" style=\"text-align: justify;\">Las agrupaciones musicales, donde la voz principal la llevan las trompetas, est\u00e1n formadas por instrumentos de viento metal y percusi\u00f3n. Por \u00faltimo las Bandas de M\u00fasica son las m\u00e1s grandes e intervienen instrumentos de viento madera, viento metal y percusi\u00f3n. Todas ellas se caracterizan por instrumentos musicales que pueden ser tocados mientras marchan en los desfiles y procesiones.<\/p>\n<p class=\"mce\" style=\"text-align: justify;\">Otra novedad de los \u00faltimos tiempos son las procesiones infantiles que realizan diferentes colegios cat\u00f3licos de nuestra ciudad, como preludio de la Semana Mayor. Este a\u00f1o han realizado 12 procesiones desde el mi\u00e9rcoles al s\u00e1bado anteriores al Domingo de Ramos. Tambi\u00e9n algunas cofrad\u00edas realizan procesiones infantiles.<\/p>\n<p class=\"mce\" style=\"text-align: justify;\">Si queremos hacer un poco de historia sobre la m\u00fasica de la Semana Santa podemos remontarnos a las m\u00e1s antiguas melod\u00edas que tenemos en la Pen\u00ednsula Ib\u00e9rica, las<em class=\"mce\"> Lamentaciones de Jerem\u00edas<\/em> del rito hispano-visigodo o moz\u00e1rabe que tendr\u00e1n un importante desarrollo en los grandes polifonistas de los siglos XV y XVI.<\/p>\n<p class=\"mce\" style=\"text-align: justify;\">Dentro del canto gregoriano para la Semana Santa destacar: <em class=\"mce\">Lamentaciones para el Viernes Santo, Las Tinieblas de Viernes Santo, Miserere y Stabat Mater,<\/em> a los que se a\u00f1adir\u00e1n posteriormente <em class=\"mce\">Romances de Pasi\u00f3n, Sentencias, Pregones <\/em>y<em class=\"mce\"> Pasiones<\/em> para completar el repertorio vocal-instrumental.<\/p>\n<p class=\"mce\" style=\"text-align: justify;\">Las <em class=\"mce\">Siete palabras de Cristo en la Cruz<\/em> ha sido otro de los grandes temas de inspiraci\u00f3n musical. En 1787 la Hermandad de la Santa Cueva de C\u00e1diz encarg\u00f3 al compositor austr\u00edaco Joseph Haydn un oratorio que describiera las Siete Palabras y el terremoto descrito en el Evangelio de San Mateo. Haydn realiz\u00f3 tambi\u00e9n una versi\u00f3n para coro y orquesta de la obra y una transcripci\u00f3n para cuarteto de cuerda, siendo esta \u00faltima la versi\u00f3n m\u00e1s c\u00e9lebre. Igualmente tenemos con el t\u00edtulo <em class=\"mce\">Sept paroles du Christ en croix<\/em> una obra coral de C\u00e9sar Frank y Charles Gounod en el siglo XIX.<\/p>\n<div class=\"inset-auto\" style=\"text-align: justify;\">\n<figure class=\"image-holder\"><span class=\"obj-img hmedia\"><img data-recalc-dims=\"1\" loading=\"lazy\" decoding=\"async\" class=\"photo lazy alignleft\" src=\"https:\/\/i0.wp.com\/www.granadahoy.com\/2024\/03\/30\/ocio\/participante-concurso-Saeta-Oro_1889222283_208320884_1200x675.jpg?resize=556%2C313&#038;ssl=1\" alt=\"Un participante en el concurso de la Saeta de Oro.\" width=\"556\" height=\"313\" data-src=\"\/2024\/03\/30\/ocio\/participante-concurso-Saeta-Oro_1889222283_208320884_1200x675.jpg\" \/><\/span><figcaption>\n<div class=\"footnote\">\n<p class=\"text\">Un participante en el concurso de la Saeta de Oro. <wbr \/> \/ <span class=\"source\">Jos\u00e9 Velasco \/ Photographerssports<\/span><\/p>\n<\/div>\n<\/figcaption><\/figure>\n<\/div>\n<p class=\"mce\" style=\"text-align: justify;\">El <em class=\"mce\">Miserere<\/em> es el <em class=\"mce\">Salmo 50<\/em> de la Biblia en la edici\u00f3n Vulgata. Fue compuesto, seg\u00fan la tradici\u00f3n, por el rey David, despu\u00e9s de que el profeta Nat\u00e1n le hiciera ver el grave crimen que hab\u00eda cometido pecando con Betsab\u00e9, la esposa de Ur\u00edas, y haciendo perecer a \u00e9ste en el combate, seg\u00fan se narra en los cap\u00edtulos 11 y 12 del Libro 2\u00ba de los Reyes. Es el canto de penitencia por excelencia. Comenz\u00f3 a a\u00f1adirse en la Semana Santa hacia finales del siglo XI, especialmente el Jueves, Viernes y S\u00e1sbado Santo, en las funciones de \u201cTinieblas\u201d en el <em class=\"mce\">Tr\u00edduo Sacro<\/em>. En 1585 Tom\u00e1s Luis de Victoria public\u00f3 su <em class=\"mce\">Officium Hebdomadae Sanctae<\/em> (<em class=\"mce\">El Oficio de Semana Santa<\/em>), cumbre de la polifon\u00eda, en donde incluye un Miserere de gran sobriedad. Famoso fue el Miserere en La menor de Mozart, o el que Verdi introduce en el acto IV de <em class=\"mce\">Il Trovatore<\/em>.<\/p>\n<p class=\"mce\" style=\"text-align: justify;\">La Catedral de C\u00f3rdoba conserva espectaculares <em class=\"mce\">Misereres<\/em> de los siglos XVII y XVIII, compuestos para un alto n\u00famero de voces y de coros, llegando a veinte y m\u00e1s voces reales, en cinco, seis y hasta siete coros distintos, cada uno de los cuales cantaba en distintos lugares del templo, creando as\u00ed una \u201cestereofonia\u201d natural impresionante, propia del mejor barroco. Tambi\u00e9n los encontramos en la Catedral de Ja\u00e9n y en otras catedrales andaluzas, colegiatas y abad\u00edas.<\/p>\n<p class=\"mce\" style=\"text-align: justify;\">Podemos destacar en el siglo XIX los <em class=\"mce\">Misereres<\/em> de Vicente Palacios en Granada (1832), el de Hilari\u00f3n Eslava en Sevilla (1835, con una revisi\u00f3n de algunos n\u00fameros en 1837) y el de Eduardo Oc\u00f3n (hacia 1856). El de Granada se cant\u00f3 sin interrupci\u00f3n casi un siglo, hasta que dej\u00f3 de cantarse hacia 1929. El gran investigador de nuestros Misereres ha sido el music\u00f3logo Jos\u00e9 L\u00f3pez-Calo.<\/p>\n<div class=\"inset inset-L inset-L-w7\" style=\"text-align: justify;\">\n<figure class=\"image-holder\">\n<span class=\"obj-img hmedia\"><img data-recalc-dims=\"1\" loading=\"lazy\" decoding=\"async\" class=\"photo lazy alignright\" src=\"https:\/\/i0.wp.com\/www.granadahoy.com\/2024\/03\/30\/ocio\/campana-de-barro-facundillos_1889222289_208321176_1200x1672.jpg?resize=462%2C644&#038;ssl=1\" alt=\"campana-de barro facundillos\" width=\"462\" height=\"644\" data-src=\"\/2024\/03\/30\/ocio\/campana-de-barro-facundillos_1889222289_208321176_1200x1672.jpg\" \/><\/span><figcaption>\n<div class=\"footnote\">\n<p class=\"text\">\u00a0\u00a0\u00a0\u00a0\u00a0\u00a0\u00a0\u00a0\u00a0\u00a0\u00a0\u00a0\u00a0\u00a0\u00a0\u00a0\u00a0\u00a0\u00a0\u00a0\u00a0\u00a0\u00a0\u00a0\u00a0\u00a0\u00a0\u00a0\u00a0\u00a0\u00a0\u00a0\u00a0\u00a0\u00a0\u00a0\u00a0\u00a0\u00a0\u00a0\u00a0 campana-de barro facundillos <wbr \/><\/p>\n<\/div>\n<\/figcaption><\/figure>\n<\/div>\n<p class=\"mce\" style=\"text-align: justify;\">El compositor granadino contempor\u00e1neo Jos\u00e9 Garc\u00eda Rom\u00e1n tiene en su cat\u00e1logo un <em class=\"mce\">Stabat Mater<\/em> de 1974 y un <em class=\"mce\">Miserere<\/em> de 1975, de gran inter\u00e9s.<\/p>\n<p class=\"mce\" style=\"text-align: justify;\">Los grupos musicales, atestiguados al menos desde la Edad Media (con chirim\u00edas, sacabuches, baj\u00f3n, atabales, etc.), y las bandas de cornetas y tambores de uso militar as\u00ed como las bandas montadas a caballo de clarines y timbales, son antecedentes de las actuales.<\/p>\n<p class=\"mce\" style=\"text-align: justify;\">La m\u00fasica y el sentimiento popular tendr\u00e1 su cauce en la saeta (de sagita, flecha), canto religioso tradicional interpretado fundamentalmente en las procesiones de Semana Santa en Espa\u00f1a, especialmente en Andaluc\u00eda y algunas zonas de Extremadura, Castilla La Mancha y Murcia. Las saetas cantadas actualmente son las llamadas saetas flamencas, que supusieron una transformaci\u00f3n producida a finales del siglo XIX, a partir de otras primitivas saetas. La saeta flamenca presenta dos variantes principales: la saeta por seguiriyas, que es la m\u00e1s extendida, y la saeta por martinetes o carceleras.<\/p>\n<p class=\"mce\" style=\"text-align: justify;\">Saetas primitivas se encuentran con la denominaci\u00f3n de: <em class=\"mce\">molederas<\/em> de Marchena; <em class=\"mce\">samaritanas<\/em> de Castro del R\u00edo; <em class=\"mce\">cuarteleras<\/em> de Puente Genil: de <em class=\"mce\">santer\u00eda<\/em> de Lucena; del <em class=\"mce\">prendimiento<\/em> de Cabra; s\u00e1tiras de Loja, etc. Juan Alfonso Garc\u00eda (1992) orquest\u00f3 las saetas para \u00f3rgano de Eduardo Torres: Cuatro Saetas, estrenadas por la Orquesta Cuidad de Granada, bajo la direcci\u00f3n de Juan de Udaeta.<\/p>\n<p class=\"mce\" style=\"text-align: justify;\">A la m\u00fasica organizada tenemos que a\u00f1adir el ruido festivo. Del poder civil mencionar las salvas, del poder religioso las campanas, y del pueblo: campanillas de barro en los <em class=\"mce\">facundillos<\/em> del Realejo y el Albayz\u00edn, gritos de \u201cvivas\u201d y piropos a las im\u00e1genes, cohetes, bengalas y aplausos.<\/p>\n<\/div>\n<h2><small><\/small><small class=\"author\"><a class=\"lnk\" href=\"https:\/\/www.granadahoy.com\/reynaldo_fernandez\/\">Reynaldo Fern\u00e1ndez Manzano<\/a> <\/small><\/h2>\n<p>FOTO: Banda de m\u00fasica que acompa\u00f1\u00f3 a La Estrella este Jueves Santo. \/ <span class=\"source\">Antonio L. Ju\u00e1rez \/ Photographerssports<\/span><\/p>\n<p>https:\/\/www.granadahoy.com\/ocio\/sonidos-Semana-Santa_0_1889211562.html<\/p>\n<div class=\"pg-body\">\n<section class=\"nws-data\">\n<p class=\"byline\">\u00a0<\/p>\n<\/section>\n<\/div>\n","protected":false},"excerpt":{"rendered":"<p>Capillas de m\u00fasica, bandas de cornetas y tambores, agrupaciones musicales, bandas de m\u00fasica, campanas y&#8230;<\/p>\n","protected":false},"author":1,"featured_media":68289,"comment_status":"closed","ping_status":"closed","sticky":false,"template":"","format":"standard","meta":{"_coblocks_attr":"","_coblocks_dimensions":"","_coblocks_responsive_height":"","_coblocks_accordion_ie_support":"","jetpack_post_was_ever_published":false,"_jetpack_newsletter_access":"","_jetpack_dont_email_post_to_subs":false,"_jetpack_newsletter_tier_id":0,"_jetpack_memberships_contains_paywalled_content":false,"_jetpack_memberships_contains_paid_content":false,"footnotes":"","jetpack_publicize_message":"","jetpack_publicize_feature_enabled":true,"jetpack_social_post_already_shared":true,"jetpack_social_options":{"image_generator_settings":{"template":"highway","default_image_id":0,"enabled":false},"version":2}},"categories":[12,1161,44,6937],"tags":[],"class_list":["post-68288","post","type-post","status-publish","format-standard","has-post-thumbnail","hentry","category-cultura","category-ciudadania","category-noticias-de-hoy","category-sociedad"],"jetpack_publicize_connections":[],"jetpack_featured_media_url":"https:\/\/i0.wp.com\/miradordeatarfe.es\/wp-content\/uploads\/2024\/03\/Banda-acompano-Estrella-Jueves-Santo_1889222275_208320402_667x375.jpg?fit=667%2C375&ssl=1","jetpack_likes_enabled":true,"jetpack_sharing_enabled":true,"_links":{"self":[{"href":"https:\/\/miradordeatarfe.es\/index.php?rest_route=\/wp\/v2\/posts\/68288","targetHints":{"allow":["GET"]}}],"collection":[{"href":"https:\/\/miradordeatarfe.es\/index.php?rest_route=\/wp\/v2\/posts"}],"about":[{"href":"https:\/\/miradordeatarfe.es\/index.php?rest_route=\/wp\/v2\/types\/post"}],"author":[{"embeddable":true,"href":"https:\/\/miradordeatarfe.es\/index.php?rest_route=\/wp\/v2\/users\/1"}],"replies":[{"embeddable":true,"href":"https:\/\/miradordeatarfe.es\/index.php?rest_route=%2Fwp%2Fv2%2Fcomments&post=68288"}],"version-history":[{"count":2,"href":"https:\/\/miradordeatarfe.es\/index.php?rest_route=\/wp\/v2\/posts\/68288\/revisions"}],"predecessor-version":[{"id":68291,"href":"https:\/\/miradordeatarfe.es\/index.php?rest_route=\/wp\/v2\/posts\/68288\/revisions\/68291"}],"wp:featuredmedia":[{"embeddable":true,"href":"https:\/\/miradordeatarfe.es\/index.php?rest_route=\/wp\/v2\/media\/68289"}],"wp:attachment":[{"href":"https:\/\/miradordeatarfe.es\/index.php?rest_route=%2Fwp%2Fv2%2Fmedia&parent=68288"}],"wp:term":[{"taxonomy":"category","embeddable":true,"href":"https:\/\/miradordeatarfe.es\/index.php?rest_route=%2Fwp%2Fv2%2Fcategories&post=68288"},{"taxonomy":"post_tag","embeddable":true,"href":"https:\/\/miradordeatarfe.es\/index.php?rest_route=%2Fwp%2Fv2%2Ftags&post=68288"}],"curies":[{"name":"wp","href":"https:\/\/api.w.org\/{rel}","templated":true}]}}