{"id":68292,"date":"2024-04-04T11:10:38","date_gmt":"2024-04-04T09:10:38","guid":{"rendered":"https:\/\/miradordeatarfe.es\/?p=68292"},"modified":"2024-04-01T13:32:44","modified_gmt":"2024-04-01T11:32:44","slug":"pregon-del-carnaval-atarfeno-2024-por-jose-enrique-granados","status":"publish","type":"post","link":"https:\/\/miradordeatarfe.es\/?p=68292","title":{"rendered":"\u00abPreg\u00f3n del carnaval atarfe\u00f1o 2024\u00bb por Jos\u00e9 Enrique Granados"},"content":{"rendered":"<div class=\"\" dir=\"auto\">\n<div id=\":rgf:\" class=\"x1iorvi4 x1pi30zi x1l90r2v x1swvt13\" data-ad-comet-preview=\"message\" data-ad-preview=\"message\">\n<div class=\"x78zum5 xdt5ytf xz62fqu x16ldp7u\">\n<div class=\"xu06os2 x1ok221b\">\n<div class=\"xdj266r x11i5rnm xat24cr x1mh8g0r x1vvkbs x126k92a\">\n<h3 dir=\"auto\" style=\"text-align: justify;\">En nuestra gacetilla de hoy, reproducimos el preg\u00f3n de las fiestas de carnaval de este a\u00f1o, magn\u00edficamente proclamado por Jos\u00e9 Manuel Campos, al que vemos en fotograf\u00eda con su agrupaci\u00f3n carnavalera este a\u00f1o.<\/h3>\n<h3 dir=\"auto\" style=\"text-align: justify;\">Larga vida al carnaval.<\/h3>\n<div dir=\"auto\" style=\"text-align: justify;\">\u00bb <em>Buenas tardes carnavaleros y carnavaleras:<\/em><\/div>\n<div dir=\"auto\" style=\"text-align: justify;\">\u00a0<\/div>\n<div dir=\"auto\" style=\"text-align: justify;\"><em>Espero que disfrut\u00e9is de nuestro magnifico carnaval, de nuestra fiesta de febrero, de la pasi\u00f3n por las coplas que con gracia e iron\u00eda sonaran por las calles y rincones de nuestro pueblo.<\/em><\/div>\n<div dir=\"auto\" style=\"text-align: justify;\"><em>Carnaval al que llegue hace 21 a\u00f1os o 21 febreros ya que dicen que los carnavaleros no cuentan a\u00f1os sino carnavales.<\/em><\/div>\n<div dir=\"auto\" style=\"text-align: justify;\">\u00a0<\/div>\n<div dir=\"auto\" style=\"text-align: justify;\"><em>Recuerdo ver aquel grupo de monjas y vacas locas en la antigua casa de la cultura, picarnos el gusanillo y con la ayuda de los mayores juntarnos un grupo de amigos y sacar nuestra primera agrupaci\u00f3n de nombre \u201cnos libramos por los pelos\u201d ya que ese a\u00f1o cambio la legislatura y nos libramos del servicio militar, all\u00ed comenz\u00f3 esta aventura.<\/em><\/div>\n<div dir=\"auto\" style=\"text-align: justify;\"><em>Han sido muchos tipos casi todos de mujeres, muchas coplillas, no me gustar\u00eda destacar ninguna, pero s\u00ed, me vais a permitir que os cante este pasodoble:<\/em><\/div>\n<div dir=\"auto\" style=\"text-align: justify;\">\u00a0<\/div>\n<div dir=\"auto\" style=\"text-align: justify;\"><em><span style=\"font-family: book antiqua, palatino, serif;\">\u201cDe nuevo aqu\u00ed me tienes Atarfe m\u00edo<\/span><\/em><\/div>\n<div dir=\"auto\" style=\"text-align: justify;\"><em><span style=\"font-family: book antiqua, palatino, serif;\">Y es que yo no te puedo a ti faltar<\/span><\/em><\/div>\n<div dir=\"auto\" style=\"text-align: justify;\"><em><span style=\"font-family: book antiqua, palatino, serif;\">Vengo con mis coplillas a esta gran fiesta<\/span><\/em><\/div>\n<div dir=\"auto\" style=\"text-align: justify;\"><em><span style=\"font-family: book antiqua, palatino, serif;\">Para piropearte un a\u00f1o m\u00e1s<\/span><\/em><\/div>\n<div dir=\"auto\" style=\"text-align: justify;\"><em><span style=\"font-family: book antiqua, palatino, serif;\">Recorrer\u00e9 tus calles con simpat\u00eda<\/span><\/em><\/div>\n<div dir=\"auto\" style=\"text-align: justify;\"><em><span style=\"font-family: book antiqua, palatino, serif;\">Con alegr\u00eda y este nuevo disfraz<\/span><\/em><\/div>\n<div dir=\"auto\" style=\"text-align: justify;\"><em><span style=\"font-family: book antiqua, palatino, serif;\">Que ya llego febrero donde cambio las penas por alegr\u00eda al llegar el carnaval<\/span><\/em><\/div>\n<div dir=\"auto\" style=\"text-align: justify;\"><em><span style=\"font-family: book antiqua, palatino, serif;\">Tambi\u00e9n un tesoro por la mare m\u00eda de los que ha parido la tierra de Andaluc\u00eda<\/span><\/em><\/div>\n<div dir=\"auto\" style=\"text-align: justify;\"><em><span style=\"font-family: book antiqua, palatino, serif;\">Teniendo unos barrios de los m\u00e1s punteros no hay quien los iguale a \u201cSantamalia\u201d o los Toreros<\/span><\/em><\/div>\n<div dir=\"auto\" style=\"text-align: justify;\"><em><span style=\"font-family: book antiqua, palatino, serif;\">Veo tanta belleza que mi voz inquieta tan enamorao estoy que he perdi\u00f3 la cabeza<\/span><\/em><\/div>\n<div dir=\"auto\" style=\"text-align: justify;\"><em><span style=\"font-family: book antiqua, palatino, serif;\">Por ti yo ni como atarfe es mi tierra<\/span><\/em><\/div>\n<div dir=\"auto\" style=\"text-align: justify;\"><em><span style=\"font-family: book antiqua, palatino, serif;\">Y estar\u00e9 cant\u00e1ndote hasta el d\u00eda en que me mueraaaa\u201d<\/span>.<\/em><\/div>\n<div dir=\"auto\" style=\"text-align: justify;\">\u00a0<\/div>\n<\/div>\n<div class=\"x11i5rnm xat24cr x1mh8g0r x1vvkbs xtlvy1s x126k92a\">\n<div dir=\"auto\" style=\"text-align: justify;\"><em>Estas coplas quedaran en el recuerdo y con el paso de los a\u00f1os cuando alguien cante un estribillo, dibujara una sonrisa con sabor Atarfe. Ser pregonero del carnaval de mi pueblo, es un t\u00edtulo que nunca olvidare es para m\u00ed una alegr\u00eda y una enorme responsabilidad que intentare llevar con el mayor orgullo, no solo durante el fin de semana si no toda mi vida. No s\u00e9 si ser\u00e1 un preg\u00f3n digno, lo que si os digo es que esta echo con el coraz\u00f3n, musculo que ej\u00e9rcito y pongo fuerte cuando corro por la monta\u00f1a mi otra gran pasi\u00f3n, musculo que esta blandito desde que he subido a estas tablas por la emoci\u00f3n de pregonar esta fiesta.<\/em><\/div>\n<div dir=\"auto\" style=\"text-align: justify;\">\u00a0<\/div>\n<div dir=\"auto\" style=\"text-align: justify;\"><em>Quisiera tener un recuerdo para todos los que lucharon por nuestro carnaval y ya no est\u00e1n entre nosotros, un aplauso para ellos. Y a todas las personas que aman esta fiesta de invierno, donde se le da rienda suelta a la diversi\u00f3n. A todos los que est\u00e1is aqu\u00ed mil gracias.<\/em><\/div>\n<div dir=\"auto\" style=\"text-align: justify;\">\u00a0<\/div>\n<div dir=\"auto\" style=\"text-align: justify;\"><em>Quiero agradecer tambi\u00e9n a la corporaci\u00f3n municipal con su alcaldesa a la cabeza, chirigotera como nosotros por pensar en mi como la persona ideal para dar el pistoletazo de salida a esta fiesta. Ser\u00e9 recordado tambi\u00e9n por ser el primer pregonero de la era Huesa.<\/em><\/div>\n<div dir=\"auto\" style=\"text-align: justify;\">\u00a0<\/div>\n<div dir=\"auto\" style=\"text-align: justify;\"><em>Os quiero pedir que entre todos hagamos de Atarfe el centro mundial de la alegr\u00eda y que no sea solo este fin de semana si no todos los d\u00edas del a\u00f1o.Llenemos las calles de amistad, besos, risas y bailes quiero dedicar este preg\u00f3n a todos los que han hecho que esta fiesta olvidada no hace mucho tiempo, haya alcanzado estos \u00faltimos a\u00f1os una alt\u00edsima participaci\u00f3n llenando calles y plazas.<\/em><\/div>\n<div dir=\"auto\" style=\"text-align: justify;\"><em>A mi familia y amigos, a la chirigota de las ni\u00f1as, a la chirigota de Susi Campos, a la Cuchara de Palo y como no, a mi chirigota.<\/em><\/div>\n<div dir=\"auto\" style=\"text-align: justify;\">\u00a0<\/div>\n<div dir=\"auto\" style=\"text-align: justify;\"><em>Va por ustedes. Viva el carnaval. Viva Atarfe\u00bb<\/em><\/div>\n<\/div>\n<div class=\"x11i5rnm xat24cr x1mh8g0r x1vvkbs xtlvy1s x126k92a\">\n<div dir=\"auto\">\u00a0<\/div>\n<div dir=\"auto\">Gacetilla y curiosidades elvirenses.<\/div>\n<\/div>\n<\/div>\n<\/div>\n<\/div>\n<\/div>\n","protected":false},"excerpt":{"rendered":"<p>En nuestra gacetilla de hoy, reproducimos el preg\u00f3n de las fiestas de carnaval de este&#8230;<\/p>\n","protected":false},"author":1,"featured_media":68293,"comment_status":"closed","ping_status":"closed","sticky":false,"template":"","format":"standard","meta":{"_coblocks_attr":"","_coblocks_dimensions":"","_coblocks_responsive_height":"","_coblocks_accordion_ie_support":"","jetpack_post_was_ever_published":false,"_jetpack_newsletter_access":"","_jetpack_dont_email_post_to_subs":false,"_jetpack_newsletter_tier_id":0,"_jetpack_memberships_contains_paywalled_content":false,"_jetpack_memberships_contains_paid_content":false,"footnotes":"","jetpack_publicize_message":"","jetpack_publicize_feature_enabled":true,"jetpack_social_post_already_shared":true,"jetpack_social_options":{"image_generator_settings":{"template":"highway","default_image_id":0,"enabled":false},"version":2}},"categories":[1225,186,38,44],"tags":[],"class_list":["post-68292","post","type-post","status-publish","format-standard","has-post-thumbnail","hentry","category-ha-de-atarfe","category-instituciones","category-opinion-de-jose-enrique-granados","category-noticias-de-hoy"],"jetpack_publicize_connections":[],"jetpack_featured_media_url":"https:\/\/i0.wp.com\/miradordeatarfe.es\/wp-content\/uploads\/2024\/03\/431518387_898232388976911_8237006736676845627_n.jpg?fit=720%2C540&ssl=1","jetpack_likes_enabled":true,"jetpack_sharing_enabled":true,"_links":{"self":[{"href":"https:\/\/miradordeatarfe.es\/index.php?rest_route=\/wp\/v2\/posts\/68292","targetHints":{"allow":["GET"]}}],"collection":[{"href":"https:\/\/miradordeatarfe.es\/index.php?rest_route=\/wp\/v2\/posts"}],"about":[{"href":"https:\/\/miradordeatarfe.es\/index.php?rest_route=\/wp\/v2\/types\/post"}],"author":[{"embeddable":true,"href":"https:\/\/miradordeatarfe.es\/index.php?rest_route=\/wp\/v2\/users\/1"}],"replies":[{"embeddable":true,"href":"https:\/\/miradordeatarfe.es\/index.php?rest_route=%2Fwp%2Fv2%2Fcomments&post=68292"}],"version-history":[{"count":1,"href":"https:\/\/miradordeatarfe.es\/index.php?rest_route=\/wp\/v2\/posts\/68292\/revisions"}],"predecessor-version":[{"id":68294,"href":"https:\/\/miradordeatarfe.es\/index.php?rest_route=\/wp\/v2\/posts\/68292\/revisions\/68294"}],"wp:featuredmedia":[{"embeddable":true,"href":"https:\/\/miradordeatarfe.es\/index.php?rest_route=\/wp\/v2\/media\/68293"}],"wp:attachment":[{"href":"https:\/\/miradordeatarfe.es\/index.php?rest_route=%2Fwp%2Fv2%2Fmedia&parent=68292"}],"wp:term":[{"taxonomy":"category","embeddable":true,"href":"https:\/\/miradordeatarfe.es\/index.php?rest_route=%2Fwp%2Fv2%2Fcategories&post=68292"},{"taxonomy":"post_tag","embeddable":true,"href":"https:\/\/miradordeatarfe.es\/index.php?rest_route=%2Fwp%2Fv2%2Ftags&post=68292"}],"curies":[{"name":"wp","href":"https:\/\/api.w.org\/{rel}","templated":true}]}}