{"id":68298,"date":"2024-04-02T11:22:13","date_gmt":"2024-04-02T09:22:13","guid":{"rendered":"https:\/\/miradordeatarfe.es\/?p=68298"},"modified":"2024-04-01T13:31:27","modified_gmt":"2024-04-01T11:31:27","slug":"aprende-a-crear-un-spot-publicitario-contra-el-acoso-escolar","status":"publish","type":"post","link":"https:\/\/miradordeatarfe.es\/?p=68298","title":{"rendered":"ATARFE: \u00a1Aprende a Crear un Spot Publicitario contra el Acoso Escolar!"},"content":{"rendered":"<div class=\"xdj266r x11i5rnm xat24cr x1mh8g0r x1vvkbs x126k92a\">\n<h3 dir=\"auto\">\u00a0Ver a tus hijos sufrir el dolor f\u00edsico y emocional del acoso o el ciberacoso es desolador.Algunos padres no saben por d\u00f3nde empezar para proteger a sus hijos del acoso y la violencia. Hay otros que no saben si sus hijos son v\u00edctimas, testigos o incluso los perpetradores de esos comportamientos da\u00f1inos.<\/h3>\n<p>Seg\u00fan un estudio de <strong>El Pa\u00eds<\/strong>, uno de cada diez alumnos asegura haber sufrido<strong> bullying<\/strong> durante su etapa escolar. Se trata de un problema mucho m\u00e1s serio de lo que parece, ya que muchos de los ni\u00f1os que han sufrido acoso escolar desarrollan trastornos mentales. <strong>La publicidad se suma a la lucha contra el acoso escolar<\/strong> <strong>para concienciar a la sociedad del problema<\/strong>.<\/p>\n<p>En los colegios se suele hacer frente al acoso escolar a trav\u00e9s de la concienciaci\u00f3n de los profesores o los padres. Sin embargo, el Ayuntamiento de Atarfe\u00a0 ha optado por <strong>un enfoque diferente.<\/strong> Esta campa\u00f1a centra su discurso en <strong>aquellos que presencian casos de acoso escolar<\/strong>. Les anima a <strong>actuar de una manera pac\u00edfica<\/strong>, sin violencia, apoy\u00e1ndose en el siguiente dato: en el 85% de los casos una simple intervenci\u00f3n ajena de un igual permite <strong>detener la situaci\u00f3n de acoso<\/strong>. Por la forma en la que se expresa, con humor y ternura gracias a la pintura del le\u00f3n, nos ha parecido una <strong>campa\u00f1a creativa y pragm\u00e1tica en contra del bullying<\/strong><\/p>\n<\/div>\n<div class=\"x11i5rnm xat24cr x1mh8g0r x1vvkbs xtlvy1s x126k92a\">\n<div dir=\"auto\">\u00bfTienes entre 6 y 18 a\u00f1os y te interesa el mundo de la publicidad? \u00a1Esta es tu oportunidad para brillar y marcar la diferencia! Ap\u00fantate a nuestro <strong>Taller de Spot Publicitario con la tem\u00e1tica especial sobre Acoso Escolar.<\/strong><\/div>\n<div dir=\"auto\">\u00a0<\/div>\n<h3 dir=\"auto\">\u00a0Fecha: 16 y 17 de Abril<\/h3>\n<\/div>\n<div class=\"x11i5rnm xat24cr x1mh8g0r x1vvkbs xtlvy1s x126k92a\">\n<h3 dir=\"auto\">\u00a0Hora: 17:00 a 20:00<\/h3>\n<h3 dir=\"auto\">\u00a0Lugar: Espacio Joven<\/h3>\n<\/div>\n<div class=\"x11i5rnm xat24cr x1mh8g0r x1vvkbs xtlvy1s x126k92a\">\n<div dir=\"auto\">\u00a0<\/div>\n<div dir=\"auto\">Aprende a dise\u00f1ar y producir un spot publicitario que transmita un poderoso mensaje contra el acoso escolar. \u00a1Tu creatividad puede inspirar cambio y promover un ambiente escolar m\u00e1s seguro para todos!<\/div>\n<\/div>\n<div class=\"x11i5rnm xat24cr x1mh8g0r x1vvkbs xtlvy1s x126k92a\">\n<div dir=\"auto\">\u00a0<\/div>\n<div dir=\"auto\">\u00a0<strong><em>Inscripciones abiertas hasta el 11 de Abril<\/em><\/strong><\/div>\n<div dir=\"auto\">\u00a0<\/div>\n<\/div>\n<div class=\"x11i5rnm xat24cr x1mh8g0r x1vvkbs xtlvy1s x126k92a\">\n<div dir=\"auto\">Env\u00eda tu inscripci\u00f3n a:<\/div>\n<div dir=\"auto\"><span class=\"x3nfvp2 x1j61x8r x1fcty0u xdj266r xhhsvwb xat24cr xgzva0m xxymvpz xlup9mm x1kky2od\"><img loading=\"lazy\" decoding=\"async\" class=\"xz74otr\" src=\"https:\/\/static.xx.fbcdn.net\/images\/emoji.php\/v9\/tbe\/1\/16\/1f4e7.png\" alt=\"&#x1f4e7;\" width=\"16\" height=\"16\" \/><\/span> juventud@atarfe.es<\/div>\n<div dir=\"auto\"><span class=\"x3nfvp2 x1j61x8r x1fcty0u xdj266r xhhsvwb xat24cr xgzva0m xxymvpz xlup9mm x1kky2od\"><img loading=\"lazy\" decoding=\"async\" class=\"xz74otr\" src=\"https:\/\/static.xx.fbcdn.net\/images\/emoji.php\/v9\/td8\/1\/16\/1f4f2.png\" alt=\"&#x1f4f2;\" width=\"16\" height=\"16\" \/><\/span> WhatsApp: 676484703<\/div>\n<\/div>\n<div class=\"x11i5rnm xat24cr x1mh8g0r x1vvkbs xtlvy1s x126k92a\">\n<div dir=\"auto\"><span class=\"x3nfvp2 x1j61x8r x1fcty0u xdj266r xhhsvwb xat24cr xgzva0m xxymvpz xlup9mm x1kky2od\"><img loading=\"lazy\" decoding=\"async\" class=\"xz74otr\" src=\"https:\/\/static.xx.fbcdn.net\/images\/emoji.php\/v9\/tb3\/1\/16\/1f517.png\" alt=\"&#x1f517;\" width=\"16\" height=\"16\" \/><\/span> Descarga el formulario de inscripci\u00f3n: <a class=\"x1i10hfl xjbqb8w x1ejq31n xd10rxx x1sy0etr x17r0tee x972fbf xcfux6l x1qhh985 xm0m39n x9f619 x1ypdohk xt0psk2 xe8uvvx xdj266r x11i5rnm xat24cr x1mh8g0r xexx8yu x4uap5 x18d9i69 xkhd6sd x16tdsg8 x1hl2dhg xggy1nq x1a2a7pz xt0b8zv x1fey0fg\" tabindex=\"0\" role=\"link\" href=\"https:\/\/drive.google.com\/file\/d\/1g1SxDkHltrQlCVaCRqLxRk6gviq634lm\/view?usp=sharing&amp;fbclid=IwAR375ilkpIF_Rk0k1jThhqwqy3quVStwFmqWgqbOpLRnUrF5Bw_PgXQ9MkQ_aem_AS88cziPiT4Spx5-q4vjqYoXSBk1zv7QaCWd1rGdT3Gb0QHwLFD_6yAlacJ3MLcXQfF3P2i1zkOnDwMpWXDVNyWD\" target=\"_blank\" rel=\"nofollow noopener noreferrer\">https:\/\/drive.google.com\/&#8230;\/1g1SxDkHltrQlCVaCRqL&#8230;\/view&#8230;<\/a><\/p>\n<div>\n<div id=\"0DE9E47C-871A-4F90-8440-B190C216800A_2\" class=\"mcafee_green\" tabindex=\"0\">\u00a0<\/div>\n<\/div>\n<\/div>\n<\/div>\n<div class=\"x11i5rnm xat24cr x1mh8g0r x1vvkbs xtlvy1s x126k92a\">\n<div dir=\"auto\">No pierdas esta oportunidad. Esperamos tu participaci\u00f3n. \u00a1Juntos diremos NO al acoso escolar!<\/div>\n<\/div>\n<div dir=\"auto\">\u00a0<\/div>\n<div dir=\"auto\"><a href=\"https:\/\/i0.wp.com\/miradordeatarfe.es\/wp-content\/uploads\/2024\/03\/434744173_793635582813959_5263974998386686108_n.jpg?ssl=1\"><img data-recalc-dims=\"1\" loading=\"lazy\" decoding=\"async\" class=\"alignnone wp-image-68299 size-full\" src=\"https:\/\/i0.wp.com\/miradordeatarfe.es\/wp-content\/uploads\/2024\/03\/434744173_793635582813959_5263974998386686108_n.jpg?resize=509%2C720&#038;ssl=1\" alt=\"\" width=\"509\" height=\"720\" srcset=\"https:\/\/i0.wp.com\/miradordeatarfe.es\/wp-content\/uploads\/2024\/03\/434744173_793635582813959_5263974998386686108_n.jpg?w=509&amp;ssl=1 509w, https:\/\/i0.wp.com\/miradordeatarfe.es\/wp-content\/uploads\/2024\/03\/434744173_793635582813959_5263974998386686108_n.jpg?resize=212%2C300&amp;ssl=1 212w\" sizes=\"auto, (max-width: 509px) 100vw, 509px\" \/><\/a><\/div>\n","protected":false},"excerpt":{"rendered":"<p>\u00a0Ver a tus hijos sufrir el dolor f\u00edsico y emocional del acoso o el ciberacoso&#8230;<\/p>\n","protected":false},"author":1,"featured_media":68300,"comment_status":"closed","ping_status":"closed","sticky":false,"template":"","format":"standard","meta":{"_coblocks_attr":"","_coblocks_dimensions":"","_coblocks_responsive_height":"","_coblocks_accordion_ie_support":"","jetpack_post_was_ever_published":false,"_jetpack_newsletter_access":"","_jetpack_dont_email_post_to_subs":false,"_jetpack_newsletter_tier_id":0,"_jetpack_memberships_contains_paywalled_content":false,"_jetpack_memberships_contains_paid_content":false,"footnotes":"","jetpack_publicize_message":"","jetpack_publicize_feature_enabled":true,"jetpack_social_post_already_shared":true,"jetpack_social_options":{"image_generator_settings":{"template":"highway","default_image_id":0,"enabled":false},"version":2}},"categories":[6916,186,44],"tags":[],"class_list":["post-68298","post","type-post","status-publish","format-standard","has-post-thumbnail","hentry","category-ayuntamiento-de-atarfe","category-instituciones","category-noticias-de-hoy"],"jetpack_publicize_connections":[],"jetpack_featured_media_url":"https:\/\/i0.wp.com\/miradordeatarfe.es\/wp-content\/uploads\/2024\/03\/434744173_793635582813959_5263974998386686108_n-2.jpg?fit=509%2C220&ssl=1","jetpack_likes_enabled":true,"jetpack_sharing_enabled":true,"_links":{"self":[{"href":"https:\/\/miradordeatarfe.es\/index.php?rest_route=\/wp\/v2\/posts\/68298","targetHints":{"allow":["GET"]}}],"collection":[{"href":"https:\/\/miradordeatarfe.es\/index.php?rest_route=\/wp\/v2\/posts"}],"about":[{"href":"https:\/\/miradordeatarfe.es\/index.php?rest_route=\/wp\/v2\/types\/post"}],"author":[{"embeddable":true,"href":"https:\/\/miradordeatarfe.es\/index.php?rest_route=\/wp\/v2\/users\/1"}],"replies":[{"embeddable":true,"href":"https:\/\/miradordeatarfe.es\/index.php?rest_route=%2Fwp%2Fv2%2Fcomments&post=68298"}],"version-history":[{"count":2,"href":"https:\/\/miradordeatarfe.es\/index.php?rest_route=\/wp\/v2\/posts\/68298\/revisions"}],"predecessor-version":[{"id":68302,"href":"https:\/\/miradordeatarfe.es\/index.php?rest_route=\/wp\/v2\/posts\/68298\/revisions\/68302"}],"wp:featuredmedia":[{"embeddable":true,"href":"https:\/\/miradordeatarfe.es\/index.php?rest_route=\/wp\/v2\/media\/68300"}],"wp:attachment":[{"href":"https:\/\/miradordeatarfe.es\/index.php?rest_route=%2Fwp%2Fv2%2Fmedia&parent=68298"}],"wp:term":[{"taxonomy":"category","embeddable":true,"href":"https:\/\/miradordeatarfe.es\/index.php?rest_route=%2Fwp%2Fv2%2Fcategories&post=68298"},{"taxonomy":"post_tag","embeddable":true,"href":"https:\/\/miradordeatarfe.es\/index.php?rest_route=%2Fwp%2Fv2%2Ftags&post=68298"}],"curies":[{"name":"wp","href":"https:\/\/api.w.org\/{rel}","templated":true}]}}