{"id":68323,"date":"2024-04-03T11:36:20","date_gmt":"2024-04-03T09:36:20","guid":{"rendered":"https:\/\/miradordeatarfe.es\/?p=68323"},"modified":"2024-04-01T23:18:00","modified_gmt":"2024-04-01T21:18:00","slug":"vecineando-por-fabiola-ga-montijano","status":"publish","type":"post","link":"https:\/\/miradordeatarfe.es\/?p=68323","title":{"rendered":"VECINEANDO  Por Fabiola G\u00aa Montijano"},"content":{"rendered":"<h2 style=\"text-align: justify;\">Creativa<\/h2>\n<p style=\"text-align: justify;\">Con el t\u00edtulo \u201cvecineando\u201d me dirijo a todos los lectores del Mirador de Atarfe para contaros an\u00e9cdotas, curiosidades y vivencias de una atarfe\u00f1a que quiere con ello resaltar historias vividas en vecindad.<\/p>\n<p style=\"text-align: justify;\">Marzo ha concluido y en \u00e9l adem\u00e1s de celebrar el d\u00eda Internacional de la Mujer y el d\u00eda del padre, es el mes por excelencia dedicado al teatro y a la poes\u00eda, festejando el 20, D\u00eda Mundial de las Artes Esc\u00e9nicas para la Infancia y la Juventud, el 21, D\u00eda Mundial de la Poes\u00eda y el 27, D\u00eda Mundial del Teatro.<\/p>\n<p style=\"text-align: justify;\">Recuerdo los teatrillos que hac\u00edamos viviendo en la Calle Barquillo que empezaban con los ensayos en la acera de la casa de Amelia, \u201cla alpalgatera\u201d. Esta acera era muy ancha y all\u00ed preparamos la coreograf\u00eda de \u201cLa piragua de Guillermo Cubillos\u201d, tanto ensay\u00e1bamos que Amelia acompa\u00f1ada por su fiel perro Lucero, sal\u00eda a la puerta y nos ped\u00eda por favor que cambi\u00e1ramos de canci\u00f3n que con tanta piragua la ten\u00edamos loca. Hac\u00edamos caso, era el turno de Manolo Escobar, con \u201cEl \u00a0carro\u201d o \u201cViva el vino y las mujeres\u201d, temas muy demandados por nuestro p\u00fablico, las abuelas del barrio. Tras los ensayos, hab\u00eda que poner fecha, lugar y hora al estreno del espect\u00e1culo. El elenco formado por \u00a0Mar\u00eda Mercedes, Rosi, Manmen, Lourdes y Fabiola, decid\u00edan tal menester. El escenario elegido era el patio de la casa de Carmen, \u201cde la caser\u00eda\u201d, modista reconocida en Atarfe y madre de Mar\u00eda Mercedes. El precio, una peseta y all\u00ed con sus sillas de anea las abuelas de la calle Barquillo iban dispuestas a disfrutar de sus \u201cni\u00f1as\u201d que cantaban y bailaban de mil amores, tambi\u00e9n ven\u00edan algunas madres, hermanos y alg\u00fan que otro vecino. Catalina, la Veterana, Rosa la faroles, Paquita, Angelitas, mama Trini, aplaud\u00edan sin dejar de re\u00edr a aquellas chiquillas que se disfrazaban y pintaban con el chicle de pintalabios, los labios para parecer m\u00e1s artistas. Con el dinero recaudado llegaba la fiesta, una bolsa de patatas fritas y una gaseosa de naranja, la Pitusa que se completaba con el delicioso salchich\u00f3n que Carmen nos part\u00eda y la rica limonada de Trini, mi madre. Y de este modo pas\u00e1bamos muchas tardes de primavera en vecindad. En la calle hab\u00edan otras artistas, m\u00e1s modernas, Fuencisla y Celia que ten\u00edan tocadiscos, vamos lo m\u00e1s de lo m\u00e1s, sus espect\u00e1culos eran de m\u00e1s categor\u00eda.<\/p>\n<p style=\"text-align: justify;\"><a href=\"https:\/\/i0.wp.com\/miradordeatarfe.es\/wp-content\/uploads\/2024\/04\/IMG_20240401_225419.jpg?ssl=1\"><img data-recalc-dims=\"1\" loading=\"lazy\" decoding=\"async\" class=\"alignnone wp-image-68326 size-full\" src=\"https:\/\/i0.wp.com\/miradordeatarfe.es\/wp-content\/uploads\/2024\/04\/IMG_20240401_225419.jpg?resize=640%2C971&#038;ssl=1\" alt=\"\" width=\"640\" height=\"971\" srcset=\"https:\/\/i0.wp.com\/miradordeatarfe.es\/wp-content\/uploads\/2024\/04\/IMG_20240401_225419.jpg?w=663&amp;ssl=1 663w, https:\/\/i0.wp.com\/miradordeatarfe.es\/wp-content\/uploads\/2024\/04\/IMG_20240401_225419.jpg?resize=198%2C300&amp;ssl=1 198w\" sizes=\"auto, (max-width: 640px) 100vw, 640px\" \/><\/a><\/p>\n<p style=\"text-align: justify;\">Quiero resaltar para terminar, la afici\u00f3n que siempre ha habido entre las gentes de Atarfe por el teatro. La primera obra que vi fue en la discoteca la Junquera, all\u00ed un grupo de j\u00f3venes del pueblo, si la memoria no me falla, representaron en 1972, la obra de Ana Diosdado, <em>Olvida los tambore<\/em>s, entre los actores, Jos\u00e9 Lucena Aguilera, el que pocos a\u00f1os m\u00e1s tarde ser\u00eda el primer alcalde de Atarfe en democracia, qued\u00e9 tan agradablemente sorprendida que dije: esto es lo que quiero para m\u00ed. Como he dicho la afici\u00f3n por el teatro es algo muy arraigado en Atarfe. As\u00ed visitando a Paquito Rueda, atarfe\u00f1o que se fue a vivir a Santa F\u00e9, me habl\u00f3 de las obra de teatro \u201cHay t\u00edo de mi alma que solo me dejas \u201cde Carlos Arniches, en la que participaban muchos vecinos nuestros: Juan ArrabalT\u00e9llez, Luisa Est\u00e9vez, Marina D\u00edaz Jim\u00e9nez, Josefina la pistolas, Aurea de los nieves, \u00a0Paquito Rueda, Pepe Barranco y que representaron en 1956 en el Cine Ben\u00edtez. \u00a0Tambi\u00e9n me fotocopi\u00f3 programas de los a\u00f1os treinta, obras representadas en el Sal\u00f3n Baldomero, por las juventudes socialistas de Atarfe, algunas de las cuales eran originales de Antonio Cano Mariscal, atarfe\u00f1o tambi\u00e9n, \u00a0seg\u00fan me dijo Paquito.<\/p>\n<p style=\"text-align: justify;\">Hoy Atarfe puede presumir de tener una escuela de teatro de prestigio pues la Escuela de Teatro de la Asociaci\u00f3n Art\u00edstica y Cultural Ciudad Atarfe, dirigida por V\u00edctor M. Rivera Rueda, est\u00e1 considerada como una de las mejores escuelas de teatro aficionado de la provincia.<\/p>\n<p style=\"text-align: justify;\">Viva el Teatro<\/p>\n<p style=\"text-align: justify;\">\u00a0\u201cUn coraz\u00f3n de guitarra quisiera para cantar lo que siento\u201d (Alberto Cort\u00e9s)<\/p>\n<p>FABIOLA G\u00aa MONTIJANO<\/p>\n<p>FOTOS CEDIDAS POR LA AUTORA<\/p>\n<p><a href=\"https:\/\/i0.wp.com\/miradordeatarfe.es\/wp-content\/uploads\/2024\/04\/IMG_20240401_225234.jpg?ssl=1\"><img data-recalc-dims=\"1\" loading=\"lazy\" decoding=\"async\" class=\"alignnone wp-image-68324 size-full\" src=\"https:\/\/i0.wp.com\/miradordeatarfe.es\/wp-content\/uploads\/2024\/04\/IMG_20240401_225234.jpg?resize=640%2C878&#038;ssl=1\" alt=\"\" width=\"640\" height=\"878\" srcset=\"https:\/\/i0.wp.com\/miradordeatarfe.es\/wp-content\/uploads\/2024\/04\/IMG_20240401_225234.jpg?w=720&amp;ssl=1 720w, https:\/\/i0.wp.com\/miradordeatarfe.es\/wp-content\/uploads\/2024\/04\/IMG_20240401_225234.jpg?resize=219%2C300&amp;ssl=1 219w\" sizes=\"auto, (max-width: 640px) 100vw, 640px\" \/><\/a>\u00a0 <a href=\"https:\/\/i0.wp.com\/miradordeatarfe.es\/wp-content\/uploads\/2024\/04\/Screenshot_2024-04-01-22-51-59-76_f541918c7893c52dbd1ee5d319333948.jpg?ssl=1\"><img data-recalc-dims=\"1\" loading=\"lazy\" decoding=\"async\" class=\"alignnone wp-image-68327 size-full\" src=\"https:\/\/i0.wp.com\/miradordeatarfe.es\/wp-content\/uploads\/2024\/04\/Screenshot_2024-04-01-22-51-59-76_f541918c7893c52dbd1ee5d319333948.jpg?resize=640%2C835&#038;ssl=1\" alt=\"\" width=\"640\" height=\"835\" srcset=\"https:\/\/i0.wp.com\/miradordeatarfe.es\/wp-content\/uploads\/2024\/04\/Screenshot_2024-04-01-22-51-59-76_f541918c7893c52dbd1ee5d319333948.jpg?w=719&amp;ssl=1 719w, https:\/\/i0.wp.com\/miradordeatarfe.es\/wp-content\/uploads\/2024\/04\/Screenshot_2024-04-01-22-51-59-76_f541918c7893c52dbd1ee5d319333948.jpg?resize=230%2C300&amp;ssl=1 230w\" sizes=\"auto, (max-width: 640px) 100vw, 640px\" \/><\/a><\/p>\n","protected":false},"excerpt":{"rendered":"<p>Creativa Con el t\u00edtulo \u201cvecineando\u201d me dirijo a todos los lectores del Mirador de Atarfe&#8230;<\/p>\n","protected":false},"author":1,"featured_media":68325,"comment_status":"closed","ping_status":"closed","sticky":false,"template":"","format":"standard","meta":{"_coblocks_attr":"","_coblocks_dimensions":"","_coblocks_responsive_height":"","_coblocks_accordion_ie_support":"","jetpack_post_was_ever_published":false,"_jetpack_newsletter_access":"","_jetpack_dont_email_post_to_subs":false,"_jetpack_newsletter_tier_id":0,"_jetpack_memberships_contains_paywalled_content":false,"_jetpack_memberships_contains_paid_content":false,"footnotes":"","jetpack_publicize_message":"","jetpack_publicize_feature_enabled":true,"jetpack_social_post_already_shared":true,"jetpack_social_options":{"image_generator_settings":{"template":"highway","default_image_id":0,"enabled":false},"version":2}},"categories":[12,10796,1225,186,44],"tags":[],"class_list":["post-68323","post","type-post","status-publish","format-standard","has-post-thumbnail","hentry","category-cultura","category-fabiola-ga-montijano","category-ha-de-atarfe","category-instituciones","category-noticias-de-hoy"],"jetpack_publicize_connections":[],"jetpack_featured_media_url":"https:\/\/i0.wp.com\/miradordeatarfe.es\/wp-content\/uploads\/2024\/04\/IMG_20240401_225328.jpg?fit=720%2C952&ssl=1","jetpack_likes_enabled":true,"jetpack_sharing_enabled":true,"_links":{"self":[{"href":"https:\/\/miradordeatarfe.es\/index.php?rest_route=\/wp\/v2\/posts\/68323","targetHints":{"allow":["GET"]}}],"collection":[{"href":"https:\/\/miradordeatarfe.es\/index.php?rest_route=\/wp\/v2\/posts"}],"about":[{"href":"https:\/\/miradordeatarfe.es\/index.php?rest_route=\/wp\/v2\/types\/post"}],"author":[{"embeddable":true,"href":"https:\/\/miradordeatarfe.es\/index.php?rest_route=\/wp\/v2\/users\/1"}],"replies":[{"embeddable":true,"href":"https:\/\/miradordeatarfe.es\/index.php?rest_route=%2Fwp%2Fv2%2Fcomments&post=68323"}],"version-history":[{"count":1,"href":"https:\/\/miradordeatarfe.es\/index.php?rest_route=\/wp\/v2\/posts\/68323\/revisions"}],"predecessor-version":[{"id":68328,"href":"https:\/\/miradordeatarfe.es\/index.php?rest_route=\/wp\/v2\/posts\/68323\/revisions\/68328"}],"wp:featuredmedia":[{"embeddable":true,"href":"https:\/\/miradordeatarfe.es\/index.php?rest_route=\/wp\/v2\/media\/68325"}],"wp:attachment":[{"href":"https:\/\/miradordeatarfe.es\/index.php?rest_route=%2Fwp%2Fv2%2Fmedia&parent=68323"}],"wp:term":[{"taxonomy":"category","embeddable":true,"href":"https:\/\/miradordeatarfe.es\/index.php?rest_route=%2Fwp%2Fv2%2Fcategories&post=68323"},{"taxonomy":"post_tag","embeddable":true,"href":"https:\/\/miradordeatarfe.es\/index.php?rest_route=%2Fwp%2Fv2%2Ftags&post=68323"}],"curies":[{"name":"wp","href":"https:\/\/api.w.org\/{rel}","templated":true}]}}