{"id":68336,"date":"2024-04-05T09:08:48","date_gmt":"2024-04-05T07:08:48","guid":{"rendered":"https:\/\/miradordeatarfe.es\/?p=68336"},"modified":"2024-04-04T20:00:36","modified_gmt":"2024-04-04T18:00:36","slug":"jose-antonio-garcia-reyerta-es-un-acercamiento-a-lorca-puramente-desde-el-rock","status":"publish","type":"post","link":"https:\/\/miradordeatarfe.es\/?p=68336","title":{"rendered":"Jos\u00e9 Antonio Garc\u00eda: \u00ab&#8216;Reyerta&#8217; es un acercamiento a Lorca puramente desde el Rock\u201d"},"content":{"rendered":"<h3 style=\"text-align: justify;\">El cantante de 091 y el grupo El Hombre Garabato estrenan el pr\u00f3ximo fin de semana una enorme aventura sobre el poeta granadino en el Centro Garc\u00eda Lorca.<\/h3>\n<div id=\"content\">\n<div class=\"content\">\n<div id=\"main\">\n<div class=\"item\">\n<div class=\"cols2-2\">\n<div class=\"colA\">\n<div class=\"cuerpo\">\n<div class=\"divdest\" style=\"text-align: justify;\">A Lorca le han cantado desde diversos puntos de vista musical, desde la popular y el flamenco a mayormente la canci\u00f3n de autor: Paco Ib\u00e1\u00f1ez, Cano, Prada o el brillante \u00faltimo disco de Ra\u00fal Alcover por ejemplo. Tambi\u00e9n ocasionalmente e indirectamente desde el Jazz (como el concierto \u2018Poeta en Nueva York de los medio granadinos Missing Stompers). Quiz\u00e1s sea el rock el g\u00e9nero que se ha acercado con m\u00e1s prudencia y sobre todo picoteando sin decidirse de todo a sumergirse en el mundo lorquiano. Casos como los de Manolo Tena, Marea, Enemigos, Lagartija o Extremoduro han sido algunos antecedentes en tama\u00f1o peque\u00f1o de este \u2018Reyerta\u2019, el proyecto que a\u00fana al cantante de 091, Jos\u00e9 Antonio Garc\u00eda, con el grupo El Hombre Garabato y el a\u00f1adido del Coro de C\u00e1mara que dirige Jorge Rodr\u00edguez Morata. El vienes y el s\u00e1bado hacen los estrenos absolutos de esta enorme aventura lorquiana en el teatro del Centro Garc\u00eda Lorca.\u00a0<\/div>\n<p style=\"text-align: justify;\"><strong>\u2500<\/strong>\u00a0<strong>La asociaci\u00f3n con Jos\u00e9 Antonio est\u00e1 dando de s\u00cd\u2026<\/strong><\/p>\n<p style=\"text-align: justify;\"><strong>\u2500<\/strong>\u00a0(Nicol\u00e1s Hern\u00e1ndez) Hemos encontrado un m\u00e9todo de trabajo que funciona, Jos\u00e9 Antonio conf\u00eda mucho en nosotros y nos entendemos bien, dentro y fuera del escenario. De modo que 10 a\u00f1os despu\u00e9s, la asociaci\u00f3n sigue funcionando. Y que dure.<\/p>\n<p style=\"text-align: justify;\"><strong>\u2500<\/strong>\u00a0<strong>\u00a0\u00bfPodemos pensar como \u2018premier\u2019 parcial aquel concierto en la Plater\u00eda?<\/strong><\/p>\n<p style=\"text-align: justify;\">\u2500\u00a0(Jos\u00e9 Antonio Garc\u00eda) Lo fue. En la Plater\u00eda probamos algunas de las canciones que van a sonar en \u2018Reyerta\u2019. Las sensaciones que tuvimos fueron muy buenas y vimos que el concepto funcionaba. La buen\u00edsima acogida que tuvo aquel concierto fue un impulso para seguir trabajando sobre la obra Lorquiana.<\/p>\n<p style=\"text-align: justify;\"><strong>\u2500\u00a0Los Garabatos se est\u00e1n convirtiendo en la banda \u2018residente\u2019 de todo tipo de proyectos singulares\u2026<\/strong><\/p>\n<p style=\"text-align: justify;\">\u2500\u00a0(NH): M\u00e1s por accidente y por necesidad que por otra cosa, pero s\u00ed, \u00faltimamente somos The Band de este lado del Beiro.<\/p>\n<p style=\"text-align: justify;\">\u2500\u00a0(JAG): En \u2018Reyerta\u2019 no est\u00e1n todos los Garabatos al completo por una cuesti\u00f3n log\u00edstica, est\u00e1n solo bajo, bater\u00eda y la guitarra de Nico, pero seguramente contemos con el grupo al completo para la grabaci\u00f3n del disco.<\/p>\n<p style=\"text-align: justify;\"><strong>\u2500\u00a0Lo mismo digo de las voces de Morata, capaces de cualquier audacia\u2026<\/strong><\/p>\n<p style=\"text-align: justify;\">\u2500 (JAG): Lo de Jorge y el Coro de C\u00e1mara es alucinante, es un coro que, viniendo de la m\u00fasica cl\u00e1sica, son capaces de enfrentarse a cualquier reto y m\u00fasica, como el Flamenco o el Rock. Son todos muy rockeros, se amoldan bien a nuestro lenguaje y la din\u00e1mica del rock. Ten en cuenta que es un esfuerzo grande el que tienen que hacer para amoldarse a una banda de rock en el escenario y sin perder una pizca de su personalidad.<\/p>\n<div class=\"divdest\" style=\"text-align: justify;\">\n<div class=\"media media-element-container media-default\">\n<div id=\"file-101559\" class=\"file file-image file-image-jpeg\">\n<div class=\"content\"><img data-recalc-dims=\"1\" loading=\"lazy\" decoding=\"async\" class=\"media-element file-default\" src=\"https:\/\/i0.wp.com\/www.elindependientedegranada.es\/sites\/default\/files\/ptgarabato3.jpg?resize=640%2C404&#038;ssl=1\" alt=\"\" width=\"640\" height=\"404\" data-delta=\"1\" \/><\/div>\n<\/div>\n<\/div>\n<p>Jos\u00e9 Antonio Garc\u00eda con El Hombre Garabato. Foto: JTG<\/p><\/div>\n<p style=\"text-align: justify;\"><strong>\u2500\u00a0Lorca no ha tenido excesivos acercamientos desde el rock, muchos m\u00e1s desde los cantautores, como el gran disco de Ra\u00fal Alcover, Cano y siempre Paco Ib\u00e1\u00f1ez \u00bfacaso por un respeto excesivo o por desconocimiento?<\/strong><\/p>\n<p style=\"text-align: justify;\">\u2500\u00a0(JAG): Seguramente por un poco de ambos. De alguna manera se ha asumido que Lorca era del flamenco y, en menor medida, de los cantautores, pero el rock se ha acercado poco a sus poemas, quiz\u00e1 por desconocimiento o quiz\u00e1, como dices, por respeto excesivo. Nosotros mismo, a la hora de trabajar en \u2018Reyerta\u2019, hemos tenido muchos momentos de duda, de si est\u00e1bamos a la altura. Creemos que en la poes\u00eda de Lorca tambi\u00e9n se encuentran otras m\u00fasicas como el Jazz o el Blues, que fascin\u00f3 a Federico a su llegada a Nueva York, y que son las ra\u00edces del Rock y del Pop. Nos hemos dado cuenta de que su poes\u00eda encaja muy bien con estos g\u00e9neros.<\/p>\n<p style=\"text-align: justify;\"><strong>\u2500\u00a0Sin embargo hay nombres como los de Marea, Manolo Tena, Extremoduro, Lagartija\u2026 o los discos colectivos \u2018De Granada a la luna\u2019 y \u2018Poetas en Nueva York\u2019 que s\u00ed ha inyectado electricidad a sus escritos\u00a0 \u00bfalguno ha sido \u00fatil para enmarcar este proyecto?<\/strong><\/p>\n<p style=\"text-align: justify;\">\u2500\u00a0(NH): No, esos discos, aunque algunos los conocemos, no han sido una referencia para nosotros en este proceso de composici\u00f3n. Esta creemos que es una de las grandezas de este proyecto, es un acercamiento puramente desde el Rock. Muchas canciones son netamente Pop o Rock al m\u00e1s cl\u00e1sico estilo de bajo, bater\u00eda y guitarra, con su estrofa y estribillo. Y lo mejor es que parece que han sido escritas hoy mismo, no han perdido nada de novedad. Es lo que tiene Federico.<\/p>\n<p class=\"sumari\" style=\"text-align: justify;\">\u00abMe apena mucho que Jes\u00fas (Arias) no est\u00e9 aqu\u00ed, hubiera disfrutado mucho con estas canciones, \u00e9l siempre me anim\u00f3 a hincarle el diente a Lorca\u00bb<\/p>\n<p style=\"text-align: justify;\"><strong>\u2500\u00a0La intermitente asociaci\u00f3n de Jos\u00e9 Antonio con Jes\u00fas Arias , lorquiano convicto y confeso, y aquel lejano ya \u2018Son de negros en Cuba\u2019 puede ser el punto partida del proyecto?<\/strong><\/p>\n<p style=\"text-align: justify;\">\u2500\u00a0(JAG): Seguramente esa fue la primera vez que yo cant\u00e9 un texto de Lorca y es la primera vez que vi que yo pod\u00eda cantar a Lorca, de modo que s\u00ed, es posible que \u2018Son de Negros en Cuba\u2019 sea uno de los or\u00edgenes de este espect\u00e1culo. Me apena mucho que Jes\u00fas no est\u00e9 aqu\u00ed, hubiera disfrutado mucho con estas canciones, \u00e9l siempre me anim\u00f3 a hincarle el diente a Lorca.<\/p>\n<p style=\"text-align: justify;\"><strong>\u2500\u00a0Saben que en maqueta esa canci\u00f3n fue n\u00famero en la Radio Metropolitana de la Habana durante un tiempo\u2026 \u00a1Celebraron su\u00a0 atinada mezcla de rock, poes\u00eda y clave cubana!<\/strong><\/p>\n<p style=\"text-align: justify;\">\u2500\u00a0(JAG): S\u00ed, lo s\u00e9, y es incre\u00edble que esta canci\u00f3n haya calado. Es porque es una buena canci\u00f3n. Nos encantar\u00eda ir a Cuba a defender estas canciones, ser\u00eda la culminaci\u00f3n de este proyecto.<\/p>\n<p style=\"text-align: justify;\">\u2500 (NH): \u00a1Y a nueva York!<\/p>\n<div class=\"media media-element-container media-default\" style=\"text-align: justify;\">\n<div id=\"file-101560\" class=\"file file-image file-image-jpeg\">\n<div class=\"content\"><img data-recalc-dims=\"1\" loading=\"lazy\" decoding=\"async\" class=\"media-element file-default\" src=\"https:\/\/i0.wp.com\/www.elindependientedegranada.es\/sites\/default\/files\/pitos_reyerta.jpg?resize=640%2C882&#038;ssl=1\" alt=\"\" width=\"640\" height=\"882\" data-delta=\"2\" \/><\/div>\n<\/div>\n<\/div>\n<p style=\"text-align: justify;\"><strong>\u2500\u00a0Normalmente ustedes no suelen trabajar sobre textos ya cerrados\u2026\u00bfCu\u00e1l ha sido el criterio, el tem\u00e1tico, la potencialidad sonora, la accesibilidad musical?<\/strong><\/p>\n<p style=\"text-align: justify;\">\u2500\u00a0(NH): El criterio ha sido biogr\u00e1fico. No hemos buscado los poemas m\u00e1s importantes o conocidos. Cada uno hemos aportado los poemas que m\u00e1s nos han tocado en nuestra vida, que m\u00e1s hemos le\u00eddo. A veces incluso algunos carecen de rima o versos sim\u00e9tricos, como ha pasado en \u2018Oficina y denuncia\u2019, un poema de \u2018Poeta en Nueva York\u2019, que tiene una estructura casi en prosa y que ha sido dif\u00edcil musicar. Nosotros no queremos reivindicar la obra de Lorca, no le hace falta, queremos mostrar nuestro propio Lorca y cantarlo a nuestro modo. Es una necesidad art\u00edstica, una deuda pendiente.<\/p>\n<p class=\"sumari\" style=\"text-align: justify;\">\u00abHa sido un reencuentro con Lorca, con una poes\u00eda eterna y conmovedora, de una belleza y una musicalidad que me empujaba a cantarla\u00bb<\/p>\n<p style=\"text-align: justify;\"><strong>\u2500\u00a0Y ya dentro del poemario \u00bfqu\u00e9 se han encontrado desde el punto de vista de unos m\u00fasicos de rock y tambi\u00e9n letristas?<\/strong><\/p>\n<p style=\"text-align: justify;\">\u2500\u00a0(JAG): Nos hemos encontrado un poeta enorme, cuyos poemas encierran tesoros en cada verso. Hay d\u00edas que hemos estado comentando un solo verso, qu\u00e9 quiere decir, c\u00f3mo lo interpretamos cada uno\u2026 Ha sido un reencuentro con Lorca, con una poes\u00eda eterna y conmovedora, de una belleza y una musicalidad que me empujaba a cantarla.<\/p>\n<p style=\"text-align: justify;\"><strong>\u2500\u00a0Se conocen algunas pocas piezas de este trabajo, y son t\u00edtulos no de los m\u00e1s difundidos del poeta, \u00bfhan acudido tambi\u00e9n a alguno de sus \u2018best sellers\u2019 como bander\u00edn de enganche?<\/strong><\/p>\n<p style=\"text-align: justify;\">\u2500\u00a0(NH): La popularidad de los poemas no ha sido un criterio, en absoluto. De hecho son casi todos poemas poco conocidos, de libros tan dispares como las \u2018Canciones\u2019 de 1921 o \u2018El Div\u00e1n del Tamarit\u2019. El criterio, como dec\u00edamos ha sido emocional, queremos mostrar nuestra visi\u00f3n de algunos de los poemas que han conformado nuestra educaci\u00f3n sentimental. Yo he memorizado cientos de poemas a base de o\u00edr las canciones de Serrat, Amancio Prada o Paco Ib\u00e1\u00f1ez y estas canciones tambi\u00e9n son un modo de fijar los poemas en nuestra mente y en la gente que los oiga.<\/p>\n<p style=\"text-align: justify;\"><strong>\u2500\u00a0Y despu\u00e9s del 6 de abril\u2026 \u00bfqu\u00e9? , porque el espect\u00e1culo completo es complicado de mover\u2026 \u00bfHabr\u00e1 disco\/v\u00eddeo tambi\u00e9n para la posteridad?<\/strong><\/p>\n<p style=\"text-align: justify;\">\u2500\u00a0(JAG): El espect\u00e1culo es complicado de mover por las dimensiones y el equipo t\u00e9cnico, pero tenemos muy buenas sensaciones de cara a la gira, vemos inter\u00e9s en el proyecto. Por supuesto habr\u00e1 video, \u00d3scar Parada est\u00e1 documentando todo el proceso y nuestra idea es publicar material audiovisual al final de la gira. Igualmente, nuestra intenci\u00f3n es grabar el disco, aunque cuando el repertorio est\u00e9 bien asentado. Ser\u00eda una pena que estas canciones no quedaran registradas. Habr\u00e1 disco.\u00a0<\/p>\n<p><strong>JGT<\/strong><\/p>\n<p>FOTO: Jos\u00e9 Antonio Garc\u00eda con El Hombre Garabato y el Coro de C\u00e1mara. JGT<\/p>\n<p>https:\/\/www.elindependientedegranada.es\/cultura\/jose-antonio-garcia-reyerta-es-acercamiento-lorca-puramente-rock<\/p>\n<\/div>\n<\/div>\n<\/div>\n<\/div>\n<\/div>\n<\/div>\n<\/div>\n","protected":false},"excerpt":{"rendered":"<p>El cantante de 091 y el grupo El Hombre Garabato estrenan el pr\u00f3ximo fin de&#8230;<\/p>\n","protected":false},"author":1,"featured_media":68337,"comment_status":"closed","ping_status":"closed","sticky":false,"template":"","format":"standard","meta":{"_coblocks_attr":"","_coblocks_dimensions":"","_coblocks_responsive_height":"","_coblocks_accordion_ie_support":"","jetpack_post_was_ever_published":false,"_jetpack_newsletter_access":"","_jetpack_dont_email_post_to_subs":false,"_jetpack_newsletter_tier_id":0,"_jetpack_memberships_contains_paywalled_content":false,"_jetpack_memberships_contains_paid_content":false,"footnotes":"","jetpack_publicize_message":"","jetpack_publicize_feature_enabled":true,"jetpack_social_post_already_shared":true,"jetpack_social_options":{"image_generator_settings":{"template":"highway","default_image_id":0,"enabled":false},"version":2}},"categories":[1161,44,6937],"tags":[],"class_list":["post-68336","post","type-post","status-publish","format-standard","has-post-thumbnail","hentry","category-ciudadania","category-noticias-de-hoy","category-sociedad"],"jetpack_publicize_connections":[],"jetpack_featured_media_url":"https:\/\/i0.wp.com\/miradordeatarfe.es\/wp-content\/uploads\/2024\/04\/pitos_sgaract_2.jpg?fit=750%2C499&ssl=1","jetpack_likes_enabled":true,"jetpack_sharing_enabled":true,"_links":{"self":[{"href":"https:\/\/miradordeatarfe.es\/index.php?rest_route=\/wp\/v2\/posts\/68336","targetHints":{"allow":["GET"]}}],"collection":[{"href":"https:\/\/miradordeatarfe.es\/index.php?rest_route=\/wp\/v2\/posts"}],"about":[{"href":"https:\/\/miradordeatarfe.es\/index.php?rest_route=\/wp\/v2\/types\/post"}],"author":[{"embeddable":true,"href":"https:\/\/miradordeatarfe.es\/index.php?rest_route=\/wp\/v2\/users\/1"}],"replies":[{"embeddable":true,"href":"https:\/\/miradordeatarfe.es\/index.php?rest_route=%2Fwp%2Fv2%2Fcomments&post=68336"}],"version-history":[{"count":1,"href":"https:\/\/miradordeatarfe.es\/index.php?rest_route=\/wp\/v2\/posts\/68336\/revisions"}],"predecessor-version":[{"id":68338,"href":"https:\/\/miradordeatarfe.es\/index.php?rest_route=\/wp\/v2\/posts\/68336\/revisions\/68338"}],"wp:featuredmedia":[{"embeddable":true,"href":"https:\/\/miradordeatarfe.es\/index.php?rest_route=\/wp\/v2\/media\/68337"}],"wp:attachment":[{"href":"https:\/\/miradordeatarfe.es\/index.php?rest_route=%2Fwp%2Fv2%2Fmedia&parent=68336"}],"wp:term":[{"taxonomy":"category","embeddable":true,"href":"https:\/\/miradordeatarfe.es\/index.php?rest_route=%2Fwp%2Fv2%2Fcategories&post=68336"},{"taxonomy":"post_tag","embeddable":true,"href":"https:\/\/miradordeatarfe.es\/index.php?rest_route=%2Fwp%2Fv2%2Ftags&post=68336"}],"curies":[{"name":"wp","href":"https:\/\/api.w.org\/{rel}","templated":true}]}}