{"id":68379,"date":"2024-04-05T08:35:37","date_gmt":"2024-04-05T06:35:37","guid":{"rendered":"https:\/\/miradordeatarfe.es\/?p=68379"},"modified":"2024-04-04T21:01:37","modified_gmt":"2024-04-04T19:01:37","slug":"una-lengua-de-polvo-del-sahara-llega-a-andalucia-con-calima-y-lluvias-de-sangre","status":"publish","type":"post","link":"https:\/\/miradordeatarfe.es\/?p=68379","title":{"rendered":"Una lengua de polvo del S\u00e1hara llega a Andaluc\u00eda con calima y &#8216;lluvias de sangre&#8217;"},"content":{"rendered":"<h2 class=\"v-a-sub-t\" style=\"text-align: justify;\">Desde este jueves las temperaturas comenzar\u00e1n a subir hasta superar los 30 grados en algunos puntos de la comunidad aut\u00f3noma durante los pr\u00f3ximos d\u00edas<\/h2>\n<p class=\"v-p\" style=\"text-align: justify;\">El verano llega por adelantado a Andaluc\u00eda. Desde este jueves la comunidad aut\u00f3noma empezar\u00e1 a registrar un aumento paulatino de las temperaturas hasta alcanzar entre el viernes y el s\u00e1bado temperaturas m\u00e1ximas superiores a los 30 grados en varios puntos del territorio. Y el calor no vendr\u00e1 solo, ya que con \u00e9l entrar\u00e1 una gran lengua de polvo procedente del S\u00e1hara que podr\u00eda dejar lluvias con barro durante los pr\u00f3ximos d\u00edas.<\/p>\n<div class=\"paywall container-wall-exclusive\" style=\"text-align: justify;\" data-mrf-recirculation=\"Link art\u00edculos\">\n<p class=\"v-p\">Este jueves las temperaturas comenzar\u00e1n a subir y se situar\u00e1n en torno a los 25 grados en pr\u00e1cticamente toda la comunidad aut\u00f3noma. Ser\u00e1 ma\u00f1ana y el s\u00e1bado cuando los term\u00f3metros alcancen sus valores m\u00e1s altos en este episodio propiciado por una masa de aire subtropical, lo que provocar\u00e1 que se alcancen, e incluso sobrepasen, los 30 grados en Ja\u00e9n, Sevilla y C\u00f3rdoba.<\/p>\n<\/div>\n<p class=\"v-p\" style=\"text-align: justify;\">\u00abA partir de ma\u00f1ana vamos a tener temperaturas 10 grados por encima de los valores t\u00edpicos para esta \u00e9poca del a\u00f1o debido a una subida marcada de las temperaturas\u00bb, explica a IDEAL <a title=\"www.tiempo.com\" href=\"https:\/\/www.tiempo.com\/\" data-voc-vtm-id=\"in-text-traffic\" data-mrf-link=\"https:\/\/www.tiempo.com\/\">Francisco Mart\u00edn, meteor\u00f3logo de Meteored<\/a>. De este modo, pasaremos de una primavera que estaba siendo relativamente fr\u00eda hasta ahora, a una \u00abmuy c\u00e1lida\u00bb.<\/p>\n<div class=\"v-c-cmp v-c-cmp--t1 v-c-cmp--ab-xs\" style=\"text-align: justify;\">\n<div class=\"v-cmp-smy\">\n<article class=\"v-a v-a--cmp-smy \">\n<div class=\"v-a-info-c\">\n<h3 class=\"v-a-t\">\u00abVamos a tener temperaturas 10 grados por encima de los valores t\u00edpicos para esta \u00e9poca del a\u00f1o\u00bb Francisco Mart\u00edn Meteor\u00f3logo de Meteored<\/h3>\n<\/div>\n<\/article>\n<\/div>\n<\/div>\n<p class=\"v-p\" style=\"text-align: justify;\">Y desde este jueves Andaluc\u00eda tambi\u00e9n estar\u00e1 afectada por \u00abla irrupci\u00f3n de polvo sahariano\u00bb. \u00abHabr\u00e1 vientos de componente sur por lo que subir\u00e1n las temperaturas, se secar\u00e1 el ambiente y se enturbiar\u00e1 la atm\u00f3sfera\u00bb, detalla Francisco. Esta situaci\u00f3n se une al hecho de que el s\u00e1bado nuevos frentes podr\u00edan traer lluvias a la Pen\u00ednsula, lo que podr\u00eda dar lugar a precipitaciones con barro.<\/p>\n<p class=\"v-p\" style=\"text-align: justify;\">Inicialmente se espera que esas lluvias solo se produzcan durante la jornada del domingo, cuando tambi\u00e9n llegue a la comunidad aut\u00f3noma un nuevo cambio de tiempo. \u00abEntrar\u00e1 un frente fr\u00edo desde el oeste de la Pen\u00ednsula y bajar\u00e1n un poco las temperaturas\u00bb, a\u00f1ade el meteor\u00f3logo, que advierte de que si finalmente se producen esas precipitaciones en Andaluc\u00eda, que barrer\u00edan la regi\u00f3n de oeste a este, podr\u00edan dejar &#8216;lluvias de sangre&#8217;.<\/p>\n<p style=\"text-align: justify;\"><strong>Alberto Flores<\/strong><\/p>\n<p style=\"text-align: justify;\"><span class=\"v-fc__text\">FOTO: Una lengua de polvo del S\u00e1hara llega a Andaluc\u00eda con posibles &#8216;lluvias de sangre&#8217;.<\/span> <span class=\"v-fc__ath\">Ideal<\/span><\/p>\n<p>https:\/\/www.ideal.es\/andalucia\/lengua-polvo-sahara-llega-andalucia-calima-lluvias-20240404095613-nt.html#vtm_modulosEngag=lomas:ciencia\/tierra:noticia:1<\/p>\n<article class=\"v-a v-a--d v-a--d-bs v-a--p-b\">\n<div class=\"v-a-info-c \">\n<h2 class=\"v-a-sub-t\">\u00a0<\/h2>\n<\/div>\n<\/article>\n<div class=\"v-d v-d--ab-c v-d--bs\">\n<div class=\"v-mdl-ath \" data-voc-component=\"viewport-not-visible\">\n<div class=\"v-mdl-ath__c v-mdl-ath__c--1\">\n<div class=\"v-mdl-ath__inf\">\n<p class=\"v-mdl-ath__p v-mdl-ath__p--2\"><strong>\u00a0<\/strong><\/p>\n<\/div>\n<\/div>\n<\/div>\n<\/div>\n","protected":false},"excerpt":{"rendered":"<p>Desde este jueves las temperaturas comenzar\u00e1n a subir hasta superar los 30 grados en algunos&#8230;<\/p>\n","protected":false},"author":1,"featured_media":68381,"comment_status":"closed","ping_status":"closed","sticky":false,"template":"","format":"standard","meta":{"_coblocks_attr":"","_coblocks_dimensions":"","_coblocks_responsive_height":"","_coblocks_accordion_ie_support":"","jetpack_post_was_ever_published":false,"_jetpack_newsletter_access":"","_jetpack_dont_email_post_to_subs":false,"_jetpack_newsletter_tier_id":0,"_jetpack_memberships_contains_paywalled_content":false,"_jetpack_memberships_contains_paid_content":false,"footnotes":"","jetpack_publicize_message":"","jetpack_publicize_feature_enabled":true,"jetpack_social_post_already_shared":true,"jetpack_social_options":{"image_generator_settings":{"template":"highway","default_image_id":0,"enabled":false},"version":2}},"categories":[1161,44,6937],"tags":[],"class_list":["post-68379","post","type-post","status-publish","format-standard","has-post-thumbnail","hentry","category-ciudadania","category-noticias-de-hoy","category-sociedad"],"jetpack_publicize_connections":[],"jetpack_featured_media_url":"https:\/\/i0.wp.com\/miradordeatarfe.es\/wp-content\/uploads\/2024\/04\/Screenshot-2024-04-04-at-20-56-07-Una-lengua-de-polvo-del-Sahara-llega-a-Andalucia-con-calima-y-lluvias-de-sangre.png?fit=439%2C276&ssl=1","jetpack_likes_enabled":true,"jetpack_sharing_enabled":true,"_links":{"self":[{"href":"https:\/\/miradordeatarfe.es\/index.php?rest_route=\/wp\/v2\/posts\/68379","targetHints":{"allow":["GET"]}}],"collection":[{"href":"https:\/\/miradordeatarfe.es\/index.php?rest_route=\/wp\/v2\/posts"}],"about":[{"href":"https:\/\/miradordeatarfe.es\/index.php?rest_route=\/wp\/v2\/types\/post"}],"author":[{"embeddable":true,"href":"https:\/\/miradordeatarfe.es\/index.php?rest_route=\/wp\/v2\/users\/1"}],"replies":[{"embeddable":true,"href":"https:\/\/miradordeatarfe.es\/index.php?rest_route=%2Fwp%2Fv2%2Fcomments&post=68379"}],"version-history":[{"count":1,"href":"https:\/\/miradordeatarfe.es\/index.php?rest_route=\/wp\/v2\/posts\/68379\/revisions"}],"predecessor-version":[{"id":68380,"href":"https:\/\/miradordeatarfe.es\/index.php?rest_route=\/wp\/v2\/posts\/68379\/revisions\/68380"}],"wp:featuredmedia":[{"embeddable":true,"href":"https:\/\/miradordeatarfe.es\/index.php?rest_route=\/wp\/v2\/media\/68381"}],"wp:attachment":[{"href":"https:\/\/miradordeatarfe.es\/index.php?rest_route=%2Fwp%2Fv2%2Fmedia&parent=68379"}],"wp:term":[{"taxonomy":"category","embeddable":true,"href":"https:\/\/miradordeatarfe.es\/index.php?rest_route=%2Fwp%2Fv2%2Fcategories&post=68379"},{"taxonomy":"post_tag","embeddable":true,"href":"https:\/\/miradordeatarfe.es\/index.php?rest_route=%2Fwp%2Fv2%2Ftags&post=68379"}],"curies":[{"name":"wp","href":"https:\/\/api.w.org\/{rel}","templated":true}]}}