{"id":68606,"date":"2024-05-13T11:00:16","date_gmt":"2024-05-13T09:00:16","guid":{"rendered":"https:\/\/miradordeatarfe.es\/?p=68606"},"modified":"2024-05-12T10:23:37","modified_gmt":"2024-05-12T08:23:37","slug":"patrimonio-de-atarfe-san-simon-apostol","status":"publish","type":"post","link":"https:\/\/miradordeatarfe.es\/?p=68606","title":{"rendered":"PATRIMONIO DE ATARFE: \u00abSAN SIM\u00d3N AP\u00d3STOL\u00bb."},"content":{"rendered":"<h3 style=\"text-align: justify;\" align=\"JUSTIFY\"><span style=\"color: #000000;\"><span style=\"font-family: Calibri, sans-serif;\"><span style=\"font-size: large;\">Comenzamos la parte\u00a0 dedicada a las &#8216;Pinturas de Caballete\u00bb, con 12 cuadros sobre los ap\u00f3stoles y que se denominan Serie Apostolado\u00bb<\/span><\/span><\/span><\/h3>\n<p style=\"text-align: justify;\" align=\"JUSTIFY\"><span style=\"color: #000000;\"><span style=\"font-family: Calibri, sans-serif;\"><span style=\"font-size: large;\">El primero que vamos a conocer es el dedicado a San Sim\u00f3n. Se encuentra ubicado en el primer tramo de la nave central, lado del evangelio. De autor an\u00f3nimo pertenece a la escuela granadina del Barroco, fech\u00e1ndose su realizaci\u00f3n en el siglo XVIII<\/span><\/span><\/span><\/p>\n<p style=\"text-align: justify;\" align=\"JUSTIFY\"><span style=\"color: #000000;\"><span style=\"font-family: Calibri, sans-serif;\"><span style=\"font-size: large;\">Es un lienzo de forma rectangular y est\u00e1 realizado a base de pigmentos mezclados con aceite sobre lienzo, utilizando la t\u00e9cnica de pintura al \u00f3leo.<\/span><\/span><\/span><\/p>\n<p style=\"text-align: justify;\" align=\"JUSTIFY\"><span style=\"color: #000000;\"><span style=\"font-family: Calibri, sans-serif;\"><span style=\"font-size: large;\">La obrat de fondo oscuro, representa a Sim\u00f3n de pie, de cuerpo entero girado levemente hacia la izquierda. Este es un hombre casi anciano, calvo y con barba blanca. Viste t\u00fanica verde y manto rojo. En su mano derecha lleva un libro abierto al que dirige su mirada. En el \u00e1ngulo inferior derecho de la obra aparecen las inscripciones: &#8216;cs (an) SIMO\u00bb<\/span><\/span><\/span><\/p>\n<p style=\"text-align: justify;\" align=\"JUSTIFY\"><span style=\"color: #000000;\"><span style=\"font-family: Calibri, sans-serif;\"><span style=\"font-size: large;\">Se pueden observar peque\u00f1os deterioros como el destensado del lienzo y algunos cambios en los colores. Tanto este cuadro como los restantes de la \u00abserie Apostolado\u00bb tienen una gran calidad t\u00e9cnica, art\u00edstica y est\u00e9tica.<\/span><\/span><\/span><\/p>\n<p style=\"text-align: justify;\" align=\"JUSTIFY\"><span style=\"color: #000000;\"><span style=\"font-family: Calibri, sans-serif;\"><span style=\"font-size: large;\">Las noticias b\u00edblicas nos presentan a Sim\u00f3n apodado el Zelotes, en el und\u00e9cimo puesto seg\u00fan Mateo y Marcos mientras que Lucas lo sit\u00faa en el d\u00e9cimo.<\/span><\/span><\/span><\/p>\n<p style=\"text-align: justify;\" align=\"JUSTIFY\"><span style=\"color: #000000;\"><span style=\"font-family: Calibri, sans-serif;\"><span style=\"font-size: large;\">Entre el siglo VI y VIII ya exist\u00eda un Iglesia dedicada a \u00e9l en la costa del Mar Muerto, y en Roma en el siglo X en la antigua bas\u00edlica de san Pedro, tambi\u00e9n ten\u00eda una capilla dedicada a \u00e9l y a san Judas Tadeo.<\/span><\/span><\/span><\/p>\n<p style=\"text-align: justify;\" align=\"JUSTIFY\"><span style=\"color: #000000;\"><span style=\"font-family: Calibri, sans-serif;\"><span style=\"font-size: large;\">No sabemos mucho de su campo de apostolado pero se cree que predic\u00f3 en las Indias, en Samar\u00eda, en Siria y Mesopotamia; muriendo en Persia,<\/span><\/span><\/span><\/p>\n<p style=\"text-align: justify;\" align=\"JUSTIFY\"><span style=\"color: #000000;\"><span style=\"font-family: Calibri, sans-serif;\"><span style=\"font-size: large;\">Sim\u00f3n junto con Judas Tadeo ocupan el \u00faltimo lugar en la lista de los escritos neotestamentarios; ello nos invita a pensar en los obreros de la vi\u00f1a que son contratados en \u00faltimo lugar y que reciben su salario como los primeros, Aunque fueron los menos importantes del colegio apost\u00f3lico, no obstante la misi\u00f3n de este ap\u00f3stol, nos recuerda la dignidad de nuestra misi\u00f3n en el mundo sin l\u00edmites de espacio, Tambi\u00e9n nuestra fe apost\u00f3lica deber ser un testimonio de la conversi\u00f3n,<\/span><\/span><\/span><\/p>\n<p style=\"text-align: justify;\" align=\"JUSTIFY\"><span style=\"color: #000000;\"><span style=\"font-family: Calibri, sans-serif;\"><span style=\"font-size: large;\">La Iglesia celebra su festividad el 28 de Octubre, fecha de su martirio.<\/span><\/span><\/span><\/p>\n<h3 align=\"JUSTIFY\">Comision de Liturgia de la Parroquia de Atarfe.<\/h3>\n","protected":false},"excerpt":{"rendered":"<p>Comenzamos la parte\u00a0 dedicada a las &#8216;Pinturas de Caballete\u00bb, con 12 cuadros sobre los ap\u00f3stoles&#8230;<\/p>\n","protected":false},"author":1,"featured_media":68849,"comment_status":"closed","ping_status":"closed","sticky":false,"template":"","format":"standard","meta":{"_coblocks_attr":"","_coblocks_dimensions":"","_coblocks_responsive_height":"","_coblocks_accordion_ie_support":"","jetpack_post_was_ever_published":false,"_jetpack_newsletter_access":"","_jetpack_dont_email_post_to_subs":false,"_jetpack_newsletter_tier_id":0,"_jetpack_memberships_contains_paywalled_content":false,"_jetpack_memberships_contains_paid_content":false,"footnotes":"","jetpack_publicize_message":"","jetpack_publicize_feature_enabled":true,"jetpack_social_post_already_shared":true,"jetpack_social_options":{"image_generator_settings":{"template":"highway","default_image_id":0,"enabled":false},"version":2}},"categories":[12,1225,186,44],"tags":[],"class_list":["post-68606","post","type-post","status-publish","format-standard","has-post-thumbnail","hentry","category-cultura","category-ha-de-atarfe","category-instituciones","category-noticias-de-hoy"],"jetpack_publicize_connections":[],"jetpack_featured_media_url":"https:\/\/i0.wp.com\/miradordeatarfe.es\/wp-content\/uploads\/2024\/05\/san-simon-apostol.png?fit=125%2C180&ssl=1","jetpack_likes_enabled":true,"jetpack_sharing_enabled":true,"_links":{"self":[{"href":"https:\/\/miradordeatarfe.es\/index.php?rest_route=\/wp\/v2\/posts\/68606","targetHints":{"allow":["GET"]}}],"collection":[{"href":"https:\/\/miradordeatarfe.es\/index.php?rest_route=\/wp\/v2\/posts"}],"about":[{"href":"https:\/\/miradordeatarfe.es\/index.php?rest_route=\/wp\/v2\/types\/post"}],"author":[{"embeddable":true,"href":"https:\/\/miradordeatarfe.es\/index.php?rest_route=\/wp\/v2\/users\/1"}],"replies":[{"embeddable":true,"href":"https:\/\/miradordeatarfe.es\/index.php?rest_route=%2Fwp%2Fv2%2Fcomments&post=68606"}],"version-history":[{"count":4,"href":"https:\/\/miradordeatarfe.es\/index.php?rest_route=\/wp\/v2\/posts\/68606\/revisions"}],"predecessor-version":[{"id":68608,"href":"https:\/\/miradordeatarfe.es\/index.php?rest_route=\/wp\/v2\/posts\/68606\/revisions\/68608"}],"wp:featuredmedia":[{"embeddable":true,"href":"https:\/\/miradordeatarfe.es\/index.php?rest_route=\/wp\/v2\/media\/68849"}],"wp:attachment":[{"href":"https:\/\/miradordeatarfe.es\/index.php?rest_route=%2Fwp%2Fv2%2Fmedia&parent=68606"}],"wp:term":[{"taxonomy":"category","embeddable":true,"href":"https:\/\/miradordeatarfe.es\/index.php?rest_route=%2Fwp%2Fv2%2Fcategories&post=68606"},{"taxonomy":"post_tag","embeddable":true,"href":"https:\/\/miradordeatarfe.es\/index.php?rest_route=%2Fwp%2Fv2%2Ftags&post=68606"}],"curies":[{"name":"wp","href":"https:\/\/api.w.org\/{rel}","templated":true}]}}