{"id":68615,"date":"2024-04-16T11:01:30","date_gmt":"2024-04-16T09:01:30","guid":{"rendered":"https:\/\/miradordeatarfe.es\/?p=68615"},"modified":"2024-04-15T12:27:57","modified_gmt":"2024-04-15T10:27:57","slug":"atarfe-organizo-la-primera-feria-de-orientacion-a-la-formacion-profesional","status":"publish","type":"post","link":"https:\/\/miradordeatarfe.es\/?p=68615","title":{"rendered":"Atarfe organiz\u00f3 la primera \u201cFeria de Orientaci\u00f3n a la Formaci\u00f3n Profesional\u201d"},"content":{"rendered":"<div class=\"xdj266r x11i5rnm xat24cr x1mh8g0r x1vvkbs x126k92a\">\n<h3 dir=\"auto\" style=\"text-align: justify;\">Un Futuro Lleno de Posibilidades. El Centro Cultural Medina Elvira abri\u00f3 sus puertas a un futuro brillante para nuestros j\u00f3venes.<\/h3>\n<div dir=\"auto\" style=\"text-align: justify;\">Organizada por el Ayuntamiento y con la colaboraci\u00f3n de la Junta y los Institutos Il\u00edberis y Vega de Atarfe, la feria uni\u00f3 a institutos, universidades y cuerpos de seguridad para guiar a los j\u00f3venes en su camino profesional. Con m\u00e1s de 30 stands, talleres y mesas redondas, fue un espacio de inspiraci\u00f3n y empoderamiento. Participaron un millar de personas con\u00a0 mas de 30 stand, institutos de ense\u00f1anza de la provincia, Universidades, Guardia Civil, Polic\u00eda, Bomberos y Fuerzas Armadas<\/div>\n<\/div>\n<div dir=\"auto\" style=\"text-align: justify;\">\n<div class=\"pg-body\">\n<div class=\"mce-body \">\n<p class=\"mce\"><strong class=\"mce\">El Ayuntamiento de Atarfe<\/strong>, ha organizado, en colaboraci\u00f3n con la Junta de Andaluc\u00eda, el IES Il\u00edberis, y el IES Vega de Atarfe, para ma\u00f1ana jueves, d\u00eda 11 de abril, la \u201cI Feria de Orientaci\u00f3n\u201d, que tendr\u00e1 lugar con m\u00e1s de 30 stand, en el Centro Cultural Medina Elvira de Atarfe. Participan con stand, m\u00e1s de una decena de institutos de ense\u00f1anza secundaria de Granada y provincia, el CFI Reina Sof\u00eda, la Escuela Internacional de Gerencia de Granada, el Centro de Magisterio La Inmaculada, la Escuela Superior de Arte y Dise\u00f1o, Centro Jorbal\u00e1n de Granada, EFA El Soto, Centro Atl\u00e1ntida, MEDAC, CADE, las Universidad Europea de Madrid, Universidad de Murcia (UCAM) , y Guardia Civil, Polic\u00eda, Bomberos y Fuerzas Armadas.<\/p>\n<p class=\"mce\">Seg\u00fan indic\u00f3 <strong class=\"mce\">Yolanda Fern\u00e1ndez, alcaldesa de Atarfe<\/strong>, se cont\u00f3 con tres apartados, una mesa redonda, talleres y stand informativos. En la mesa redonda contaron con ponentes, como <strong class=\"mce\">Miguel L\u00f3pez, responsable de la direcci\u00f3n del IES H. Lanz<\/strong>, que habl\u00f3 sobre adaptaciones de la formaci\u00f3n profesional, e intervino en calidad del sector empresarial, la C\u00e1mara de Comercio de Granada, a trav\u00e9s de <strong class=\"mce\">Gloria Jim\u00e9nez, t\u00e9cnica del programa FP Dual, empresas e internacionalizaci\u00f3n<\/strong>; adem\u00e1s de \u201cAguasvira\u201d, representada por <strong class=\"mce\">Emilio Santandreu, director de planificaci\u00f3n, proyectos y obras; perfil del personal; y el \u201cC\u00edrculo Tecnol\u00f3gico, a trav\u00e9s de Jos\u00e9 Mar\u00eda Ruiz.<\/strong><\/p>\n<p class=\"mce\">Por parte del alumnado, particip\u00f3 <strong class=\"mce\">\u00c1lvaro Carranza<\/strong>, familia sanidad, y alumnos y alumnas, del IES Aydadamar, del grado superior de Higiene Bucodental; y alumno\/as del IES Cerro de los Infantes, de la familia de \u201cInstalaciones y mantenimiento\u201d.<\/p>\n<p><a href=\"https:\/\/i0.wp.com\/miradordeatarfe.es\/wp-content\/uploads\/2024\/04\/Screenshot-2024-04-15-at-12-14-50-20-Facebook.png?ssl=1\"><img data-recalc-dims=\"1\" loading=\"lazy\" decoding=\"async\" class=\"alignnone wp-image-68616 \" src=\"https:\/\/i0.wp.com\/miradordeatarfe.es\/wp-content\/uploads\/2024\/04\/Screenshot-2024-04-15-at-12-14-50-20-Facebook.png?resize=481%2C407&#038;ssl=1\" alt=\"\" width=\"481\" height=\"407\" srcset=\"https:\/\/i0.wp.com\/miradordeatarfe.es\/wp-content\/uploads\/2024\/04\/Screenshot-2024-04-15-at-12-14-50-20-Facebook.png?w=462&amp;ssl=1 462w, https:\/\/i0.wp.com\/miradordeatarfe.es\/wp-content\/uploads\/2024\/04\/Screenshot-2024-04-15-at-12-14-50-20-Facebook.png?resize=300%2C254&amp;ssl=1 300w\" sizes=\"auto, (max-width: 481px) 100vw, 481px\" \/><\/a> <a href=\"https:\/\/i0.wp.com\/miradordeatarfe.es\/wp-content\/uploads\/2024\/04\/Screenshot-2024-04-15-at-12-15-23-20-Facebook.png?ssl=1\"><img data-recalc-dims=\"1\" loading=\"lazy\" decoding=\"async\" class=\"alignnone wp-image-68617 \" src=\"https:\/\/i0.wp.com\/miradordeatarfe.es\/wp-content\/uploads\/2024\/04\/Screenshot-2024-04-15-at-12-15-23-20-Facebook.png?resize=325%2C447&#038;ssl=1\" alt=\"\" width=\"325\" height=\"447\" srcset=\"https:\/\/i0.wp.com\/miradordeatarfe.es\/wp-content\/uploads\/2024\/04\/Screenshot-2024-04-15-at-12-15-23-20-Facebook.png?resize=218%2C300&amp;ssl=1 218w, https:\/\/i0.wp.com\/miradordeatarfe.es\/wp-content\/uploads\/2024\/04\/Screenshot-2024-04-15-at-12-15-23-20-Facebook.png?w=471&amp;ssl=1 471w\" sizes=\"auto, (max-width: 325px) 100vw, 325px\" \/><\/a> <a href=\"https:\/\/i0.wp.com\/miradordeatarfe.es\/wp-content\/uploads\/2024\/04\/Screenshot-2024-04-15-at-12-16-03-20-Facebook.png?ssl=1\"><img data-recalc-dims=\"1\" loading=\"lazy\" decoding=\"async\" class=\"alignnone wp-image-68619 \" src=\"https:\/\/i0.wp.com\/miradordeatarfe.es\/wp-content\/uploads\/2024\/04\/Screenshot-2024-04-15-at-12-16-03-20-Facebook.png?resize=455%2C453&#038;ssl=1\" alt=\"\" width=\"455\" height=\"453\" srcset=\"https:\/\/i0.wp.com\/miradordeatarfe.es\/wp-content\/uploads\/2024\/04\/Screenshot-2024-04-15-at-12-16-03-20-Facebook.png?w=487&amp;ssl=1 487w, https:\/\/i0.wp.com\/miradordeatarfe.es\/wp-content\/uploads\/2024\/04\/Screenshot-2024-04-15-at-12-16-03-20-Facebook.png?resize=300%2C300&amp;ssl=1 300w, https:\/\/i0.wp.com\/miradordeatarfe.es\/wp-content\/uploads\/2024\/04\/Screenshot-2024-04-15-at-12-16-03-20-Facebook.png?resize=150%2C150&amp;ssl=1 150w\" sizes=\"auto, (max-width: 455px) 100vw, 455px\" \/><\/a> <a href=\"https:\/\/miradordeatarfe.es\/wp-content\/uploads\/2024\/04\/Screenshot-2024-04-15-at-12-16-42-20-Facebook.png\">\u00a0<\/a><a href=\"https:\/\/i0.wp.com\/miradordeatarfe.es\/wp-content\/uploads\/2024\/04\/Screenshot-2024-04-15-at-12-16-42-20-Facebook.png?ssl=1\"><img data-recalc-dims=\"1\" loading=\"lazy\" decoding=\"async\" class=\"alignnone wp-image-68620 \" src=\"https:\/\/i0.wp.com\/miradordeatarfe.es\/wp-content\/uploads\/2024\/04\/Screenshot-2024-04-15-at-12-16-42-20-Facebook.png?resize=454%2C347&#038;ssl=1\" alt=\"\" width=\"454\" height=\"347\" srcset=\"https:\/\/i0.wp.com\/miradordeatarfe.es\/wp-content\/uploads\/2024\/04\/Screenshot-2024-04-15-at-12-16-42-20-Facebook.png?w=516&amp;ssl=1 516w, https:\/\/i0.wp.com\/miradordeatarfe.es\/wp-content\/uploads\/2024\/04\/Screenshot-2024-04-15-at-12-16-42-20-Facebook.png?resize=300%2C229&amp;ssl=1 300w\" sizes=\"auto, (max-width: 454px) 100vw, 454px\" \/><\/a> \u00a0\u00a0\u00a0 <a href=\"https:\/\/i0.wp.com\/miradordeatarfe.es\/wp-content\/uploads\/2024\/04\/Screenshot-2024-04-15-at-12-17-14-20-Facebook.png?ssl=1\"><img data-recalc-dims=\"1\" loading=\"lazy\" decoding=\"async\" class=\"alignnone  wp-image-68621\" src=\"https:\/\/i0.wp.com\/miradordeatarfe.es\/wp-content\/uploads\/2024\/04\/Screenshot-2024-04-15-at-12-17-14-20-Facebook.png?resize=379%2C351&#038;ssl=1\" alt=\"\" width=\"379\" height=\"351\" srcset=\"https:\/\/i0.wp.com\/miradordeatarfe.es\/wp-content\/uploads\/2024\/04\/Screenshot-2024-04-15-at-12-17-14-20-Facebook.png?resize=300%2C278&amp;ssl=1 300w, https:\/\/i0.wp.com\/miradordeatarfe.es\/wp-content\/uploads\/2024\/04\/Screenshot-2024-04-15-at-12-17-14-20-Facebook.png?w=484&amp;ssl=1 484w\" sizes=\"auto, (max-width: 379px) 100vw, 379px\" \/><\/a>\u00a0 \u00a0 \u00a0\u00a0\u00a0 \u00a0 \u00a0 \u00a0<a href=\"https:\/\/i0.wp.com\/miradordeatarfe.es\/wp-content\/uploads\/2024\/04\/Screenshot-2024-04-15-at-12-17-49-20-Facebook.png?ssl=1\"><img data-recalc-dims=\"1\" loading=\"lazy\" decoding=\"async\" class=\"alignnone  wp-image-68622\" src=\"https:\/\/i0.wp.com\/miradordeatarfe.es\/wp-content\/uploads\/2024\/04\/Screenshot-2024-04-15-at-12-17-49-20-Facebook.png?resize=398%2C313&#038;ssl=1\" alt=\"\" width=\"398\" height=\"313\" srcset=\"https:\/\/i0.wp.com\/miradordeatarfe.es\/wp-content\/uploads\/2024\/04\/Screenshot-2024-04-15-at-12-17-49-20-Facebook.png?resize=300%2C236&amp;ssl=1 300w, https:\/\/i0.wp.com\/miradordeatarfe.es\/wp-content\/uploads\/2024\/04\/Screenshot-2024-04-15-at-12-17-49-20-Facebook.png?w=503&amp;ssl=1 503w\" sizes=\"auto, (max-width: 398px) 100vw, 398px\" \/><\/a> \u00a0 \u00a0 \u00a0 \u00a0<\/p>\n<h2 class=\"mce\">Talleres<\/h2>\n<p class=\"mce\">Seg\u00fan indica Yolanda Fern\u00e1ndez, alcaldesa de Atarfe, <strong class=\"mce\">se han organizado talleres de internalizaci\u00f3n de la F.P., a trav\u00e9s de Rosario Rodr\u00edguez, Profesora de ingl\u00e9s en IES Vega de Atarfe.<\/strong> El taller de marketing, de adaptaci\u00f3n de las empresas al siglo XXI; fu\u00e9 impartido por Azahara Bustos. Tambi\u00e9n de ense\u00f1anzas de r\u00e9gimen espacial, recursos para b\u00fasqueda de empleo, y scape room emprendedor.<\/p>\n<p class=\"mce\">Los institutos de ense\u00f1anza secundaria que montaron stand, son: <strong><em>\u201cIl\u00edberis, Vega, Miguel de Cervantes, Cerro de los Infantes de Pinos Puente, IES Aynadamar de Granada, IES Alhambra, Am\u00e9rico Castro, IES Luis Bueno Crespo de Granada, \u00c1ngel Ganivet de Granada, Virgen de las Nieves de Granada, Zaid\u00edn de Granada, el IES Jim\u00e9nez de Quesada de Granada<\/em><\/strong>.<\/p>\n<\/div>\n<\/div>\n<\/div>\n<div class=\"x11i5rnm xat24cr x1mh8g0r x1vvkbs xtlvy1s x126k92a\">\n<div dir=\"auto\" style=\"text-align: justify;\">En Atarfe nuestro compromiso con la educaci\u00f3n y el desarrollo profesional de sus j\u00f3venes es firme y decidido. A trav\u00e9s de iniciativas como esta Feria, apostamos por crear los recursos y oportunidades necesarios para asegurar un futuro prometedor para ellos. Creemos que el futuro de nuestra sociedad reside en la educaci\u00f3n y formaci\u00f3n de sus j\u00f3venes. Juntos, estamos construyendo un camino hacia el \u00e9xito y la realizaci\u00f3n profesional de las pr\u00f3ximas generaciones.<\/div>\n<\/div>\n<div dir=\"auto\">\u00a0<\/div>\n<div dir=\"auto\">\u00a0<\/div>\n<div dir=\"auto\">Informaci\u00f3n de Granada Hoy y del Ayuntamiento de Atarfe<\/div>\n<div dir=\"auto\">\u00a0<\/div>\n<div dir=\"auto\">FOTOS: VIDEO DEL AYUNTAMIENTO<\/div>\n","protected":false},"excerpt":{"rendered":"<p>Un Futuro Lleno de Posibilidades. El Centro Cultural Medina Elvira abri\u00f3 sus puertas a un&#8230;<\/p>\n","protected":false},"author":1,"featured_media":68623,"comment_status":"closed","ping_status":"closed","sticky":false,"template":"","format":"standard","meta":{"_coblocks_attr":"","_coblocks_dimensions":"","_coblocks_responsive_height":"","_coblocks_accordion_ie_support":"","jetpack_post_was_ever_published":false,"_jetpack_newsletter_access":"","_jetpack_dont_email_post_to_subs":false,"_jetpack_newsletter_tier_id":0,"_jetpack_memberships_contains_paywalled_content":false,"_jetpack_memberships_contains_paid_content":false,"footnotes":"","jetpack_publicize_message":"","jetpack_publicize_feature_enabled":true,"jetpack_social_post_already_shared":true,"jetpack_social_options":{"image_generator_settings":{"template":"highway","default_image_id":0,"enabled":false},"version":2}},"categories":[6916,187,44],"tags":[],"class_list":["post-68615","post","type-post","status-publish","format-standard","has-post-thumbnail","hentry","category-ayuntamiento-de-atarfe","category-centros-educativos","category-noticias-de-hoy"],"jetpack_publicize_connections":[],"jetpack_featured_media_url":"https:\/\/i0.wp.com\/miradordeatarfe.es\/wp-content\/uploads\/2024\/04\/Screenshot-2024-04-15-at-12-15-43-20-Facebook-1.png?fit=502%2C416&ssl=1","jetpack_likes_enabled":true,"jetpack_sharing_enabled":true,"_links":{"self":[{"href":"https:\/\/miradordeatarfe.es\/index.php?rest_route=\/wp\/v2\/posts\/68615","targetHints":{"allow":["GET"]}}],"collection":[{"href":"https:\/\/miradordeatarfe.es\/index.php?rest_route=\/wp\/v2\/posts"}],"about":[{"href":"https:\/\/miradordeatarfe.es\/index.php?rest_route=\/wp\/v2\/types\/post"}],"author":[{"embeddable":true,"href":"https:\/\/miradordeatarfe.es\/index.php?rest_route=\/wp\/v2\/users\/1"}],"replies":[{"embeddable":true,"href":"https:\/\/miradordeatarfe.es\/index.php?rest_route=%2Fwp%2Fv2%2Fcomments&post=68615"}],"version-history":[{"count":3,"href":"https:\/\/miradordeatarfe.es\/index.php?rest_route=\/wp\/v2\/posts\/68615\/revisions"}],"predecessor-version":[{"id":68626,"href":"https:\/\/miradordeatarfe.es\/index.php?rest_route=\/wp\/v2\/posts\/68615\/revisions\/68626"}],"wp:featuredmedia":[{"embeddable":true,"href":"https:\/\/miradordeatarfe.es\/index.php?rest_route=\/wp\/v2\/media\/68623"}],"wp:attachment":[{"href":"https:\/\/miradordeatarfe.es\/index.php?rest_route=%2Fwp%2Fv2%2Fmedia&parent=68615"}],"wp:term":[{"taxonomy":"category","embeddable":true,"href":"https:\/\/miradordeatarfe.es\/index.php?rest_route=%2Fwp%2Fv2%2Fcategories&post=68615"},{"taxonomy":"post_tag","embeddable":true,"href":"https:\/\/miradordeatarfe.es\/index.php?rest_route=%2Fwp%2Fv2%2Ftags&post=68615"}],"curies":[{"name":"wp","href":"https:\/\/api.w.org\/{rel}","templated":true}]}}