{"id":6863,"date":"2016-02-22T10:00:41","date_gmt":"2016-02-22T09:00:41","guid":{"rendered":"http:\/\/miradordeatarfe.es\/?p=6863"},"modified":"2022-02-12T12:27:52","modified_gmt":"2022-02-12T11:27:52","slug":"los-atletas-atarfenos-surfean-con-exito-en-el-campeonato-andaluz-de-cross-y-longitud","status":"publish","type":"post","link":"https:\/\/miradordeatarfe.es\/?p=6863","title":{"rendered":"LOS ATLETAS ATARFE\u00d1OS SURFEAN CON \u00c9XITO EN EL CAMPEONATO ANDALUZ DE CROSS Y LONGITUD"},"content":{"rendered":"<p style=\"text-align: justify;\">Ya anunciaba en la anterior cr\u00f3nica que nos prest\u00e1semos a disfrutar de lo que la temporada atl\u00e9tica de invierno nos iba a deparar y a fe que no me equivocaba vistos los resultados obtenidos.<!--more--><\/p>\n<p style=\"text-align: justify;\">Nuestros atletas ATARFE\u00d1OS tanto en el Campeonato Andaluz de Cross disputado el domingo 14 de febrero de 2016 en Roquetas de Mar como en la primera entrega de los Campeonatos de Pista Cubierta por grupos de edad, en esta ocasi\u00f3n el Sub-23 con la plata en 3.000 m.l. de<strong> Jos\u00e9 Justicia<\/strong> que inicia con esta medalla una relaci\u00f3n con el p\u00f3dium que atisbamos larga y durarera.<\/p>\n<p style=\"text-align: justify;\">Centr\u00e1ndonos en el Cross comenzamos por explicar el t\u00edtulo de la cr\u00f3nica pues por momentos pareciera que los corredores m\u00e1s surfeaban las cercanas olas del circuito dispuesto en la playa de Roquetas que corrieran pues el desarrollo de las carreras tuvo lugar con vientos que superaron en todo momento los 80 kms\/h y que finalmente hizo suspender las carreras en categor\u00eda alev\u00edn que estaban previstas a \u00faltima hora de la tarde.<\/p>\n<p style=\"text-align: justify;\">De ah\u00ed que tenga aun mayor m\u00e9rito el bot\u00edn que acapararon nuestros atletas quienes se vinieron para Atarfe con cuatro medallas, dos Oros, una Plata y un Bronce. Las primeras pruebas de la ma\u00f1ana en categor\u00eda Veteranos depararon las primeras alegr\u00edas con el primer puesto en W60 de Elena Ferriz Jord\u00e1n y el segundo de su pareja Juan Antonio Hinojo Higueras en M60 ambos representando al C.A. Maracena.<\/p>\n<p style=\"text-align: justify;\">En cuanto a los representantes de la Escuela de Atletismo destacar el primer puesto conseguido por <strong>Manuel Jim\u00e9nez L\u00f3pez en Cadete<\/strong> quien con este galard\u00f3n atesora t\u00edtulos de campe\u00f3n andaluz de la especialidad en todas las categor\u00edas por las que ha transitado: alev\u00edn, infantil y ahora cadete. Adem\u00e1s como premio extra se gan\u00f3 el derecho a disputar el Campeonato de Espa\u00f1a Cross Individual el pr\u00f3ximo domingo en Burgos. Su carrera fue \u201cespecialidad de la casa\u201d, aguantando los envites de los adversarios en un segundo plano hasta decantar la victoria en los \u00faltimos trescientos metros con un fuerte cambio de ritmo.<\/p>\n<p style=\"text-align: justify;\">En categor\u00eda cadete le acompa\u00f1aron otros cinco compa\u00f1eros de Atarfe resaltando la fenomenal actuaci\u00f3n de Jaime Vico Guzm\u00e1n que terminando 7\u00ba se qued\u00f3 a tan s\u00f3lo dos segundos de viajar tambi\u00e9n a Burgos, no obstante hay que destacar la valent\u00eda con la que compiti\u00f3 marchando en el grupo de cabeza hasta que se rompi\u00f3 la carrera, actitud que se ha hecho esperar pero que todos los que lo vemos entrenar confi\u00e1bamos que adoptar\u00eda. En todo caso se asegura su presencia junto a Manuel con su club el Nerja en el Campeonato Espa\u00f1a Clubes (Madrid, 28 de febrero).<\/p>\n<p style=\"text-align: justify;\">Meritoria participaci\u00f3n de nuestros atletas cadetes enrolados en el CA Motril,<strong> \u00c1lvaro Gonz\u00e1lez S\u00e1nchez<\/strong> fue 32\u00ba y <strong>Ra\u00fal Castillo Santiago<\/strong> 76\u00ba aportando los puntos necesarios para ganarse billete para el Campeonato de Espa\u00f1a Cross por clubes por lo que ser\u00e1n cuatro los atletas que viajar\u00e1n desde Atarfe a Madrid.<\/p>\n<p style=\"text-align: justify;\">Completando la actuaci\u00f3n atarfe\u00f1a <strong>Diego Montero Mart\u00ednez 41\u00ba y Antonio Pe\u00f1a Galindo 90\u00ba.<\/strong><\/p>\n<p style=\"text-align: justify;\">De haber presentado equipo la Escuela Atletismo Atarfe se hubiese conseguido un meritorio 3\u00ba puesto con los atletas desplazados que de haberse completado con los que no fueron de la partida y se quedaron en Atarfe preparando futuros envites (Pablo Mart\u00edn) nos habr\u00edan llevado a disputar la primera posici\u00f3n por conjuntos.<\/p>\n<p style=\"text-align: justify;\">Tambi\u00e9n se trajo medalla el infanti<strong>l Jes\u00fas Zamora Tortosa<\/strong>, en este caso un trabajado Bronce. Sin duda pag\u00f3 una mala colocaci\u00f3n en la parrilla de salida que le hizo pasar el 62\u00ba en el primer paso por meta, de modo que adelant\u00f3 a 59 atletas durante el transcurso de la prueba pero los metros dejados en los compases iniciales le impidieron disputar el primer puesto. Junto a \u00e9l y completando equipo en el victorioso Nerja <strong>Alejandro Vico Guzm\u00e1n<\/strong> firm\u00f3 un destacado 17\u00ba, buen puesto para un mediofondista corto.<\/p>\n<p style=\"text-align: justify;\">En junior <strong>Pilar G\u00f3mez Mac\u00edas<\/strong> fue la 20\u00aa y <strong>Juan Jos\u00e9 Urquiza Sierra<\/strong> 31\u00ba. Complet\u00f3 actuaci\u00f3n atarfe\u00f1a <strong>Inmaculada L\u00f3pez Garrido<\/strong> con un 42\u00ba puesto en Cadete.<\/p>\n<p style=\"text-align: justify;\">L\u00e1stima que se nos quedaran dos cartuchos sin disparar pues tanto Adri\u00e1n L\u00f3pez Lafuente como Elena Carrillo Mesa se quedaron sin correr al suspenderse ambas carreras en categor\u00eda alev\u00edn por los problemas comentados con el viento.<\/p>\n<p style=\"text-align: justify;\">\n<p style=\"text-align: justify;\"><strong><u>PIANO PIANO SE VA A LONTANO.- <\/u><\/strong><\/p>\n<p style=\"text-align: justify;\">Sirva la paremia para resumir la temporada que est\u00e1 protagonizando la saltadora de longitud <strong>Paula Jim\u00e9nez L\u00f3pez<\/strong> y que esperemos tenga su colof\u00f3n con el premio de disputar el campeonato de Espa\u00f1a Juvenil en Salamanca el pr\u00f3ximo d\u00eda 6 de marzo.<\/p>\n<p style=\"text-align: justify;\">Si en la \u00faltima aparici\u00f3n de Paula en estas p\u00e1ginas inform\u00e1bamos que hab\u00eda conseguido batir su plusmarca pasando tras dos a\u00f1os nuevamente de los psicol\u00f3gicos 5 metros ahora tenemos que dar cuenta de que cada vez que salta va alargando cent\u00edmetros a su marca de modo que si el pasado domingo 14 de febrero alargaba hasta 5.19 ahora ha volado hasta unos impresionantes 5.24 a tan s\u00f3lo 6 cent\u00edmetros de la ansiada m\u00ednima para el referido campeonato nacional de Salamanca.<\/p>\n<p style=\"text-align: justify;\">El pr\u00f3ximo fin de semana dos nuevas oportunidades para elongar su marca, el s\u00e1bado 27 en el Campeonato Absoluto y el 28 en el Juvenil, ambos de car\u00e1cter andaluz<\/p>\n<p style=\"text-align: justify;\">\n<p style=\"text-align: justify;\"><a href=\"https:\/\/i0.wp.com\/miradordeatarfe.es\/wp-content\/uploads\/2016\/02\/PicsArt_02-06-10.42.58.jpg?ssl=1\" rel=\"attachment wp-att-6864\"><img data-recalc-dims=\"1\" loading=\"lazy\" decoding=\"async\" class=\"alignnone size-full wp-image-6864\" src=\"https:\/\/i0.wp.com\/miradordeatarfe.es\/wp-content\/uploads\/2016\/02\/PicsArt_02-06-10.42.58.jpg?resize=640%2C640&#038;ssl=1\" alt=\"PicsArt_02-06-10.42.58\" width=\"640\" height=\"640\" srcset=\"https:\/\/i0.wp.com\/miradordeatarfe.es\/wp-content\/uploads\/2016\/02\/PicsArt_02-06-10.42.58.jpg?w=2289&amp;ssl=1 2289w, https:\/\/i0.wp.com\/miradordeatarfe.es\/wp-content\/uploads\/2016\/02\/PicsArt_02-06-10.42.58.jpg?resize=150%2C150&amp;ssl=1 150w, https:\/\/i0.wp.com\/miradordeatarfe.es\/wp-content\/uploads\/2016\/02\/PicsArt_02-06-10.42.58.jpg?resize=300%2C300&amp;ssl=1 300w, https:\/\/i0.wp.com\/miradordeatarfe.es\/wp-content\/uploads\/2016\/02\/PicsArt_02-06-10.42.58.jpg?resize=768%2C768&amp;ssl=1 768w, https:\/\/i0.wp.com\/miradordeatarfe.es\/wp-content\/uploads\/2016\/02\/PicsArt_02-06-10.42.58.jpg?resize=1024%2C1024&amp;ssl=1 1024w, https:\/\/i0.wp.com\/miradordeatarfe.es\/wp-content\/uploads\/2016\/02\/PicsArt_02-06-10.42.58.jpg?resize=600%2C600&amp;ssl=1 600w, https:\/\/i0.wp.com\/miradordeatarfe.es\/wp-content\/uploads\/2016\/02\/PicsArt_02-06-10.42.58.jpg?w=1280&amp;ssl=1 1280w, https:\/\/i0.wp.com\/miradordeatarfe.es\/wp-content\/uploads\/2016\/02\/PicsArt_02-06-10.42.58.jpg?w=1920&amp;ssl=1 1920w\" sizes=\"auto, (max-width: 640px) 100vw, 640px\" \/><\/a><\/p>\n","protected":false},"excerpt":{"rendered":"<p>Ya anunciaba en la anterior cr\u00f3nica que nos prest\u00e1semos a disfrutar de lo que la&#8230;<\/p>\n","protected":false},"author":1,"featured_media":6868,"comment_status":"closed","ping_status":"closed","sticky":false,"template":"","format":"standard","meta":{"_coblocks_attr":"","_coblocks_dimensions":"","_coblocks_responsive_height":"","_coblocks_accordion_ie_support":"","jetpack_post_was_ever_published":false,"_jetpack_newsletter_access":"","_jetpack_dont_email_post_to_subs":false,"_jetpack_newsletter_tier_id":0,"_jetpack_memberships_contains_paywalled_content":false,"_jetpack_memberships_contains_paid_content":false,"footnotes":"","jetpack_publicize_message":"","jetpack_publicize_feature_enabled":true,"jetpack_social_post_already_shared":false,"jetpack_social_options":{"image_generator_settings":{"template":"highway","default_image_id":0,"enabled":false},"version":2}},"categories":[2,182,6915,44,15],"tags":[81,85,123],"class_list":["post-6863","post","type-post","status-publish","format-standard","has-post-thumbnail","hentry","category-atarfe","category-deportes","category-opinion-de-manuel-jimenez","category-noticias-de-hoy","category-ultimas-noticias","tag-atarfe","tag-atletismo","tag-deportes"],"jetpack_publicize_connections":[],"jetpack_featured_media_url":"https:\/\/i0.wp.com\/miradordeatarfe.es\/wp-content\/uploads\/2016\/02\/DSC_1920-2.jpg?fit=2250%2C1359&ssl=1","jetpack_likes_enabled":true,"jetpack_sharing_enabled":true,"_links":{"self":[{"href":"https:\/\/miradordeatarfe.es\/index.php?rest_route=\/wp\/v2\/posts\/6863","targetHints":{"allow":["GET"]}}],"collection":[{"href":"https:\/\/miradordeatarfe.es\/index.php?rest_route=\/wp\/v2\/posts"}],"about":[{"href":"https:\/\/miradordeatarfe.es\/index.php?rest_route=\/wp\/v2\/types\/post"}],"author":[{"embeddable":true,"href":"https:\/\/miradordeatarfe.es\/index.php?rest_route=\/wp\/v2\/users\/1"}],"replies":[{"embeddable":true,"href":"https:\/\/miradordeatarfe.es\/index.php?rest_route=%2Fwp%2Fv2%2Fcomments&post=6863"}],"version-history":[{"count":2,"href":"https:\/\/miradordeatarfe.es\/index.php?rest_route=\/wp\/v2\/posts\/6863\/revisions"}],"predecessor-version":[{"id":6869,"href":"https:\/\/miradordeatarfe.es\/index.php?rest_route=\/wp\/v2\/posts\/6863\/revisions\/6869"}],"wp:featuredmedia":[{"embeddable":true,"href":"https:\/\/miradordeatarfe.es\/index.php?rest_route=\/wp\/v2\/media\/6868"}],"wp:attachment":[{"href":"https:\/\/miradordeatarfe.es\/index.php?rest_route=%2Fwp%2Fv2%2Fmedia&parent=6863"}],"wp:term":[{"taxonomy":"category","embeddable":true,"href":"https:\/\/miradordeatarfe.es\/index.php?rest_route=%2Fwp%2Fv2%2Fcategories&post=6863"},{"taxonomy":"post_tag","embeddable":true,"href":"https:\/\/miradordeatarfe.es\/index.php?rest_route=%2Fwp%2Fv2%2Ftags&post=6863"}],"curies":[{"name":"wp","href":"https:\/\/api.w.org\/{rel}","templated":true}]}}