{"id":68654,"date":"2024-04-16T11:29:17","date_gmt":"2024-04-16T09:29:17","guid":{"rendered":"https:\/\/miradordeatarfe.es\/?p=68654"},"modified":"2024-04-15T16:46:52","modified_gmt":"2024-04-15T14:46:52","slug":"ruta-en-contada","status":"publish","type":"post","link":"https:\/\/miradordeatarfe.es\/?p=68654","title":{"rendered":"ATARFE: RUTA EN-CONTADA A LOS TRES JUANES"},"content":{"rendered":"<h3 dir=\"auto\">\u00bfTe gusta andar? \u00bfTe gustan las leyendas, los cuentos?<\/h3>\n<div dir=\"auto\">Entonces no puedes perderte nuestra pr\u00f3xima ruta.<\/div>\n<div dir=\"auto\">\u00a0<\/div>\n<div dir=\"auto\">Subiremos a la ermita de los Tres Juanes y a lo largo del camino haremos varias paradas para escuchar a Silva Cuentacuentos. Como dice Silvia <em>\u00ab<span class=\"x193iq5w xeuugli x13faqbe x1vvkbs x1xmvt09 x1lliihq x1s928wv xhkezso x1gmr53x x1cpjm7i x1fgarty x1943h6x xudqn12 x3x7a5m x6prxxf xvq8zen xo1l8bm xzsf02u\" dir=\"auto\">Cuento cuentos, historias , relatos . Me llaman Cuentacuentos, narradora, contadora de cuentos , cuentista, cuentera. D\u00e9jate llevar por las palabras &#8230;..\u00bb<\/span><\/em><\/div>\n<div dir=\"auto\">\u00a0<\/div>\n<div dir=\"auto\">Una actividad l\u00fadica que une naturaleza y cultura popular a trav\u00e9s de la narraci\u00f3n oral.<\/div>\n<div dir=\"auto\">\u00a0<\/div>\n<div dir=\"auto\"><strong>Salida:parque Salvador Allende.<\/strong><\/div>\n<div dir=\"auto\"><strong>D\u00eda: s\u00e1bado 20 de abril.<\/strong><\/div>\n<div dir=\"auto\"><strong>Hora: 10:00<\/strong><\/div>\n<div dir=\"auto\"><strong>Plazas limitas. Inscripciones en el Centro Cultural Medina Elvira<\/strong><\/div>\n<div dir=\"auto\">\u00a0<\/div>\n<div dir=\"auto\">Para esta ruta recomienda la organizaci\u00f3n llevar ropa c\u00f3moda, agua y una gorra . Cuando se llegue a la Ermita se disfrutar\u00e1 de un desayuno saludable.<\/div>\n<div dir=\"auto\">\u00a0<\/div>\n<div dir=\"auto\"><a href=\"https:\/\/i0.wp.com\/miradordeatarfe.es\/wp-content\/uploads\/2024\/04\/436586292_412766361507121_3849916327384211739_n.jpg?ssl=1\"><img data-recalc-dims=\"1\" loading=\"lazy\" decoding=\"async\" class=\"alignnone wp-image-68655 size-full\" src=\"https:\/\/i0.wp.com\/miradordeatarfe.es\/wp-content\/uploads\/2024\/04\/436586292_412766361507121_3849916327384211739_n.jpg?resize=640%2C894&#038;ssl=1\" alt=\"\" width=\"640\" height=\"894\" srcset=\"https:\/\/i0.wp.com\/miradordeatarfe.es\/wp-content\/uploads\/2024\/04\/436586292_412766361507121_3849916327384211739_n.jpg?w=828&amp;ssl=1 828w, https:\/\/i0.wp.com\/miradordeatarfe.es\/wp-content\/uploads\/2024\/04\/436586292_412766361507121_3849916327384211739_n.jpg?resize=215%2C300&amp;ssl=1 215w, https:\/\/i0.wp.com\/miradordeatarfe.es\/wp-content\/uploads\/2024\/04\/436586292_412766361507121_3849916327384211739_n.jpg?resize=733%2C1024&amp;ssl=1 733w, https:\/\/i0.wp.com\/miradordeatarfe.es\/wp-content\/uploads\/2024\/04\/436586292_412766361507121_3849916327384211739_n.jpg?resize=768%2C1072&amp;ssl=1 768w\" sizes=\"auto, (max-width: 640px) 100vw, 640px\" \/><\/a><\/div>\n","protected":false},"excerpt":{"rendered":"<p>\u00bfTe gusta andar? \u00bfTe gustan las leyendas, los cuentos? Entonces no puedes perderte nuestra pr\u00f3xima&#8230;<\/p>\n","protected":false},"author":1,"featured_media":68656,"comment_status":"closed","ping_status":"closed","sticky":false,"template":"","format":"standard","meta":{"_coblocks_attr":"","_coblocks_dimensions":"","_coblocks_responsive_height":"","_coblocks_accordion_ie_support":"","jetpack_post_was_ever_published":false,"_jetpack_newsletter_access":"","_jetpack_dont_email_post_to_subs":false,"_jetpack_newsletter_tier_id":0,"_jetpack_memberships_contains_paywalled_content":false,"_jetpack_memberships_contains_paid_content":false,"footnotes":"","jetpack_publicize_message":"","jetpack_publicize_feature_enabled":true,"jetpack_social_post_already_shared":true,"jetpack_social_options":{"image_generator_settings":{"template":"highway","default_image_id":0,"enabled":false},"version":2}},"categories":[12,186,44],"tags":[],"class_list":["post-68654","post","type-post","status-publish","format-standard","has-post-thumbnail","hentry","category-cultura","category-instituciones","category-noticias-de-hoy"],"jetpack_publicize_connections":[],"jetpack_featured_media_url":"https:\/\/i0.wp.com\/miradordeatarfe.es\/wp-content\/uploads\/2024\/04\/12_big.jpg?fit=700%2C466&ssl=1","jetpack_likes_enabled":true,"jetpack_sharing_enabled":true,"_links":{"self":[{"href":"https:\/\/miradordeatarfe.es\/index.php?rest_route=\/wp\/v2\/posts\/68654","targetHints":{"allow":["GET"]}}],"collection":[{"href":"https:\/\/miradordeatarfe.es\/index.php?rest_route=\/wp\/v2\/posts"}],"about":[{"href":"https:\/\/miradordeatarfe.es\/index.php?rest_route=\/wp\/v2\/types\/post"}],"author":[{"embeddable":true,"href":"https:\/\/miradordeatarfe.es\/index.php?rest_route=\/wp\/v2\/users\/1"}],"replies":[{"embeddable":true,"href":"https:\/\/miradordeatarfe.es\/index.php?rest_route=%2Fwp%2Fv2%2Fcomments&post=68654"}],"version-history":[{"count":2,"href":"https:\/\/miradordeatarfe.es\/index.php?rest_route=\/wp\/v2\/posts\/68654\/revisions"}],"predecessor-version":[{"id":68658,"href":"https:\/\/miradordeatarfe.es\/index.php?rest_route=\/wp\/v2\/posts\/68654\/revisions\/68658"}],"wp:featuredmedia":[{"embeddable":true,"href":"https:\/\/miradordeatarfe.es\/index.php?rest_route=\/wp\/v2\/media\/68656"}],"wp:attachment":[{"href":"https:\/\/miradordeatarfe.es\/index.php?rest_route=%2Fwp%2Fv2%2Fmedia&parent=68654"}],"wp:term":[{"taxonomy":"category","embeddable":true,"href":"https:\/\/miradordeatarfe.es\/index.php?rest_route=%2Fwp%2Fv2%2Fcategories&post=68654"},{"taxonomy":"post_tag","embeddable":true,"href":"https:\/\/miradordeatarfe.es\/index.php?rest_route=%2Fwp%2Fv2%2Ftags&post=68654"}],"curies":[{"name":"wp","href":"https:\/\/api.w.org\/{rel}","templated":true}]}}