{"id":68664,"date":"2024-04-18T10:50:46","date_gmt":"2024-04-18T08:50:46","guid":{"rendered":"https:\/\/miradordeatarfe.es\/?p=68664"},"modified":"2024-04-18T10:49:08","modified_gmt":"2024-04-18T08:49:08","slug":"atarfe-cultura-en-la-calle-para-celebrar-el-dia-del-libro","status":"publish","type":"post","link":"https:\/\/miradordeatarfe.es\/?p=68664","title":{"rendered":"ATARFE: \u00abCULTURA EN LA CALLE\u00bb PARA CELEBRAR EL D\u00cdA DEL LIBRO"},"content":{"rendered":"<h3 dir=\"auto\">La semana que viene se acerca el D\u00eda del Libro, aqu\u00ed os dejamos, un resumen de las actividades programadas, informando detalladamente de cada una de ellas.<\/h3>\n<div dir=\"auto\">El lema de la Feria de este a\u00f1o es <strong>Cultura en la calle,<\/strong> dando prioridad a las actividades en plazas y parques uniendo cultura y medio ambiente. El Ayuntamiento de Atarfe a trav\u00e9s de la Biblioteca Municipal Mariana Pineda ha programado\u00a0 actividades atractivas y para todas las edades.<\/div>\n<div dir=\"auto\">\u00a0<\/div>\n<div dir=\"auto\">La lectura nos ayuda a viajar a mundos desconocidos, despierta nuestra mente y enriquece nuestro interior. Los libros son una fuente de conocimiento que nos permite entender lo que nos rodea. Y por ello, desde principios del siglo XX, celebramos y valoramos la importancia de la literatura con el D\u00eda Internacional del Libro.<\/div>\n<div dir=\"auto\">\u00a0<\/div>\n<div dir=\"auto\">La lectura es una actividad que forma parte de la vida de muchas personas en el mundo. La idea de celebrar este d\u00eda internacional busca seguir incentivando el inter\u00e9s hacia la literatura de j\u00f3venes y adultos.<\/div>\n<div dir=\"auto\">\u00a0<\/div>\n<h2 dir=\"auto\">PROGRAMA DE ACTIVIDADES:<\/h2>\n<div dir=\"auto\">\u00a0<\/div>\n<div dir=\"auto\"><a href=\"https:\/\/i0.wp.com\/miradordeatarfe.es\/wp-content\/uploads\/2024\/04\/435926518_406488652134892_4454290553502349391_n.jpg?ssl=1\"><img data-recalc-dims=\"1\" loading=\"lazy\" decoding=\"async\" class=\"wp-image-68665 size-full aligncenter\" src=\"https:\/\/i0.wp.com\/miradordeatarfe.es\/wp-content\/uploads\/2024\/04\/435926518_406488652134892_4454290553502349391_n.jpg?resize=640%2C905&#038;ssl=1\" alt=\"\" width=\"640\" height=\"905\" srcset=\"https:\/\/i0.wp.com\/miradordeatarfe.es\/wp-content\/uploads\/2024\/04\/435926518_406488652134892_4454290553502349391_n.jpg?w=843&amp;ssl=1 843w, https:\/\/i0.wp.com\/miradordeatarfe.es\/wp-content\/uploads\/2024\/04\/435926518_406488652134892_4454290553502349391_n.jpg?resize=212%2C300&amp;ssl=1 212w, https:\/\/i0.wp.com\/miradordeatarfe.es\/wp-content\/uploads\/2024\/04\/435926518_406488652134892_4454290553502349391_n.jpg?resize=724%2C1024&amp;ssl=1 724w, https:\/\/i0.wp.com\/miradordeatarfe.es\/wp-content\/uploads\/2024\/04\/435926518_406488652134892_4454290553502349391_n.jpg?resize=768%2C1086&amp;ssl=1 768w\" sizes=\"auto, (max-width: 640px) 100vw, 640px\" \/><\/a><\/div>\n<div dir=\"auto\">\u00a0<\/div>\n","protected":false},"excerpt":{"rendered":"<p>La semana que viene se acerca el D\u00eda del Libro, aqu\u00ed os dejamos, un resumen&#8230;<\/p>\n","protected":false},"author":1,"featured_media":68667,"comment_status":"closed","ping_status":"closed","sticky":false,"template":"","format":"standard","meta":{"_coblocks_attr":"","_coblocks_dimensions":"","_coblocks_responsive_height":"","_coblocks_accordion_ie_support":"","jetpack_post_was_ever_published":false,"_jetpack_newsletter_access":"","_jetpack_dont_email_post_to_subs":false,"_jetpack_newsletter_tier_id":0,"_jetpack_memberships_contains_paywalled_content":false,"_jetpack_memberships_contains_paid_content":false,"footnotes":"","jetpack_publicize_message":"","jetpack_publicize_feature_enabled":true,"jetpack_social_post_already_shared":true,"jetpack_social_options":{"image_generator_settings":{"template":"highway","default_image_id":0,"enabled":false},"version":2}},"categories":[12,186,44],"tags":[],"class_list":["post-68664","post","type-post","status-publish","format-standard","has-post-thumbnail","hentry","category-cultura","category-instituciones","category-noticias-de-hoy"],"jetpack_publicize_connections":[],"jetpack_featured_media_url":"https:\/\/i0.wp.com\/miradordeatarfe.es\/wp-content\/uploads\/2024\/04\/Sin-titulo.jpeg?fit=259%2C194&ssl=1","jetpack_likes_enabled":true,"jetpack_sharing_enabled":true,"_links":{"self":[{"href":"https:\/\/miradordeatarfe.es\/index.php?rest_route=\/wp\/v2\/posts\/68664","targetHints":{"allow":["GET"]}}],"collection":[{"href":"https:\/\/miradordeatarfe.es\/index.php?rest_route=\/wp\/v2\/posts"}],"about":[{"href":"https:\/\/miradordeatarfe.es\/index.php?rest_route=\/wp\/v2\/types\/post"}],"author":[{"embeddable":true,"href":"https:\/\/miradordeatarfe.es\/index.php?rest_route=\/wp\/v2\/users\/1"}],"replies":[{"embeddable":true,"href":"https:\/\/miradordeatarfe.es\/index.php?rest_route=%2Fwp%2Fv2%2Fcomments&post=68664"}],"version-history":[{"count":2,"href":"https:\/\/miradordeatarfe.es\/index.php?rest_route=\/wp\/v2\/posts\/68664\/revisions"}],"predecessor-version":[{"id":68668,"href":"https:\/\/miradordeatarfe.es\/index.php?rest_route=\/wp\/v2\/posts\/68664\/revisions\/68668"}],"wp:featuredmedia":[{"embeddable":true,"href":"https:\/\/miradordeatarfe.es\/index.php?rest_route=\/wp\/v2\/media\/68667"}],"wp:attachment":[{"href":"https:\/\/miradordeatarfe.es\/index.php?rest_route=%2Fwp%2Fv2%2Fmedia&parent=68664"}],"wp:term":[{"taxonomy":"category","embeddable":true,"href":"https:\/\/miradordeatarfe.es\/index.php?rest_route=%2Fwp%2Fv2%2Fcategories&post=68664"},{"taxonomy":"post_tag","embeddable":true,"href":"https:\/\/miradordeatarfe.es\/index.php?rest_route=%2Fwp%2Fv2%2Ftags&post=68664"}],"curies":[{"name":"wp","href":"https:\/\/api.w.org\/{rel}","templated":true}]}}