{"id":6873,"date":"2016-02-23T07:49:31","date_gmt":"2016-02-23T07:49:31","guid":{"rendered":"http:\/\/miradordeatarfe.es\/?p=6873"},"modified":"2016-02-23T08:52:45","modified_gmt":"2016-02-23T08:52:45","slug":"las-electricas-llevan-ganados-11-600-millones-por-una-verificacion-de-contadores-que-no-realizan","status":"publish","type":"post","link":"https:\/\/miradordeatarfe.es\/?p=6873","title":{"rendered":"Las el\u00e9ctricas llevan ganados 11.600 millones por una verificaci\u00f3n de contadores que no realizan"},"content":{"rendered":"<p>11.600 millones de euros (una media de 500 euros por usuario) es la cantidad que las compa\u00f1\u00edas el\u00e9ctricas llevan recaudada a 31 de diciembre de 2015 por la (in)\u201cadecuada renovaci\u00f3n y actualizaci\u00f3n del parque de contadores\u201d, la cual es imposible de realizar, debido a que el Gobierno no ha publicado a\u00fan en el BOE la normativa sobre verificaci\u00f3n peri\u00f3dica de los contadores en nuestro pa\u00eds. <!--more--><\/p>\n<p><strong>\u201cNo hay ninguna ley en vigor que obligue a las compa\u00f1\u00edas a verificar el parque de contadores. Es un servicio que no se realiza<\/strong>\u00a0<strong>pero que se cobra<\/strong> en cada factura desde hace m\u00e1s de 30 a\u00f1os\u201d, apunta Antonio Moreno Alfaro, ingeniero sevillano dedicado desde hace a\u00f1os a investigar y denunciar\u00a0el fraude sistem\u00e1tico que, seg\u00fan sus conclusiones, vienen cometiendo impunemente las el\u00e9ctricas. Desde su p\u00e1gina <a href=\"http:\/\/www.estafaluz.com\">www.estafaluz.com<\/a> atiende las dudas y peticiones de los\u00a0usuarios. \u201cPr\u00e1cticamente la totalidad desconoce este manejo por parte de las empresas el\u00e9ctricas\u201d. Moreno se\u00f1ala que \u201cla corrupci\u00f3n viene de m\u00e1s abajo cuando ya desde los fabricantes de contadores manipulan los precios de los aparatos vendi\u00e9ndolos a las compa\u00f1\u00edas un 50% m\u00e1s caro y estos, a su vez, m\u00e1s caros a los usuarios finales que los alquilan\u201d.<\/p>\n<p><strong>ESPERANDO UNA LEY 31 A\u00d1OS<\/strong><\/p>\n<p>\u00bfC\u00f3mo pagar cada mes en la factura de la luz una cantidad fija por un servicio que no se ejerce? El parque de contadores, alquilados por casi la totalidad de los usuarios, tiene que tener una regulaci\u00f3n que garantice\u00a0su correcto funcionamiento y que no haya sorpresas en las facturas a final de mes. Pero el vac\u00edo legal dura desde el 20 de marzo de 1985, cuando entr\u00f3 en vigor la Ley 3\/1985, de Metrolog\u00eda, la cual establece \u201cel control metrol\u00f3gico por parte del Estado de todos los objetos y elementos de aplicaci\u00f3n en metrolog\u00eda, (\u2026) y evitar los fraudes en perjuicio de los consumidores\u201d, especificando tambi\u00e9n que dicho control metrol\u00f3gico incluye la verificaci\u00f3n peri\u00f3dica del equipo de medida de los contadores el\u00e9ctricos.<\/p>\n<p>\u201cEs como pagar la ITV del coche cada mes y que nunca te digan que tienes que pasarla\u201d, destaca el ingeniero. <strong>El 20 de diciembre de 1984 el Ministerio de Industria multiplic\u00f3 por 29 el precio mensual de alquiler de los contadores<\/strong> (de 2,45 pesetas lo pas\u00f3 a 71 pesetas), con el fin de \u201ccubrir la funci\u00f3n econ\u00f3mica de permitir a las empresas alquiladoras la adecuada renovaci\u00f3n y actualizaci\u00f3n del parque de contadores\u201d. \u201cAh\u00ed comenz\u00f3 todo\u201d, apunta Moreno. Esa ser\u00eda la \u00fanica y exclusiva finalidad del nuevo precio de alquiler: cubrir los costes de la verificaci\u00f3n peri\u00f3dica los contadores y la retirada de las unidades defectuosas o que agoten su vida \u00fatil.<\/p>\n<p><strong>RECLAMACIONES AL VAC\u00cdO LEGAL<\/strong><\/p>\n<p>En marzo de 1988, el Centro Espa\u00f1ol de Metrolog\u00eda (CEM) advirti\u00f3 al Ministerio de Industria de que \u201cse estima <strong>urgente y prioritaria la regulaci\u00f3n e implantaci\u00f3n de la verificaci\u00f3n peri\u00f3dica<\/strong> para todo el parque de contadores de energ\u00eda el\u00e9ctrica (\u2026) y todo el parque de contadores deber\u00e1 quedar totalmente regularizado antes de final de 1995\u2033.<\/p>\n<p>Trece a\u00f1os despu\u00e9s de aquella advertencia del CEM, en septiembre de 2001, la Comisi\u00f3n Nacional de Energ\u00eda (CNE) alert\u00f3 al Ministerio de que se consideraba \u201cimprescindible que por parte de la Administraci\u00f3n se proceda de manera urgente a completar la regulaci\u00f3n de la verificaci\u00f3n peri\u00f3dica, y ello con independencia de que en un futuro m\u00e1s o menos cercano pueda llegarse a establecer la obligaci\u00f3n de sustituir paulatinamente los contadores electromec\u00e1nicos por contadores telegestionables\u201d.<\/p>\n<p>En mayo de 1996, los fabricantes de contadores comunicaron al Ministerio de Industria que debido a la falta de normativa sobre verificaci\u00f3n peri\u00f3dica, \u201cexisten <strong>centenares de miles de contadores instalados con m\u00e1s de 40 a\u00f1os de antig\u00fcedad<\/strong> y millones con m\u00e1s de 30 a\u00f1os que no est\u00e1n siendo sometidos a un control legal que garantice a exactitud de la medida\u201d.<\/p>\n<p>Ya con la vuelta del\u00a0PSOE al poder\u00a0en 2004, la diputada Isaura Navarro, de Izquierda Unida, formulaba esta pregunta\u00a0escrita al Ejecutivo: \u201c\u00bfCu\u00e1ndo tiene previsto el Gobierno publicar en el BOE la normativa oficial sobre verificaci\u00f3n peri\u00f3dica de contadores?\u201d. Desde el \u00e1rea de\u00a0Presidencia del Gobierno, controlada por Mar\u00eda Teresa Fern\u00e1ndez de la Vega, se respond\u00eda en 2006\u00a0que \u201cel Gobiemo es consciente de la necesidad de elaborar una reglamentaci\u00f3n que elimine el vac\u00edo legal actual y garantice los derechos de los consumidores, (\u2026) y estima que la Orden Ministerial requerir\u00e1 al menos un a\u00f1o m\u00e1s para su publicaci\u00f3n\u201d. Tampoco se hizo nada.<\/p>\n<p>A pesar de la brutal subida de los precios de alquiler, de las advertencias del CEM, de la CNE y de los fabricantes de contadores y del compromiso adquirido en julio de 2006 con el Congreso, el Gobierno a\u00fan no ha publicado la normativa sobre verificaci\u00f3n peri\u00f3dica de los contadores electromec\u00e1nicos, que lleva arrastr\u00e1ndose casi treinta a\u00f1os.<\/p>\n<p><strong>600.000 EUROS DIARIOS PAGADOS A LAS COMPA\u00d1\u00cdAS<\/strong><\/p>\n<div id=\"attachment_129041\" class=\"wp-caption alignleft\"><a href=\"https:\/\/i0.wp.com\/www.andalucesdiario.es\/wp-content\/uploads\/2016\/02\/resumen.png\"><img data-recalc-dims=\"1\" loading=\"lazy\" decoding=\"async\" class=\"wp-image-129041 size-medium\" src=\"https:\/\/i0.wp.com\/www.andalucesdiario.es\/wp-content\/uploads\/2016\/02\/resumen-300x137.png?resize=300%2C137\" alt=\"Resumen de una factura de luz\" width=\"300\" height=\"137\" \/><\/a><\/p>\n<p class=\"wp-caption-text\">Resumen de una factura de luz<\/p>\n<\/div>\n<p>Cuando en julio de 2007 comienza la sustituci\u00f3n de los antiguos por\u00a0los nuevos contadores telegestionables, los afectados eran 26 millones, quienes pagaban 600.000 euros diarios a las compa\u00f1\u00edas el\u00e9ctricas por la inexistente verificaci\u00f3n peri\u00f3dica de los contadores. Actualmente, dicha cantidad ha quedado reducida a 300.000 euros diarios, que es pagada por los 13 millones de usuarios a los cuales a\u00fan no les ha sido instalado el contador telegestionable.<\/p>\n<p>Como consecuencia de la imposibilidad de realizar la verificaci\u00f3n peri\u00f3dica, la fiabilidad de la medida de los contadores ha ido disminuyendo con el tiempo. Un informe de la OCU, emitido a finales de 2001, alertaba que el \u201c50% de los contadores ten\u00edan m\u00e1s de 17 a\u00f1os de antig\u00fcedad y el 8% superaba los 30 a\u00f1os\u201d, cuando la vida fiable de estos aparatos es de una d\u00e9cada. Casi la totalidad de los contadores no hab\u00edan sido revisados desde su instalaci\u00f3n y la cifra m\u00e1s alarmante era\u00a0que <strong>\u201cel 80 % de los contadores activados facturaba por exceso\u201d.<\/strong><\/p>\n<p>El precio mensual de alquiler de los contadores electromec\u00e1nicos, que lleg\u00f3 a alcanzar las 113 pesetas (0,68 \u20ac), es actualmente de 0,54 \u20ac desde enero de 2002, gracias precisamente a una reclamaci\u00f3n de\u00a0Moreno Alfaro. El Ministerio de Industria, seg\u00fan lo establecido en el Real Decreto 1725\/1984, calcular\u00eda los alquileres de contadores aplicando el 1,25% al precio medio de venta de los fabricantes a las compa\u00f1\u00edas el\u00e9ctricas. <strong>\u201cAl ofrecer el alquiler ten\u00edan que correr obligatoriamente con el control de su correcto funcionamiento<\/strong>, algo que nunca han hecho\u201d, apunta Moreno.<\/p>\n<p><strong>UN GRAVE ESC\u00c1NDALO<\/strong><\/p>\n<p>Seg\u00fan reconoci\u00f3 el portavoz de los fabricantes de contadores en las notas de la reuni\u00f3n privada mantenida por estos con las compa\u00f1\u00edas el\u00e9ctricas en el a\u00f1os 95 para fijar un precio para el alquiler, \u201cse establece el cobro mensual al consumidor del 1,25% del precio del contador. Este factor se aplica sobre los precios de lista [precio de venta al p\u00fablico], cuando deber\u00eda hacerse sobre los reales, los cuales son inferiores en un 50% o m\u00e1s. Si este asunto saliera a la luz p\u00fablica, podr\u00eda producirse un esc\u00e1ndalo de imprevisibles consecuencias para todos\u201d. Una copia del\u00a0documento con esas notas est\u00e1 en poder de Moreno.<\/p>\n<p>La declaraci\u00f3n del grupo de fabricantes\u00a0pon\u00eda\u00a0en evidencia que los precios del alquiler de los contadores, publicados en el BOE por el Ministerio de Industria eran, como m\u00ednimo, el doble de los que habr\u00edan resultado si los fabricantes no hubieran facilitado datos falsos al Ministerio de Industria, que habr\u00eda sido\u00a0consciente de dicha falsedad.<\/p>\n<p>Por tanto, los 11.600 millones de euros han sido cobrados por parte de las compa\u00f1\u00edas el\u00e9ctricas por la \u201cnula\u201d verificaci\u00f3n peri\u00f3dica de los contadores, la cual no es posible realizar debido al vac\u00edo legal existente desde el 85. . \u201cEste fallo de las el\u00e9ctricas obligar\u00eda a las compa\u00f1\u00edas, si se resolviera el caso, a devolver a cada usuario 500 euros por esta estafa\u201d, sentencia Moreno.<\/p>\n","protected":false},"excerpt":{"rendered":"<p>11.600 millones de euros (una media de 500 euros por usuario) es la cantidad que&#8230;<\/p>\n","protected":false},"author":1,"featured_media":0,"comment_status":"closed","ping_status":"closed","sticky":false,"template":"","format":"standard","meta":{"_coblocks_attr":"","_coblocks_dimensions":"","_coblocks_responsive_height":"","_coblocks_accordion_ie_support":"","jetpack_post_was_ever_published":false,"_jetpack_newsletter_access":"","_jetpack_dont_email_post_to_subs":false,"_jetpack_newsletter_tier_id":0,"_jetpack_memberships_contains_paywalled_content":false,"_jetpack_memberships_contains_paid_content":false,"footnotes":"","jetpack_publicize_message":"","jetpack_publicize_feature_enabled":true,"jetpack_social_post_already_shared":false,"jetpack_social_options":{"image_generator_settings":{"template":"highway","default_image_id":0,"enabled":false},"version":2}},"categories":[44,15],"tags":[2227,2226,116,2225],"class_list":["post-6873","post","type-post","status-publish","format-standard","hentry","category-noticias-de-hoy","category-ultimas-noticias","tag-cne","tag-companias-electricas","tag-electricidad","tag-renovar"],"jetpack_publicize_connections":[],"jetpack_featured_media_url":"","jetpack_likes_enabled":true,"jetpack_sharing_enabled":true,"_links":{"self":[{"href":"https:\/\/miradordeatarfe.es\/index.php?rest_route=\/wp\/v2\/posts\/6873","targetHints":{"allow":["GET"]}}],"collection":[{"href":"https:\/\/miradordeatarfe.es\/index.php?rest_route=\/wp\/v2\/posts"}],"about":[{"href":"https:\/\/miradordeatarfe.es\/index.php?rest_route=\/wp\/v2\/types\/post"}],"author":[{"embeddable":true,"href":"https:\/\/miradordeatarfe.es\/index.php?rest_route=\/wp\/v2\/users\/1"}],"replies":[{"embeddable":true,"href":"https:\/\/miradordeatarfe.es\/index.php?rest_route=%2Fwp%2Fv2%2Fcomments&post=6873"}],"version-history":[{"count":1,"href":"https:\/\/miradordeatarfe.es\/index.php?rest_route=\/wp\/v2\/posts\/6873\/revisions"}],"predecessor-version":[{"id":6874,"href":"https:\/\/miradordeatarfe.es\/index.php?rest_route=\/wp\/v2\/posts\/6873\/revisions\/6874"}],"wp:attachment":[{"href":"https:\/\/miradordeatarfe.es\/index.php?rest_route=%2Fwp%2Fv2%2Fmedia&parent=6873"}],"wp:term":[{"taxonomy":"category","embeddable":true,"href":"https:\/\/miradordeatarfe.es\/index.php?rest_route=%2Fwp%2Fv2%2Fcategories&post=6873"},{"taxonomy":"post_tag","embeddable":true,"href":"https:\/\/miradordeatarfe.es\/index.php?rest_route=%2Fwp%2Fv2%2Ftags&post=6873"}],"curies":[{"name":"wp","href":"https:\/\/api.w.org\/{rel}","templated":true}]}}