{"id":68753,"date":"2024-05-06T11:00:48","date_gmt":"2024-05-06T09:00:48","guid":{"rendered":"https:\/\/miradordeatarfe.es\/?p=68753"},"modified":"2024-05-05T18:28:13","modified_gmt":"2024-05-05T16:28:13","slug":"personaje-de-atarfe-don-martin-vazquez-de-arce-el-doncel-de-siguenza-1","status":"publish","type":"post","link":"https:\/\/miradordeatarfe.es\/?p=68753","title":{"rendered":"PERSONAJE DE ATARFE: Don Mart\u00edn V\u00e1zquez de Arce: El Doncel de Sig\u00fcenza (1) por Juan Antonio Mart\u00ednez G\u00f3mez-Gordo"},"content":{"rendered":"<h3 style=\"text-align: justify;\">I. Las grandes figuras hist\u00f3ricas, al paso de los siglos, alcanzan la categor\u00eda de un mito, cuando las envuelven amorosamente las leyendas, o de arquetipos, cuando su figura representa a una \u00e9poca, como en el caso de nuestro joven Comendador santiaguista don Mart\u00edn V\u00e1zquez de Arce, el famoso \u201cDoncel\u201d de Sig\u00fcenza.<\/h3>\n<p style=\"text-align: justify;\">Vivi\u00f3 y muri\u00f3 don Mart\u00edn en una \u00e9poca gloriosa de la Historia de Espa\u00f1a, en aquellos momentos estelares en que los Reyes Cat\u00f3licos forjaban a punta de espada la unidad espa\u00f1ola, surgida de un belicoso conglomerado de reinos peninsulares, y hac\u00edan nacer con br\u00edos el Renacimiento ya so\u00f1ado por el rey aragon\u00e9s Juan II, padre de Fernando el Cat\u00f3lico, y a un paso de la reconquista de Granada y del Descubrimiento colombino, cubriendo de gloria, entre otras, a la poderosa familia de los Mendoza que tuvo una intensa participaci\u00f3n en todos estos hechos.<\/p>\n<p style=\"text-align: justify;\">\u00c9poca tambi\u00e9n gloriosa para Sig\u00fcenza, bajo el mecenazgo de los Mendoza, en la figura de su m\u00e1s digno representante: el ya cardenal don Pedro Gonz\u00e1lez de Mendoza, quien nunca abandon\u00f3 la silla episcopal seguntina, pese a ser nombrado Arzobispo de Sevilla y m\u00e1s tarde regentar la primada de Toledo, el cual alcanzo las mayores glorias y el mayor poder terrenal y espiritual, como Tercer Rey, al ejercer como Gran Cardenal, Canciller Mayor de los reinos de Castilla y Toledo, y Capit\u00e1n General de los ej\u00e9rcitos en la Cruzada contra el reino de Granada. Por su munificencia fue posible la creaci\u00f3n de la Universidad de Sig\u00fcenza, llevado de la ingente labor y poderosa influencia de su Vicario, don Juan L\u00f3pez de Medina, as\u00ed como la atinada orientaci\u00f3n y consejo del futuro gran Cardenal y Regente del Reino, a la saz\u00f3n el Bachiller don Gonzalo Xim\u00e9nez de Cisneros, que cambiar\u00eda mas tarde su nombre por el de todos conocido de Francisco al profesar de monje en La Salceda. Dos recios pilares en quienes sustentar la mitra seguntina, ante la permanente ausencia de Mendoza, por razones de estado.<\/p>\n<p style=\"text-align: justify;\">Constituida por aquellos siglos la ciudad de Sig\u00fcenza un \u201cSe\u00f1or\u00edo de la mitra seguntina\u201d que venia disfrutando desde su Reconquista en el siglo XII, y era por entonces una ciudad fuertemente amurallada, con numerosas puertas defendidas por torreones, y regida en lo civil y militar por un Alcalde Mayor y cinco Alcaides de portazgo. Se trazaba por entonces la actual Plaza Mayor, derribando las cercas que separaban la ciudad de la Catedral, para hacer all\u00ed el nuevo Mercado, y se trajo el agua del Pinar mediante el acueducto de los Arcos Viejos, por el batan frente al Portalejo, en la actual Puerta del Sol.<\/p>\n<p style=\"text-align: justify;\">Castilla por entonces hab\u00eda soportado una end\u00e9mica guerra civil en la que no dejaron de intervenir aragoneses y navarros, tanto en los reinos de Juan II de Castilla como de Enrique IV, con tremendas acciones particulares entre validos y poderosos caballeros castellanos, los Infantes de Arag\u00f3n, el conde de Benavente, el inquieto Adelantado Pedro Manrique o los partidarios de la Beltraneja a la muerte en 1474 del rey Enrique IV, o la memorable Batalla de Toro (1476), en que las tropas castellano-aragonesas derrotaron al rey Alfonso V de Portugal que interven\u00eda a<br \/>\nfavor de Juana en contra de Isabel y en la que intervino la familia de los Mendoza, sobre todo don Diego Hurtadode Mendoza, aunque no fuese nada mas que por agradecer su reciente nombramiento como Primer Duque del Infantado, y que acaece en plena juventud de nuestro \u201cDoncel\u201d, con quince abriles.<\/p>\n<p style=\"text-align: justify;\"><strong>II. Demos una oj<\/strong>eada al ambiente en que se educo don Mart\u00edn V\u00e1zquez de Arce.<\/p>\n<p style=\"text-align: justify;\">En primer lugar hemos de suponerle nacido como su hermano Fernando en Sig\u00fcenza. Luego, de joven, sin duda criado y educado en la Casa Palacio de los Duques del Infantado, que por entonces se hab\u00eda convertido en una Corte brillante, sobre todo a partir de 1479 cuando al fallecer el primer Duque del Infantado, toma las riendas de su gobierno don I\u00f1igo, conde de Salda\u00f1a, convertido<br \/>\nen poderoso segundo Duque del Infantado, con 41 a\u00f1os, en plena madurez, y con una esposa que gustaba verse rodeada de amigos y servidores, do\u00f1a Mar\u00eda de Luna, rica hembra heredera del poderoso don Alvaro. A la sagacidad de Don Diego Hurtado de Mendoza, primer duque del Infantado, con qui\u00e9n aprender\u00eda sin duda las primeras armas nuestro Doncel, le sigui\u00f3 el arrojo y la gallard\u00eda de Don I\u00f1igo, as\u00ed como la diplomacia y poderosa influencia del Cardenal, en un ambiente de Corte, ya que a partir del momento en que Guadalajara fue titulada ciudad se llen\u00f3 de palacios y vinieron a residir a ella grandes y poderosos caballeros.<\/p>\n<p style=\"text-align: justify;\">Matizando todo el ambiente que rodeaba a don Mart\u00edn V\u00e1zquez de Arce (acusadamente pol\u00edtico de los Reyes Cat\u00f3licos, sobre todo de don Fernando) el obispo de Sig\u00fcenza, don Pedro Gonz\u00e1lez de Mendoza, daba lecciones de alta pol\u00edtica y se hab\u00eda hecho rogar su adhesi\u00f3n a la reina Isabel, para a cambio pedir el capelo cardenalicio, en franca lucha contra el poderoso Carrillo, Arzobispo de Toledo.<\/p>\n<p style=\"text-align: justify;\">M\u00e1s tarde, se hizo nombrar Arzobispo de Sevilla, fallecido el Cardenal Fonseca, y asimismo, muerto Miguel Lucas, se le nombr\u00f3 Canciller Mayor de los reinos de Castilla y Toledo. Muerto el rey Enrique IV, el Cardenal Mendoza se apresur\u00f3, como albacea, a proclamar a la reina Isabel como reina de Castilla, incluso antes de que su esposo Fernando tuviese noticias de la muerte de su<br \/>\nsuegro. Su fina pol\u00edtica y fuerte influencia, le hab\u00eda hecho intervenir en la boda de su hermana Mar\u00eda de Mendoza con don Beltr\u00e1n de la Cueva, en presencia del rey, y a la muerte del valido don Alvaro de Luna, le consigui\u00f3 el nombramiento de Maestre de Santiago en contra de los deseos del Infante don Alonso. Asimismo, intervino en la lucha de los regios esposos, y con su sabia\u00a0 orientaci\u00f3n dar\u00eda origen al lema del escudo:\u201dTanto monta, monta tanto, Ysabel como Fernando\u201d, dando fin a la lucha plurisecular por la supremac\u00eda en la Pen\u00ednsula, que hac\u00eda llamarse a los<br \/>\nreyes de Castilla, \u201cReyes de Espa\u00f1a\u201d, motivo por el cual se enfrent\u00f3 Castilla con Arag\u00f3n o con Portugal.<\/p>\n<p style=\"text-align: justify;\"><strong>III. La familia de los Arce tuvo entronque y profundo trato con los poderosos Mendoza arriacenses.<\/strong><\/p>\n<p style=\"text-align: justify;\">Don Fernando de Arce, aunque con solar y casona propios en Sig\u00fcenza, de donde durante muchos a\u00f1os se citan como vecinos, sabemos que adquiri\u00f3 una casa y corral anejo en Guadalajara, en la calle que llaman de Santa Clara, por donaci\u00f3n de Don Diego Hurtado de Mendoza, conde de Priego, en 1485, un a\u00f1o antes de la muerte heroica de nuestro joven comendador Mart\u00edn, sin duda cuando marchaba a las Guerras de Granada con las tropas del Duque, su se\u00f1or.<\/p>\n<p style=\"text-align: justify;\">En calidad de Secretario y con el t\u00edtulo de Comendador, sirvi\u00f3 Don Fernando al primog\u00e9nito del Marqu\u00e9s de Santillana, don Diego Hurtado de Mendoza, primer Duque del Infantado, y a la casa Palacio de su hijo, don I\u00f1igo, el segundo duque, a quien acompa\u00f1a en las citadas guerras de Granada.<\/p>\n<p style=\"text-align: justify;\">Don Mart\u00edn debi\u00f3 recibir educaci\u00f3n y formaci\u00f3n militar en esta corte palaciega y literaria de Guadalajara, que pujaba en lujo y boato con la de los mismos reyes, en aquel viejo y grandioso palacio que construyera don Pedro Gonz\u00e1lez, el de Aljubarrotas, el heroico y patriota abuelo del Cardenal, que muri\u00f3 al ceder su caballo al rey, y apenas pudo vivir en el nuevo Palacio que construyera el segundo Duque hacia 1480, puesto que s\u00f3lo lleg\u00f3 a conocer su fachada y alguna otra parte noble.<\/p>\n<p style=\"text-align: justify;\">Ser\u00eda uno de los ilustrados pajes en la corte de don Diego Hurtado y con \u00e9l aprender\u00eda, a la sombra de don I\u00f1igo, las primeras artes marciales. En dicha corte literaria del Marqu\u00e9s de Santillana, poeta renacentista de la lengua castellana, a los vientos de la nueva cultura que soplaba en Europa, hab\u00edase traducido a Ovidio, Virgilio, S\u00e9neca y a Plat\u00f3n y se ley\u00f3 a Dante, Petrarca y Bocaccio, una generaci\u00f3n antes de haber nacido nuestro don Mart\u00edn.<\/p>\n<p style=\"text-align: justify;\">Finalmente, el Duque de I\u00f1igo, con la poderosa influencia de su cu\u00f1ado don Beltr\u00e1n de la Cueva, Maestre de Santiago, le har\u00eda Comendador santiaguista y as\u00ed tenemos ya a nuestro h\u00e9roe como joven caballero dispuesto para la Cruzada contra el Islam en las \u201cGuerras de Granada\u201d. Fue en Ucl\u00e9s (Cuenca) en 1480 donde fue armado caballero de la Orden.<\/p>\n<p style=\"text-align: justify;\">Aunque el Renacimiento y el Humanismo eran conceptos apenas vigentes en aquella \u00e9poca en una minor\u00eda muy reducida, puesto que perduraban a\u00fan profundamente arraigados en todo el pueblo los valores medievales, no hay duda que el ambiente en que se educ\u00f3 y formo era el de una minor\u00eda selecta y cultivada: un Comendador santiaguista, cargado con la herencia y el esp\u00edritu de la<br \/>\n\u00e9poca, que son las fuerzas que modelan con m\u00e1s hondo vigor la personalidad humana.<\/p>\n<p style=\"text-align: justify;\">Ser Comendador era entonces una alta dignidad, que se conced\u00eda a aquellos caballeros que conoc\u00edan perfectamente el uso de las armas y que ten\u00edan una conducta cristiana intachable.<br \/>\nY \u00e9l, adem\u00e1s se adornaba sin duda con los valores del Humanismo impregnado del Renacimiento espa\u00f1ol impuesto por la poderosa familia de los Mendoza, como nos asegura la tesis de la americana Nader.<\/p>\n<h3 style=\"text-align: justify;\">Art\u00edculo editado por Corporaci\u00f3n de Medios de Andaluc\u00eda y el Ayuntamiento de Atarfe, coordinado por Jos\u00e9 Enrique Granados y tiene por nombre \u00abAtarfe\u00a0en\u00a0el\u00a0papel<\/h3>\n<p style=\"text-align: justify;\"><em>FOTO: <\/em><a id=\"yui_3_16_0_1_1713342283665_1902\" class=\"owner-name truncate no-outline\" title=\"Ir a la galer\u00eda de PhotoLanda\" href=\"https:\/\/www.flickr.com\/photos\/landahlauts\/\" rel=\"author\" data-track=\"attributionNameClick\">PhotoLanda<\/a><\/p>\n<p id=\"yui_3_16_0_1_1713342283665_1888\" style=\"text-align: justify;\"><em>Escultura del poeta y guerrero Mart\u00edn V\u00e1zquez de Alce, m\u00e1s conocido como el Doncel de Sig\u00fcenza, que recrea el momento de su muerte en la batalla de la Higueruela, en los campos de Atarfe, Comarca de la Vega de Granada. Su autor es Ramiro Meg\u00edas. El monumento conmemorativo se encuentra en el Parque de La Higueruela en Atarfe, construido en 2008 para conmemorar el acontecimiento de la batalla que tuvo lugar entre las tropas castellanas y andaluzas que proteg\u00edan Granada. La escultura fue realizada en 2008 por el escultor andaluz Ramiro Mej\u00edas L\u00f3pez.<\/em><\/p>\n","protected":false},"excerpt":{"rendered":"<p>I. Las grandes figuras hist\u00f3ricas, al paso de los siglos, alcanzan la categor\u00eda de un&#8230;<\/p>\n","protected":false},"author":1,"featured_media":68754,"comment_status":"closed","ping_status":"closed","sticky":false,"template":"","format":"standard","meta":{"_coblocks_attr":"","_coblocks_dimensions":"","_coblocks_responsive_height":"","_coblocks_accordion_ie_support":"","jetpack_post_was_ever_published":false,"_jetpack_newsletter_access":"","_jetpack_dont_email_post_to_subs":false,"_jetpack_newsletter_tier_id":0,"_jetpack_memberships_contains_paywalled_content":false,"_jetpack_memberships_contains_paid_content":false,"footnotes":"","jetpack_publicize_message":"","jetpack_publicize_feature_enabled":true,"jetpack_social_post_already_shared":true,"jetpack_social_options":{"image_generator_settings":{"template":"highway","default_image_id":0,"enabled":false},"version":2}},"categories":[12,186,44,6539],"tags":[],"class_list":["post-68753","post","type-post","status-publish","format-standard","has-post-thumbnail","hentry","category-cultura","category-instituciones","category-noticias-de-hoy","category-personajes-de-ataref"],"jetpack_publicize_connections":[],"jetpack_featured_media_url":"https:\/\/i0.wp.com\/miradordeatarfe.es\/wp-content\/uploads\/2024\/04\/Martin-Vazquez-de-Arce-el-Doncel-de-Siguenza.png?fit=574%2C468&ssl=1","jetpack_likes_enabled":true,"jetpack_sharing_enabled":true,"_links":{"self":[{"href":"https:\/\/miradordeatarfe.es\/index.php?rest_route=\/wp\/v2\/posts\/68753","targetHints":{"allow":["GET"]}}],"collection":[{"href":"https:\/\/miradordeatarfe.es\/index.php?rest_route=\/wp\/v2\/posts"}],"about":[{"href":"https:\/\/miradordeatarfe.es\/index.php?rest_route=\/wp\/v2\/types\/post"}],"author":[{"embeddable":true,"href":"https:\/\/miradordeatarfe.es\/index.php?rest_route=\/wp\/v2\/users\/1"}],"replies":[{"embeddable":true,"href":"https:\/\/miradordeatarfe.es\/index.php?rest_route=%2Fwp%2Fv2%2Fcomments&post=68753"}],"version-history":[{"count":4,"href":"https:\/\/miradordeatarfe.es\/index.php?rest_route=\/wp\/v2\/posts\/68753\/revisions"}],"predecessor-version":[{"id":68762,"href":"https:\/\/miradordeatarfe.es\/index.php?rest_route=\/wp\/v2\/posts\/68753\/revisions\/68762"}],"wp:featuredmedia":[{"embeddable":true,"href":"https:\/\/miradordeatarfe.es\/index.php?rest_route=\/wp\/v2\/media\/68754"}],"wp:attachment":[{"href":"https:\/\/miradordeatarfe.es\/index.php?rest_route=%2Fwp%2Fv2%2Fmedia&parent=68753"}],"wp:term":[{"taxonomy":"category","embeddable":true,"href":"https:\/\/miradordeatarfe.es\/index.php?rest_route=%2Fwp%2Fv2%2Fcategories&post=68753"},{"taxonomy":"post_tag","embeddable":true,"href":"https:\/\/miradordeatarfe.es\/index.php?rest_route=%2Fwp%2Fv2%2Ftags&post=68753"}],"curies":[{"name":"wp","href":"https:\/\/api.w.org\/{rel}","templated":true}]}}