{"id":68759,"date":"2024-05-07T11:00:49","date_gmt":"2024-05-07T09:00:49","guid":{"rendered":"https:\/\/miradordeatarfe.es\/?p=68759"},"modified":"2024-05-05T18:24:38","modified_gmt":"2024-05-05T16:24:38","slug":"personaje-de-atarfe-don-martin-vazquez-de-arce-el-doncel-de-siguenza-2-por-juan-antonio-martinez-gomez-gordo","status":"publish","type":"post","link":"https:\/\/miradordeatarfe.es\/?p=68759","title":{"rendered":"PERSONAJE DE ATARFE: Don Mart\u00edn V\u00e1zquez de Arce: El Doncel de Sig\u00fcenza (2) por Juan Antonio Mart\u00ednez G\u00f3mez-Gordo"},"content":{"rendered":"<h3 style=\"text-align: justify;\">IV. Antes de hablar de su muerte heroica, avancemos un poco m\u00e1s en el conocimiento de su familia y de su nacimiento.<\/h3>\n<p style=\"text-align: justify;\">Sin duda alguna, mientras no se demuestre lo contrario, tanto \u00e9l como su hermano Fernando son nacidos en Sig\u00fcenza. En Sig\u00fcenza figuraban como vecinos al hacer sus testamentos, y pose\u00edan la casa solariega, donde sus antecesores hab\u00edan sido autoridades, y aqu\u00ed vinieron a enterrarse todos ellos, y sus descendientes, durante siglos hasta extinguirse su estirpe. No podemos afirmar, como<br \/>\nGala lo hizo con injustificada ligereza, que don Mart\u00edn no fue seguntino. Aqu\u00ed naci\u00f3 y aqu\u00ed tal vez conoci\u00f3 sus primeras letras con los Jer\u00f3nimos e incluso se ejercitase en la cetrer\u00eda en los cazaderos de Alcuneza, Palazuelos y en la misma Sig\u00fcenza.<\/p>\n<p style=\"text-align: justify;\">Y naci\u00f3 de una familia noble, puesto que su padre fue Comendador de Montijo; su hermano, tras de ser Prior de Osma, pasa a ser Obispo de Canarias y ello da un gran poder\u00edo econ\u00f3mico a la familia, como se\u00f1ala el mismo testamento de los padres, que declaraban haber adquirido y adecentado la casa de Guadalajara con los beneficios de su hijo el Prior de Osma, y por ello, asimismo, pueden llegar a ser los patronos de la Capilla absidal de San Juan y Santa Catalina, que hab\u00eda sido posesi\u00f3n de la poderosa familia de los Infantes de La Cerda. Fueron sus abuelos por l\u00ednea materna, seg\u00fan consta en las l\u00e1pidas mortuorias de dicha capilla, don Mart\u00edn V\u00e1zquez de Sosa, que falleci\u00f3 antes de 1465, del cual adquiere su primer apellido, y do\u00f1a Sancha V\u00e1zquez, fallecida en Enero de 1465, a quienes conoci\u00f3 de ni\u00f1o, pues contaba diez a\u00f1os cuando fallecieron.<\/p>\n<p style=\"text-align: justify;\">Sus padres fueron don Fernando de Arce, Comendador de Montijo, y do\u00f1a Catalina V\u00e1zquez de Sosa, que le sobrevivieron muchos a\u00f1os para honrar su memoria y para cuidar amorosamente a su nieta, la hija leg\u00edtima de don Mart\u00edn, do\u00f1a Ana de Arce y Sosa, a qui\u00e9n dotaron con la dignidad que su linaje exig\u00eda, y casaron con don Pedro de Mendoza, hijo de do\u00f1a Elfa, viviendo en Coxcurrita, aldea de la villa de Almaz\u00e1n.<\/p>\n<p style=\"text-align: justify;\">Fueron hermanos de don Mart\u00edn, don Fernando de Arce, unos 16 a\u00f1os mayor que \u00e9l, que de Prior de Osma y desempe\u00f1ando mucho tiempo funciones de obispo pas\u00f3 a ser el segundo obispo de Canarias y falleci\u00f3 en Sevilla entre 1513-1522; don Francisco, que se cita en una venta de la casa que adquirieron en Guadalajara, y do\u00f1a Menc\u00eda V\u00e1zquez de Arce, que cas\u00f3 con don Diego Bravo de Lagunas, de cuyo matrimonio se citan cinco hijos: don Fernando de Arce, que falleci\u00f3 en 1517; don Juan de Ortego Bravo de Lagunas; don Diego Bravo de Sosas, que lleg\u00f3 a la dignidad de Maestre-Escuela de la iglesia seguntina y a obispo de Ciudad Rodrigo, de Calahorra y de Coria; don Luis Bravo de Sosa y do\u00f1a Catalina de Arce y Bravo, que cas\u00f3 con don Pedro D\u00edaz de Caravante, el cual falleci\u00f3 en noviembre de 1539.<\/p>\n<p style=\"text-align: justify;\">De esta hija desciende don Sancho Bravo de Arce de Lagunas, caballero de la orden de Alc\u00e1ntara, se\u00f1or del Molino de la Torre, capit\u00e1n de Caballos del Rey Felipe II y suyas son las dos banderas que en la capilla se conservan, tomadas a los ingleses en Lisboa, cien a\u00f1os despu\u00e9s de muerto nuestro Doncel, como memoria gloriosa de una estirpe de guerreros.<\/p>\n<p style=\"text-align: justify;\">V. <strong>Dos palabras sobre la Capilla de San Juan y Santa <\/strong><strong>Catalina, y el sepulcro de don Mart\u00edn, as\u00ed como cuanto <\/strong><strong>simboliza.<\/strong><\/p>\n<p style=\"text-align: justify;\">Podemos afirmar que casi toda la historia de los Arce se encierra en la capilla de la familia. Antiguamente estaba bajo la advocaci\u00f3n de Santo Tom\u00e1s de Cantuariacense, como primitivo pante\u00f3n de Obispos seguntinos, durante el siglo XIII, hasta que durante el XIV y gran parte del XV perteneci\u00f3 a la poderosa familia de La Cerda. Cuando pasa a propiedad de don Fernando y do\u00f1a Catalina, seg\u00fan nos consta en las Capitulaciones hechas con el Cabildo catedral, la ponen bajo la advocaci\u00f3n de San Juan y Santa Catalina y el patronazgo pertenece durante siglos a la familia de los Arce y de los Bravo hasta su extinci\u00f3n. Luego pasa a los Marqueses de B\u00e9dmar y extinguida su nobleza, pasa a los Marqueses de Escalona y Prado, cuyos enterramientos est\u00e1n consignados en amplia l\u00e1pida sepulcral que est\u00e1 a los pies del sepulcro del Doncel.<\/p>\n<p style=\"text-align: justify;\">De todas las tallas de los sepulcros existentes en la Capilla de los Arce, con ser varias y magn\u00edficas dentro de la estatuaria castellana de los siglos XV y XVI, destaca por su gran belleza y portentoso realismo la dedicada a don Mart\u00edn V\u00e1zquez de Arce, el Doncel de Sig\u00fcenza, la mejor muestra del g\u00f3tico sepulcral de su \u00e9poca, que aunque no documentada debe atribuirse, a juicio del profesor Azc\u00e1rate y Ristori al maestro Sebasti\u00e1n de Toledo. En la nacela del sepulcro puede leerse con clara letra g\u00f3tica francesa: <em>\u201cD.Mart\u00edn Vasques de Arse Comendador de Santiago, el cual fue muerto por los moros enemygos de nuestra sancta fe catholica peleando con ellos en la vega de Granada, miercoles (&#8230;) anno del nascimiento de nuestro salvador Jhesucristo, de Mil e CCCC e LXXX e VI annos<\/em>. Fue muerto en edat (de) XXV annos.\u201d<\/p>\n<p style=\"text-align: justify;\">Y en su lauda sepulcral puede leerse: <em>\u201cAqu\u00ed yaze Martin Vazquez de Arce\/Cauallero de la Orden de Sanctiago\/que mataron los moros socor\/riendo el Muy Ilustre Se\u00f1or\/ Duque del Infantadgo, su Se\u00f1or, a\/cierta gente de Jahen a la Acequia\/Gorda en la Vega de Granada.\/Cobr\u00f3 en la hora su cuerpo\/Fernando de Arze su padre\/sepultolo en esta su Capilla\/a\u00f1o MCCCCLXXXVI. Este a\u00f1o se\/ tomaron la Ciudad de Loxa, las\/villas de Illora, Mocl\u00edn y Monte\/frio por cercos en q. Padre y\/hijo se allaron.\u201d<\/em><\/p>\n<p style=\"text-align: justify;\">Digamos antes de pasar a describir estas haza\u00f1as y su muerte heroica, que esta estatua \u00fanica en su g\u00e9nero, fue estudiada por m\u00ed hace m\u00e1s de diez a\u00f1os, en cuanto a su simbolismo, cuando me preguntaba como ustedes en estos momentos \u00bfqu\u00e9 quiso representarnos su padre y su hermano bajo las acostumbradas estipulaciones que se escrib\u00edan con el escultor? \u00bfQu\u00e9 nos sugiere su simple contemplaci\u00f3n? Son much\u00edsimos los cr\u00edticos y pensadores que han discutido en todas sus variedades estos interrogantes.<\/p>\n<p style=\"text-align: justify;\">Los s\u00edmbolos mueven las fuerzas espirituales del mundo y la fuerza arrolladora del esp\u00edritu es inconmensurable, como nos afirmaba Mara\u00f1\u00f3n al decirnos<em> \u201cCreo cada d\u00eda con mayor firmeza en el poder gigantesco del esp\u00edritu\u201d<\/em>, al hablarnos de la simple y modesta aspiraci\u00f3n de vivir. Y as\u00ed, nos afirma Jung, que la fuerza del mundo del subconsciente se nos revela por medio del lenguaje simb\u00f3lico.<\/p>\n<p style=\"text-align: justify;\">Una palabra o una imagen es simb\u00f3lica cuando representa algo m\u00e1s que su significado inmediato y obvio. \u00bfSer\u00eda el Doncel, como he afirmado al comienzo de nuestra charla, un arquetipo al estilo jungiano, como una incitaci\u00f3n continua al inconsciente? No hay duda que su contemplaci\u00f3n sugiere a cada persona una idea de cu\u00e1nto significa la efigie donceliana, una simbolizaci\u00f3n diversa, en la que participa sin duda la formaci\u00f3n personal de cada uno de los sujetos que la contemplan.<\/p>\n<p style=\"text-align: justify;\">Representa un sugerente mensaje, un permanente soplo de vida y esperanza cristiana en el m\u00e1s all\u00e1, con una vitalidad expresiva electrizante, impregnando de honda y sentida religiosidad la hora y el ambiente en que vivi\u00f3, y como afirma nuestro pol\u00edgrafo don Manuel Serrano Sanz, <em>\u201cSu genial autor supo, en horas de feliz inspiraci\u00f3n, comunicarle intensa vida, juntando en ello la serenidad del arte griego con el m\u00e1s intenso espiritualismo cristiano\u201d, <\/em>y como yo mismo expres\u00e9 en art\u00edculos anteriores<em> \u201cel joven Comendador santiaguista, es la misma tranquilidad del esp\u00edritu (ataraxia) hecha alabastro, en la m\u00e1s sublime espiritualidad cristiana\u201d.<\/em><\/p>\n<p style=\"text-align: justify;\">Y entre los elementos formas que se representan en su sepulcro, aparte de su vestimenta de guerrero santiaguista con toda su armadura, con daga y espada (de la cual falta la hoja que corr\u00eda a lo largo de su costado izquierdo), as\u00ed como sus pies cruzados, postura en la cual se enterraba a los \u201ccruzados\u201d, vemos a sus pies un le\u00f3n, que simboliza la resurrecci\u00f3n y un pajecillo doliente que expresa el sentimiento de la dulce y serena melancol\u00eda por la partida del ser querido y bajo el codo derecho donde se recuesta, un gran haz de laureles, que hablan de su hero\u00edsmo. Un punto m\u00e1s lo constituye el libro abierto que sostiene entre sus manos y lee reposadamente, que sin duda alguna es el libro por excelencia, y el libro reci\u00e9n nacido a la luz por la novedad de la imprenta en nuestra patria: la Biblia.<\/p>\n<p style=\"text-align: justify;\"><a href=\"https:\/\/i0.wp.com\/miradordeatarfe.es\/wp-content\/uploads\/2024\/05\/el-doncel-2.png?ssl=1\"><img data-recalc-dims=\"1\" loading=\"lazy\" decoding=\"async\" class=\"alignnone wp-image-68993 \" src=\"https:\/\/i0.wp.com\/miradordeatarfe.es\/wp-content\/uploads\/2024\/05\/el-doncel-2.png?resize=640%2C425&#038;ssl=1\" alt=\"\" width=\"640\" height=\"425\" srcset=\"https:\/\/i0.wp.com\/miradordeatarfe.es\/wp-content\/uploads\/2024\/05\/el-doncel-2.png?w=663&amp;ssl=1 663w, https:\/\/i0.wp.com\/miradordeatarfe.es\/wp-content\/uploads\/2024\/05\/el-doncel-2.png?resize=300%2C199&amp;ssl=1 300w\" sizes=\"auto, (max-width: 640px) 100vw, 640px\" \/><\/a><\/p>\n","protected":false},"excerpt":{"rendered":"<p>IV. Antes de hablar de su muerte heroica, avancemos un poco m\u00e1s en el conocimiento&#8230;<\/p>\n","protected":false},"author":1,"featured_media":68760,"comment_status":"closed","ping_status":"closed","sticky":false,"template":"","format":"standard","meta":{"_coblocks_attr":"","_coblocks_dimensions":"","_coblocks_responsive_height":"","_coblocks_accordion_ie_support":"","jetpack_post_was_ever_published":false,"_jetpack_newsletter_access":"","_jetpack_dont_email_post_to_subs":false,"_jetpack_newsletter_tier_id":0,"_jetpack_memberships_contains_paywalled_content":false,"_jetpack_memberships_contains_paid_content":false,"footnotes":"","jetpack_publicize_message":"","jetpack_publicize_feature_enabled":true,"jetpack_social_post_already_shared":true,"jetpack_social_options":{"image_generator_settings":{"template":"highway","default_image_id":0,"enabled":false},"version":2}},"categories":[1225,186,44,6539],"tags":[],"class_list":["post-68759","post","type-post","status-publish","format-standard","has-post-thumbnail","hentry","category-ha-de-atarfe","category-instituciones","category-noticias-de-hoy","category-personajes-de-ataref"],"jetpack_publicize_connections":[],"jetpack_featured_media_url":"https:\/\/i0.wp.com\/miradordeatarfe.es\/wp-content\/uploads\/2024\/04\/doncel-de-siguenza.jpg?fit=650%2C379&ssl=1","jetpack_likes_enabled":true,"jetpack_sharing_enabled":true,"_links":{"self":[{"href":"https:\/\/miradordeatarfe.es\/index.php?rest_route=\/wp\/v2\/posts\/68759","targetHints":{"allow":["GET"]}}],"collection":[{"href":"https:\/\/miradordeatarfe.es\/index.php?rest_route=\/wp\/v2\/posts"}],"about":[{"href":"https:\/\/miradordeatarfe.es\/index.php?rest_route=\/wp\/v2\/types\/post"}],"author":[{"embeddable":true,"href":"https:\/\/miradordeatarfe.es\/index.php?rest_route=\/wp\/v2\/users\/1"}],"replies":[{"embeddable":true,"href":"https:\/\/miradordeatarfe.es\/index.php?rest_route=%2Fwp%2Fv2%2Fcomments&post=68759"}],"version-history":[{"count":3,"href":"https:\/\/miradordeatarfe.es\/index.php?rest_route=\/wp\/v2\/posts\/68759\/revisions"}],"predecessor-version":[{"id":68994,"href":"https:\/\/miradordeatarfe.es\/index.php?rest_route=\/wp\/v2\/posts\/68759\/revisions\/68994"}],"wp:featuredmedia":[{"embeddable":true,"href":"https:\/\/miradordeatarfe.es\/index.php?rest_route=\/wp\/v2\/media\/68760"}],"wp:attachment":[{"href":"https:\/\/miradordeatarfe.es\/index.php?rest_route=%2Fwp%2Fv2%2Fmedia&parent=68759"}],"wp:term":[{"taxonomy":"category","embeddable":true,"href":"https:\/\/miradordeatarfe.es\/index.php?rest_route=%2Fwp%2Fv2%2Fcategories&post=68759"},{"taxonomy":"post_tag","embeddable":true,"href":"https:\/\/miradordeatarfe.es\/index.php?rest_route=%2Fwp%2Fv2%2Ftags&post=68759"}],"curies":[{"name":"wp","href":"https:\/\/api.w.org\/{rel}","templated":true}]}}