{"id":68763,"date":"2024-04-19T11:00:26","date_gmt":"2024-04-19T09:00:26","guid":{"rendered":"https:\/\/miradordeatarfe.es\/?p=68763"},"modified":"2024-04-17T13:44:54","modified_gmt":"2024-04-17T11:44:54","slug":"canal-sur-retransmite-la-semifinal-del-circuito-de-novilladas-de-andalucia-en-atarfe","status":"publish","type":"post","link":"https:\/\/miradordeatarfe.es\/?p=68763","title":{"rendered":"ATARFE:_Canal Sur retransmite la semifinal del Circuito de Novilladas de Andaluc\u00eda en Atarfe"},"content":{"rendered":"<h3 style=\"text-align: justify;\">Canal Sur retransmite en directo este <strong>s\u00e1bado 20 de abril l<\/strong>a semifinal del Circuito de Novilladas de Andaluc\u00eda que se celebrar\u00e1 en el coso de Atarfe (Granada) a partir de las <strong>18:00 horas<\/strong>, con una terna de novilleros compuesta por <strong>Pedro Gallego<\/strong> (Torreperogil, Ja\u00e9n), Javier L\u00f3pez <strong>Peregrino<\/strong> (Jerez, C\u00e1diz) y el <strong>Javier Zulueta<\/strong> (Sevilla).<\/h3>\n<p style=\"text-align: justify;\">El equipo taurino de Canal Sur encargado de narrar esta <strong>lidia con picadores<\/strong> desde la plaza de toros atarfe\u00f1a, estar\u00e1 encabezado por <strong>Enrique Romero<\/strong>, quien contar\u00e1 con el apoyo en los comentarios del <strong>Maestro Ruiz Miguel<\/strong> y tambi\u00e9n de <strong>Noelia L\u00f3pez<\/strong>, que desde su posici\u00f3n en el callej\u00f3n reflejar\u00e1 el ambiente y sensaciones de esta novillada.<\/p>\n<p style=\"text-align: justify;\">Los j\u00f3venes lidiar\u00e1n un total de seis novillos de la ganader\u00eda de Murube en esta primera semifinal del Circuito de Novilladas de Andaluc\u00eda, que organiza la Fundaci\u00f3n del Toro de Lidia con la colaboraci\u00f3n de la Junta de Andaluc\u00eda.<\/p>\n<p style=\"text-align: justify;\"><strong>Fecha de emisi\u00f3n: s\u00e1bado, 20 de abril de 2024, 18:00 horas en Canal Sur Televisi\u00f3n. <\/strong><\/p>\n<h3 style=\"text-align: justify;\">VENTA DE ENTRADAS EN EL CENTRO CULTURAL MEDINA ELVIRA;<\/h3>\n<h3><a href=\"https:\/\/www.giglon.com\/todos?idEvent=seminifinal-novillada-con-picadores-en-atarfe\">https:\/\/www.giglon.com\/todos?idEvent=seminifinal-novillada-con-picadores-en-atarfe<\/a><\/h3>\n<p>&nbsp;<\/p>\n<p><a href=\"https:\/\/i0.wp.com\/miradordeatarfe.es\/wp-content\/uploads\/2024\/04\/3-58340x1-y0u2n.jpeg?ssl=1\"><img data-recalc-dims=\"1\" loading=\"lazy\" decoding=\"async\" class=\"alignnone wp-image-68765 \" src=\"https:\/\/i0.wp.com\/miradordeatarfe.es\/wp-content\/uploads\/2024\/04\/3-58340x1-y0u2n.jpeg?resize=640%2C1280&#038;ssl=1\" alt=\"\" width=\"640\" height=\"1280\" srcset=\"https:\/\/i0.wp.com\/miradordeatarfe.es\/wp-content\/uploads\/2024\/04\/3-58340x1-y0u2n.jpeg?w=800&amp;ssl=1 800w, https:\/\/i0.wp.com\/miradordeatarfe.es\/wp-content\/uploads\/2024\/04\/3-58340x1-y0u2n.jpeg?resize=150%2C300&amp;ssl=1 150w, https:\/\/i0.wp.com\/miradordeatarfe.es\/wp-content\/uploads\/2024\/04\/3-58340x1-y0u2n.jpeg?resize=512%2C1024&amp;ssl=1 512w, https:\/\/i0.wp.com\/miradordeatarfe.es\/wp-content\/uploads\/2024\/04\/3-58340x1-y0u2n.jpeg?resize=768%2C1536&amp;ssl=1 768w\" sizes=\"auto, (max-width: 640px) 100vw, 640px\" \/><\/a><\/p>\n<p>&nbsp;<\/p>\n<p><a href=\"https:\/\/i0.wp.com\/miradordeatarfe.es\/wp-content\/uploads\/2024\/04\/437659809_933580795435021_7157745166764103954_n.jpg?ssl=1\"><img data-recalc-dims=\"1\" loading=\"lazy\" decoding=\"async\" class=\"alignnone wp-image-68771 size-full\" src=\"https:\/\/i0.wp.com\/miradordeatarfe.es\/wp-content\/uploads\/2024\/04\/437659809_933580795435021_7157745166764103954_n.jpg?resize=640%2C800&#038;ssl=1\" alt=\"\" width=\"640\" height=\"800\" srcset=\"https:\/\/i0.wp.com\/miradordeatarfe.es\/wp-content\/uploads\/2024\/04\/437659809_933580795435021_7157745166764103954_n.jpg?w=864&amp;ssl=1 864w, https:\/\/i0.wp.com\/miradordeatarfe.es\/wp-content\/uploads\/2024\/04\/437659809_933580795435021_7157745166764103954_n.jpg?resize=240%2C300&amp;ssl=1 240w, https:\/\/i0.wp.com\/miradordeatarfe.es\/wp-content\/uploads\/2024\/04\/437659809_933580795435021_7157745166764103954_n.jpg?resize=819%2C1024&amp;ssl=1 819w, https:\/\/i0.wp.com\/miradordeatarfe.es\/wp-content\/uploads\/2024\/04\/437659809_933580795435021_7157745166764103954_n.jpg?resize=768%2C960&amp;ssl=1 768w\" sizes=\"auto, (max-width: 640px) 100vw, 640px\" \/><\/a><\/p>\n<p><a href=\"https:\/\/i0.wp.com\/miradordeatarfe.es\/wp-content\/uploads\/2024\/04\/437748113_933580755435025_8134545424504731842_n.jpg?ssl=1\"><img data-recalc-dims=\"1\" loading=\"lazy\" decoding=\"async\" class=\"alignnone wp-image-68770 size-full\" src=\"https:\/\/i0.wp.com\/miradordeatarfe.es\/wp-content\/uploads\/2024\/04\/437748113_933580755435025_8134545424504731842_n.jpg?resize=640%2C800&#038;ssl=1\" alt=\"\" width=\"640\" height=\"800\" srcset=\"https:\/\/i0.wp.com\/miradordeatarfe.es\/wp-content\/uploads\/2024\/04\/437748113_933580755435025_8134545424504731842_n.jpg?w=1023&amp;ssl=1 1023w, https:\/\/i0.wp.com\/miradordeatarfe.es\/wp-content\/uploads\/2024\/04\/437748113_933580755435025_8134545424504731842_n.jpg?resize=240%2C300&amp;ssl=1 240w, https:\/\/i0.wp.com\/miradordeatarfe.es\/wp-content\/uploads\/2024\/04\/437748113_933580755435025_8134545424504731842_n.jpg?resize=819%2C1024&amp;ssl=1 819w, https:\/\/i0.wp.com\/miradordeatarfe.es\/wp-content\/uploads\/2024\/04\/437748113_933580755435025_8134545424504731842_n.jpg?resize=768%2C960&amp;ssl=1 768w\" sizes=\"auto, (max-width: 640px) 100vw, 640px\" \/><\/a><\/p>\n","protected":false},"excerpt":{"rendered":"<p>Canal Sur retransmite en directo este s\u00e1bado 20 de abril la semifinal del Circuito de&#8230;<\/p>\n","protected":false},"author":1,"featured_media":68766,"comment_status":"closed","ping_status":"closed","sticky":false,"template":"","format":"standard","meta":{"_coblocks_attr":"","_coblocks_dimensions":"","_coblocks_responsive_height":"","_coblocks_accordion_ie_support":"","jetpack_post_was_ever_published":false,"_jetpack_newsletter_access":"","_jetpack_dont_email_post_to_subs":false,"_jetpack_newsletter_tier_id":0,"_jetpack_memberships_contains_paywalled_content":false,"_jetpack_memberships_contains_paid_content":false,"footnotes":"","jetpack_publicize_message":"","jetpack_publicize_feature_enabled":true,"jetpack_social_post_already_shared":true,"jetpack_social_options":{"image_generator_settings":{"template":"highway","default_image_id":0,"enabled":false},"version":2}},"categories":[6916,44,6937],"tags":[],"class_list":["post-68763","post","type-post","status-publish","format-standard","has-post-thumbnail","hentry","category-ayuntamiento-de-atarfe","category-noticias-de-hoy","category-sociedad"],"jetpack_publicize_connections":[],"jetpack_featured_media_url":"https:\/\/i0.wp.com\/miradordeatarfe.es\/wp-content\/uploads\/2024\/04\/NOVILLADA.png?fit=835%2C600&ssl=1","jetpack_likes_enabled":true,"jetpack_sharing_enabled":true,"_links":{"self":[{"href":"https:\/\/miradordeatarfe.es\/index.php?rest_route=\/wp\/v2\/posts\/68763","targetHints":{"allow":["GET"]}}],"collection":[{"href":"https:\/\/miradordeatarfe.es\/index.php?rest_route=\/wp\/v2\/posts"}],"about":[{"href":"https:\/\/miradordeatarfe.es\/index.php?rest_route=\/wp\/v2\/types\/post"}],"author":[{"embeddable":true,"href":"https:\/\/miradordeatarfe.es\/index.php?rest_route=\/wp\/v2\/users\/1"}],"replies":[{"embeddable":true,"href":"https:\/\/miradordeatarfe.es\/index.php?rest_route=%2Fwp%2Fv2%2Fcomments&post=68763"}],"version-history":[{"count":5,"href":"https:\/\/miradordeatarfe.es\/index.php?rest_route=\/wp\/v2\/posts\/68763\/revisions"}],"predecessor-version":[{"id":68773,"href":"https:\/\/miradordeatarfe.es\/index.php?rest_route=\/wp\/v2\/posts\/68763\/revisions\/68773"}],"wp:featuredmedia":[{"embeddable":true,"href":"https:\/\/miradordeatarfe.es\/index.php?rest_route=\/wp\/v2\/media\/68766"}],"wp:attachment":[{"href":"https:\/\/miradordeatarfe.es\/index.php?rest_route=%2Fwp%2Fv2%2Fmedia&parent=68763"}],"wp:term":[{"taxonomy":"category","embeddable":true,"href":"https:\/\/miradordeatarfe.es\/index.php?rest_route=%2Fwp%2Fv2%2Fcategories&post=68763"},{"taxonomy":"post_tag","embeddable":true,"href":"https:\/\/miradordeatarfe.es\/index.php?rest_route=%2Fwp%2Fv2%2Ftags&post=68763"}],"curies":[{"name":"wp","href":"https:\/\/api.w.org\/{rel}","templated":true}]}}