{"id":68803,"date":"2024-04-19T11:20:59","date_gmt":"2024-04-19T09:20:59","guid":{"rendered":"https:\/\/miradordeatarfe.es\/?p=68803"},"modified":"2024-04-19T12:35:17","modified_gmt":"2024-04-19T10:35:17","slug":"ayuntamiento-de-atarfe-atencion-cambio-de-fecha-de-la-charla-acepta-y-vuela-impartida-por-mara-jimenez","status":"publish","type":"post","link":"https:\/\/miradordeatarfe.es\/?p=68803","title":{"rendered":"AYUNTAMIENTO DE ATARFE: \u00a1ATENCI\u00d3N! \u00a1CAMBIO DE FECHA! de la charla \u00abAcepta y vuela\u00bb impartida por Mara Jim\u00e9nez"},"content":{"rendered":"<h3 style=\"text-align: justify;\">\u00a0Debido a la gran demanda de asistencia a este evento, y con el objetivo de poder atender todas las peticiones, tenemos una gran noticia para todos\/as vosotros\/as: <strong>La charla se va a realizar en el Auditorio del Centro Cultural Medina Elvira, para lo cual tambi\u00e9n nos vemos obligados a cambiar la fecha al pr\u00f3ximo 14 de Mayo.<\/strong><\/h3>\n<h3 style=\"text-align: justify;\">\u00a0Puedes conseguir tu invitaci\u00f3n gratuita<\/h3>\n<ul style=\"text-align: justify;\">\n<li>\n<h3>en la taquilla del Centro Cultural Medina Elvira<\/h3>\n<\/li>\n<li>\n<h3>o en el siguiente enlace:\u00a0 <a href=\"https:\/\/www.giglon.com\/todos?idEvent=acepta-y-vuela-atarfe\">https:\/\/www.giglon.com\/todos?idEvent=acepta-y-vuela-atarfe<\/a><\/h3>\n<\/li>\n<\/ul>\n<p style=\"text-align: justify;\">ATENCI\u00d3N! Los\/as que ya hab\u00edais conseguido vuestra invitaci\u00f3n, ten\u00e9is que volver a solicitarla. Disculpad las molestias, pero ahora podr\u00e9is elegir vuestro asiento.<\/p>\n<p style=\"text-align: justify;\">\u00a1No te quedes sin tu invitaci\u00f3n!<\/p>\n<p style=\"text-align: justify;\">Mara Jim\u00e9nez, reconocida artista multidisciplinar, creadora de contenido, Integradora Social, y una de las 100 mejores influencers seg\u00fan la revista Forbes, a trav\u00e9s de su cuenta @croquetamente_, se ha convertido en una voz destacada en temas de salud mental y gordofobia.<\/p>\n<p style=\"text-align: justify;\"><strong>\u00a0Fecha: Martes, 14 de Mayo<\/strong><br \/>\n<strong>Hora: 19:00<\/strong><br \/>\n<strong>Lugar: Centro Cultural Medina Elvira<\/strong><\/p>\n<p style=\"text-align: justify;\">En esta charla, Mara compartir\u00e1 su historia, abordando temas cruciales como el bullying, los trastornos de la conducta alimentaria (TCA), la autoestima, el impacto de las redes sociales y la gordofobia. Ser\u00e1 una oportunidad para que los asistentes compartan sus experiencias y aprendan a trav\u00e9s de din\u00e1micas interactivas, fomentando el amor propio.<\/p>\n<p style=\"text-align: justify;\">Charla recomendada para mayores de 12 a\u00f1os.<\/p>\n<p style=\"text-align: justify;\">No pierdas la oportunidad de ser parte de este di\u00e1logo transformador y de un hecho hist\u00f3rico para nuestra ciudad. \u00a1Nos vemos en el Centro Cultural Medina Elvira para volar juntos hacia el amor propio y la aceptaci\u00f3n!<\/p>\n<p style=\"text-align: justify;\"><a href=\"https:\/\/i0.wp.com\/miradordeatarfe.es\/wp-content\/uploads\/2024\/04\/CHARLA-2.jpg?ssl=1\"><img data-recalc-dims=\"1\" loading=\"lazy\" decoding=\"async\" class=\"alignnone wp-image-68823 size-full\" src=\"https:\/\/i0.wp.com\/miradordeatarfe.es\/wp-content\/uploads\/2024\/04\/CHARLA-2.jpg?resize=640%2C905&#038;ssl=1\" alt=\"\" width=\"640\" height=\"905\" srcset=\"https:\/\/i0.wp.com\/miradordeatarfe.es\/wp-content\/uploads\/2024\/04\/CHARLA-2.jpg?w=1448&amp;ssl=1 1448w, https:\/\/i0.wp.com\/miradordeatarfe.es\/wp-content\/uploads\/2024\/04\/CHARLA-2.jpg?resize=212%2C300&amp;ssl=1 212w, https:\/\/i0.wp.com\/miradordeatarfe.es\/wp-content\/uploads\/2024\/04\/CHARLA-2.jpg?resize=724%2C1024&amp;ssl=1 724w, https:\/\/i0.wp.com\/miradordeatarfe.es\/wp-content\/uploads\/2024\/04\/CHARLA-2.jpg?resize=768%2C1086&amp;ssl=1 768w, https:\/\/i0.wp.com\/miradordeatarfe.es\/wp-content\/uploads\/2024\/04\/CHARLA-2.jpg?resize=1086%2C1536&amp;ssl=1 1086w, https:\/\/i0.wp.com\/miradordeatarfe.es\/wp-content\/uploads\/2024\/04\/CHARLA-2.jpg?resize=1024%2C1448&amp;ssl=1 1024w, https:\/\/i0.wp.com\/miradordeatarfe.es\/wp-content\/uploads\/2024\/04\/CHARLA-2.jpg?resize=1320%2C1867&amp;ssl=1 1320w\" sizes=\"auto, (max-width: 640px) 100vw, 640px\" \/><\/a><\/p>\n","protected":false},"excerpt":{"rendered":"<p>\u00a0Debido a la gran demanda de asistencia a este evento, y con el objetivo de&#8230;<\/p>\n","protected":false},"author":1,"featured_media":68808,"comment_status":"closed","ping_status":"closed","sticky":false,"template":"","format":"standard","meta":{"_coblocks_attr":"","_coblocks_dimensions":"","_coblocks_responsive_height":"","_coblocks_accordion_ie_support":"","jetpack_post_was_ever_published":false,"_jetpack_newsletter_access":"","_jetpack_dont_email_post_to_subs":false,"_jetpack_newsletter_tier_id":0,"_jetpack_memberships_contains_paywalled_content":false,"_jetpack_memberships_contains_paid_content":false,"footnotes":"","jetpack_publicize_message":"","jetpack_publicize_feature_enabled":true,"jetpack_social_post_already_shared":true,"jetpack_social_options":{"image_generator_settings":{"template":"highway","default_image_id":0,"enabled":false},"version":2}},"categories":[6916,1161,44],"tags":[],"class_list":["post-68803","post","type-post","status-publish","format-standard","has-post-thumbnail","hentry","category-ayuntamiento-de-atarfe","category-ciudadania","category-noticias-de-hoy"],"jetpack_publicize_connections":[],"jetpack_featured_media_url":"https:\/\/i0.wp.com\/miradordeatarfe.es\/wp-content\/uploads\/2024\/04\/Imagen-de-WhatsApp-2024-04-18-a-las-15.10.40_73cd287d-1.jpg?fit=1131%2C1141&ssl=1","jetpack_likes_enabled":true,"jetpack_sharing_enabled":true,"_links":{"self":[{"href":"https:\/\/miradordeatarfe.es\/index.php?rest_route=\/wp\/v2\/posts\/68803","targetHints":{"allow":["GET"]}}],"collection":[{"href":"https:\/\/miradordeatarfe.es\/index.php?rest_route=\/wp\/v2\/posts"}],"about":[{"href":"https:\/\/miradordeatarfe.es\/index.php?rest_route=\/wp\/v2\/types\/post"}],"author":[{"embeddable":true,"href":"https:\/\/miradordeatarfe.es\/index.php?rest_route=\/wp\/v2\/users\/1"}],"replies":[{"embeddable":true,"href":"https:\/\/miradordeatarfe.es\/index.php?rest_route=%2Fwp%2Fv2%2Fcomments&post=68803"}],"version-history":[{"count":3,"href":"https:\/\/miradordeatarfe.es\/index.php?rest_route=\/wp\/v2\/posts\/68803\/revisions"}],"predecessor-version":[{"id":68824,"href":"https:\/\/miradordeatarfe.es\/index.php?rest_route=\/wp\/v2\/posts\/68803\/revisions\/68824"}],"wp:featuredmedia":[{"embeddable":true,"href":"https:\/\/miradordeatarfe.es\/index.php?rest_route=\/wp\/v2\/media\/68808"}],"wp:attachment":[{"href":"https:\/\/miradordeatarfe.es\/index.php?rest_route=%2Fwp%2Fv2%2Fmedia&parent=68803"}],"wp:term":[{"taxonomy":"category","embeddable":true,"href":"https:\/\/miradordeatarfe.es\/index.php?rest_route=%2Fwp%2Fv2%2Fcategories&post=68803"},{"taxonomy":"post_tag","embeddable":true,"href":"https:\/\/miradordeatarfe.es\/index.php?rest_route=%2Fwp%2Fv2%2Ftags&post=68803"}],"curies":[{"name":"wp","href":"https:\/\/api.w.org\/{rel}","templated":true}]}}