{"id":68816,"date":"2024-05-11T09:50:33","date_gmt":"2024-05-11T07:50:33","guid":{"rendered":"https:\/\/miradordeatarfe.es\/?p=68816"},"modified":"2024-04-18T16:58:51","modified_gmt":"2024-04-18T14:58:51","slug":"la-proxima-recesion-se-llama-cambio-climatico","status":"publish","type":"post","link":"https:\/\/miradordeatarfe.es\/?p=68816","title":{"rendered":"\u00bfLa pr\u00f3xima recesi\u00f3n se llama cambio clim\u00e1tico?"},"content":{"rendered":"<h3 class=\"v-a-epi\" style=\"text-align: justify;\">ODS 13 | Acci\u00f3n por el clima \u00b7 El cambio clim\u00e1tico se comer\u00e1 anualmente el equivalente al 2,46% del PIB espa\u00f1ol en los pr\u00f3ximos a\u00f1os, seg\u00fan una investigaci\u00f3n a nivel mundial<\/h3>\n<p class=\"v-p\" style=\"text-align: justify;\">Un total de 35.000 millones de euros. O lo que es lo mismo el 2,46% del PIB de Espa\u00f1a o el presupuesto anual del Ministerio de Inclusi\u00f3n, Seguridad Social y Migraciones (35.977 millones de euros) o tres veces el dinero disponible que tiene Margarita Robles para gestionar el Ministerio de Defensa de Espa\u00f1a (12.825 millones de euros) o los ingresos anuales de Inditex en 2022. Esta es la cifra que cada a\u00f1o se come el cambio clim\u00e1tico de la econom\u00eda mundial.<\/p>\n<div class=\"paywall container-wall-exclusive\" data-mrf-recirculation=\"Link art\u00edculos\">\n<p class=\"v-p\" style=\"text-align: justify;\">\u00abNuestro an\u00e1lisis muestra que el cambio clim\u00e1tico causar\u00e1 da\u00f1os econ\u00f3micos masivos en los pr\u00f3ximos 25 a\u00f1os en casi todos los pa\u00edses del mundo\u00bb, se\u00f1ala Leonie Wenz, autora de la investigaci\u00f3n y miembro del Instituto de Potsdam para la investigaci\u00f3n del impacto clim\u00e1tico (PIK). La investigaci\u00f3n, publicada este mi\u00e9rcoles en la revista Nature, revela que los da\u00f1os globales producidos por el cambio clim\u00e1tico ascienden a los 38.000 millones de d\u00f3lares, unos 35.000 millones de euros al cambio actual. Aunque la horquilla de p\u00e9rdidas es m\u00e1s amplia y va desde los 18.000 millones de euros hasta los 55.500 millones hasta 2050. \u00abY afectar\u00e1 a la mayor\u00eda de las regiones del mundo\u00bb, apuntan los investigadores.<\/p>\n<p class=\"v-p\" style=\"text-align: justify;\">Por pa\u00edses, las proyecciones se\u00f1alan que la renta media per c\u00e1pita en Espa\u00f1a podr\u00eda llegar reducirse el 17,8% de aqu\u00ed a mediados de siglo, en comparaci\u00f3n con un escenario sin cambio clim\u00e1tico. En Italia ser\u00eda del 15%; Francia 13%; Alemania 11,1% y en Estados Unidos del 11,2%. Entre los pa\u00edses m\u00e1s afectados, Mauritania (26,4) o Sud\u00e1n (26,2) y en el extremo opuesto Mongolia (1,1) o Noruega (1,4).<\/p>\n<p class=\"v-p\" style=\"text-align: justify;\">Sin embargo, la factura se eleva a medida que avanzan los a\u00f1os y se alcanza el final del S.XXI. Las p\u00e9rdidas econ\u00f3micas ser\u00e1n un 60% mayores al llegar 2100 y afectar\u00e1n, especialmente, al sur global. \u00abSe prev\u00e9 que los pa\u00edses menos responsables del cambio clim\u00e1tico sufrir\u00e1n una mayor p\u00e9rdida\u00bb, explica Wenz. Una realidad que ya es visible y es objeto de debate en cada reuni\u00f3n que tiene como centro de debate el impacto del cambio clim\u00e1tico.<\/p>\n<p class=\"v-p\" style=\"text-align: justify;\">Pakist\u00e1n es responsable de menos del 1% de los gases que calientan el planeta, seg\u00fan muestran los datos de la Uni\u00f3n Europea, pero es la octava naci\u00f3n m\u00e1s vulnerable a la crisis clim\u00e1tica y est\u00e1 pagando un alto precio, no solo con vidas sino tambi\u00e9n con escuelas, casas y puentes destruidos. En 2022, unas inundaciones hist\u00f3ricas dejaron a medio pa\u00eds sumergido bajo el agua con un coste de 10.000 millones de euros, seg\u00fan varias organizaciones no gubernamentales, y que suponen el 2,6% del total de su producto interior bruto.<\/p>\n<p class=\"v-p\" style=\"text-align: justify;\">\u00abEl pueblo de Pakist\u00e1n est\u00e1 pagando el precio con sus vidas, sus medios de subsistencia por la industrializaci\u00f3n de los pa\u00edses ricos que ha resultado en este cambio clim\u00e1tico\u00bb, denunci\u00f3 en 2022 el ejecutivo pakistan\u00ed. Este ejemplo no es el \u00fanico, el Cuerno de \u00c1frica tambi\u00e9n tiene p\u00e9rdidas millonarias por la sequ\u00eda y muchos estados insulares del Pac\u00edfico han perdido hect\u00e1reas de cultivo por la subida del mar. Las proyecciones apuntan a que los menos responsables por el cambio clim\u00e1tico sufrir\u00e1n una p\u00e9rdida de ingresos un 60% mayor que la de los pa\u00edses de mayores ingresos y un 40% mayor que la de los pa\u00edses con mayores emisiones. Adem\u00e1s, tambi\u00e9n son los que tienen menos recursos para adaptarse a sus impactos.<\/p>\n<p class=\"v-p\" style=\"text-align: justify;\">Para ello, en la \u00faltima cumbre del clima celebrada en Dub\u00e1i (Emiratos \u00c1rabes Unidos), todos los pa\u00edses representados en la Convenci\u00f3n Marco de las Naciones Unidas sobre el Cambio Clim\u00e1tico (CMNUCC) acordaron por unanimidad poner en marcha un Fondo de P\u00e9rdidas y Da\u00f1os para los pa\u00edses m\u00e1s afectados por los impactos del calentamiento global. Sin embargo, lo recaudado hasta el momento apenas llega al 0,2% del total. \u00abEstos da\u00f1os a corto plazo son el resultado de nuestras emisiones pasadas\u00bb, alerta Wenz. \u00abLa temperatura del planeta s\u00f3lo podr\u00e1 estabilizarse si dejamos de quemar petr\u00f3leo, gas y carb\u00f3n\u00bb, afirma Anders Levermann, jefe del Departamento de Investigaci\u00f3n de Ciencias de la Complejidad del Instituto de Potsdam y coautor del estudio.<\/p>\n<div class=\"v-c-cmp v-c-cmp--t1 v-bdr-t-b\">\n<div class=\"v-cmp-exp\">\n<article class=\"v-a v-a--cmp-exp v-a--p-t\">\n<div class=\"v-a-info-c \">\n<h3 class=\"v-a-t\" style=\"text-align: justify;\">La ciencia descarta un escenario grave de calentamiento global<\/h3>\n<p class=\"v-p\" style=\"text-align: justify;\"><em>A medida que el di\u00f3xido de carbono y otros gases de efecto invernadero se acumulan en la atm\u00f3sfera, los cient\u00edficos buscan patrones para determinar el futuro y el contexto del planeta. Una reciente investigaci\u00f3n de la Universidad de Washington, tomando como referencia la \u00faltima Edad de Hielo, revela que la Tierra se encamina a un escenario probable de temperaturas medias globales superiores a los 2 grados con respecto a la era preindustrial e, incluso \u00abpodr\u00eda ser de hasta 3 grados\u00bb, afirman los autores. Sin embargo, s\u00ed descartan llegar a una \u00absituaci\u00f3n catastr\u00f3fica\u00bb de 5 grados de calentamiento<\/em>.<\/p>\n<\/div>\n<\/article>\n<\/div>\n<\/div>\n<\/div>\n<p>&nbsp;<\/p>\n<p><a href=\"https:\/\/www.ideal.es\/autor\/jose-a-gonzalez-4817.html\"><strong>Jos\u00e9 A. Gonz\u00e1lez<\/strong><\/a><\/p>\n<p><span class=\"v-fc__text\">FOTO:Vista a trav\u00e9s de una tuber\u00eda de la chimenea de una central t\u00e9rmica en Pek\u00edn, China.<\/span> <span class=\"v-fc__ath\">Reuters<\/span><\/p>\n<p>https:\/\/www.ideal.es\/antropia\/proxima-recesion-llama-cambio-climatico-20240417170109-ntrc.html<\/p>\n<div class=\"v-d v-d--ab-c v-d--bs\">\n<div class=\"v-mdl-ath \" data-voc-component=\"viewport-not-visible\">\n<div class=\"v-mdl-ath__c v-mdl-ath__c--1\">\n<div class=\"v-mdl-ath__inf\">\n<p class=\"v-mdl-ath__p v-mdl-ath__p--2\">\u00a0<\/p>\n<\/div>\n<\/div>\n<\/div>\n<\/div>\n","protected":false},"excerpt":{"rendered":"<p>ODS 13 | Acci\u00f3n por el clima \u00b7 El cambio clim\u00e1tico se comer\u00e1 anualmente el&#8230;<\/p>\n","protected":false},"author":1,"featured_media":68817,"comment_status":"closed","ping_status":"closed","sticky":false,"template":"","format":"standard","meta":{"_coblocks_attr":"","_coblocks_dimensions":"","_coblocks_responsive_height":"","_coblocks_accordion_ie_support":"","jetpack_post_was_ever_published":false,"_jetpack_newsletter_access":"","_jetpack_dont_email_post_to_subs":false,"_jetpack_newsletter_tier_id":0,"_jetpack_memberships_contains_paywalled_content":false,"_jetpack_memberships_contains_paid_content":false,"footnotes":"","jetpack_publicize_message":"","jetpack_publicize_feature_enabled":true,"jetpack_social_post_already_shared":true,"jetpack_social_options":{"image_generator_settings":{"template":"highway","default_image_id":0,"enabled":false},"version":2}},"categories":[7725,9,44,6937],"tags":[],"class_list":["post-68816","post","type-post","status-publish","format-standard","has-post-thumbnail","hentry","category-atarfe-sostenible","category-medio-ambiente","category-noticias-de-hoy","category-sociedad"],"jetpack_publicize_connections":[],"jetpack_featured_media_url":"https:\/\/i0.wp.com\/miradordeatarfe.es\/wp-content\/uploads\/2024\/04\/GAS-CHINA-kTdH-U2102123930427R9E-1200x840%40RC.webp?fit=1200%2C840&ssl=1","jetpack_likes_enabled":true,"jetpack_sharing_enabled":true,"_links":{"self":[{"href":"https:\/\/miradordeatarfe.es\/index.php?rest_route=\/wp\/v2\/posts\/68816","targetHints":{"allow":["GET"]}}],"collection":[{"href":"https:\/\/miradordeatarfe.es\/index.php?rest_route=\/wp\/v2\/posts"}],"about":[{"href":"https:\/\/miradordeatarfe.es\/index.php?rest_route=\/wp\/v2\/types\/post"}],"author":[{"embeddable":true,"href":"https:\/\/miradordeatarfe.es\/index.php?rest_route=\/wp\/v2\/users\/1"}],"replies":[{"embeddable":true,"href":"https:\/\/miradordeatarfe.es\/index.php?rest_route=%2Fwp%2Fv2%2Fcomments&post=68816"}],"version-history":[{"count":1,"href":"https:\/\/miradordeatarfe.es\/index.php?rest_route=\/wp\/v2\/posts\/68816\/revisions"}],"predecessor-version":[{"id":68818,"href":"https:\/\/miradordeatarfe.es\/index.php?rest_route=\/wp\/v2\/posts\/68816\/revisions\/68818"}],"wp:featuredmedia":[{"embeddable":true,"href":"https:\/\/miradordeatarfe.es\/index.php?rest_route=\/wp\/v2\/media\/68817"}],"wp:attachment":[{"href":"https:\/\/miradordeatarfe.es\/index.php?rest_route=%2Fwp%2Fv2%2Fmedia&parent=68816"}],"wp:term":[{"taxonomy":"category","embeddable":true,"href":"https:\/\/miradordeatarfe.es\/index.php?rest_route=%2Fwp%2Fv2%2Fcategories&post=68816"},{"taxonomy":"post_tag","embeddable":true,"href":"https:\/\/miradordeatarfe.es\/index.php?rest_route=%2Fwp%2Fv2%2Ftags&post=68816"}],"curies":[{"name":"wp","href":"https:\/\/api.w.org\/{rel}","templated":true}]}}