{"id":68825,"date":"2024-04-20T11:40:07","date_gmt":"2024-04-20T09:40:07","guid":{"rendered":"https:\/\/miradordeatarfe.es\/?p=68825"},"modified":"2024-04-19T13:01:31","modified_gmt":"2024-04-19T11:01:31","slug":"atarfe-participa-en-el-concurso-de-cruces-de-mayo-2024","status":"publish","type":"post","link":"https:\/\/miradordeatarfe.es\/?p=68825","title":{"rendered":"ATARFE: \u00a1Participa en el Concurso de Cruces de Mayo 2024!"},"content":{"rendered":"<h3 style=\"text-align: justify;\"><span class=\"x193iq5w xeuugli x13faqbe x1vvkbs x1xmvt09 x1lliihq x1s928wv xhkezso x1gmr53x x1cpjm7i x1fgarty x1943h6x xudqn12 x3x7a5m x6prxxf xvq8zen xo1l8bm xzsf02u\" dir=\"auto\">\u00a1Ya falta muy poco para la Fiesta del D\u00eda de la Cruz, y el Ayuntamiento de\u00a0 Atarfe desea que nuestro pueblo vibre con m\u00e1s color y alegr\u00eda que nunca los pr\u00f3ximos d\u00edas 3, 4 y 5 de Mayo ! <br class=\"html-br\" \/><br \/>\n<\/span><\/h3>\n<p style=\"text-align: justify;\">Podr\u00e1n inscribirse para participar en el Concurso de Cruces aquellas personas f\u00edsicas o personas jur\u00eddicas debidamente constituidas que as\u00ed lo deseen e instalen una Cruz de Mayo, en el municipio de Atarfe.<\/p>\n<p style=\"text-align: justify;\">La inscripci\u00f3n deber\u00e1 efectuarse al correo electr\u00f3nico <a href=\"mailto:juventud@atarfe.es\">juventud@atarfe.es<\/a>, en el modelo de solicitud que se acompa\u00f1a, desde la publicaci\u00f3n de las bases hasta las 12 horas del d\u00eda 29 de abril de 2024.<br \/>\nCon dicha inscripci\u00f3n se aceptan estas bases. El Ayuntamiento se reserva la competencia para resolver cualquier reclamaci\u00f3n que se produzca.<\/p>\n<p style=\"text-align: justify;\"><span class=\"x193iq5w xeuugli x13faqbe x1vvkbs x1xmvt09 x1lliihq x1s928wv xhkezso x1gmr53x x1cpjm7i x1fgarty x1943h6x xudqn12 x3x7a5m x6prxxf xvq8zen xo1l8bm xzsf02u\" dir=\"auto\">\u00a0<strong>Inscripci\u00f3n: Abierta hasta el 29 de Abril a las 12:00<\/strong><br class=\"html-br\" \/><br \/>\n<br class=\"html-br\" \/><br \/>\n<strong>\u00a0Premios:<\/strong><br class=\"html-br\" \/><br \/>\n<br class=\"html-br\" \/><br \/>\n<strong>\u00a0Primer lugar: 300\u20ac<\/strong><br class=\"html-br\" \/><br \/>\n<strong>\u00a0Segundo lugar: 200\u20ac<\/strong><br class=\"html-br\" \/><br \/>\n<strong>\u00a0Tercer lugar: 150\u20ac<\/strong><\/span><\/p>\n<p style=\"text-align: justify;\"><span class=\"x193iq5w xeuugli x13faqbe x1vvkbs x1xmvt09 x1lliihq x1s928wv xhkezso x1gmr53x x1cpjm7i x1fgarty x1943h6x xudqn12 x3x7a5m x6prxxf xvq8zen xo1l8bm xzsf02u\" dir=\"auto\">El Jurado ser\u00e1 designado por la Concejal\u00eda de Fiestas y estar\u00e1 compuesto por un Presidente y dos Vocales. El Jurado visitar\u00e1 las Cruces inscritas <strong>el d\u00eda 3 de mayo<\/strong>, por la tarde, hora en que<br \/>\ndeber\u00e1 estar finalizada la ornamentaci\u00f3n completa de cada Cruz que participe en el Concurso.<br \/>\n<\/span><\/p>\n<p style=\"text-align: justify;\"><span class=\"x193iq5w xeuugli x13faqbe x1vvkbs x1xmvt09 x1lliihq x1s928wv xhkezso x1gmr53x x1cpjm7i x1fgarty x1943h6x xudqn12 x3x7a5m x6prxxf xvq8zen xo1l8bm xzsf02u\" dir=\"auto\">El Jurado iniciar\u00e1 el recorrido teniendo en cuenta la ubicaci\u00f3n de las cruces inscritas.<br class=\"html-br\" \/><br \/>\n<br class=\"html-br\" \/><br \/>\n\u00a0Participa y muestra tu creatividad decorando una cruz tradicional, contribuyendo a la belleza y el esp\u00edritu festivo de nuestro pueblo. <\/span><\/p>\n<p style=\"text-align: justify;\"><span class=\"x193iq5w xeuugli x13faqbe x1vvkbs x1xmvt09 x1lliihq x1s928wv xhkezso x1gmr53x x1cpjm7i x1fgarty x1943h6x xudqn12 x3x7a5m x6prxxf xvq8zen xo1l8bm xzsf02u\" dir=\"auto\"><a href=\"https:\/\/i0.wp.com\/miradordeatarfe.es\/wp-content\/uploads\/2024\/04\/CRUCES.jpg?ssl=1\"><img data-recalc-dims=\"1\" loading=\"lazy\" decoding=\"async\" class=\"alignnone wp-image-68826 size-full\" src=\"https:\/\/i0.wp.com\/miradordeatarfe.es\/wp-content\/uploads\/2024\/04\/CRUCES.jpg?resize=640%2C905&#038;ssl=1\" alt=\"\" width=\"640\" height=\"905\" srcset=\"https:\/\/i0.wp.com\/miradordeatarfe.es\/wp-content\/uploads\/2024\/04\/CRUCES.jpg?w=1131&amp;ssl=1 1131w, https:\/\/i0.wp.com\/miradordeatarfe.es\/wp-content\/uploads\/2024\/04\/CRUCES.jpg?resize=212%2C300&amp;ssl=1 212w, https:\/\/i0.wp.com\/miradordeatarfe.es\/wp-content\/uploads\/2024\/04\/CRUCES.jpg?resize=724%2C1024&amp;ssl=1 724w, https:\/\/i0.wp.com\/miradordeatarfe.es\/wp-content\/uploads\/2024\/04\/CRUCES.jpg?resize=768%2C1086&amp;ssl=1 768w, https:\/\/i0.wp.com\/miradordeatarfe.es\/wp-content\/uploads\/2024\/04\/CRUCES.jpg?resize=1086%2C1536&amp;ssl=1 1086w, https:\/\/i0.wp.com\/miradordeatarfe.es\/wp-content\/uploads\/2024\/04\/CRUCES.jpg?resize=1024%2C1449&amp;ssl=1 1024w\" sizes=\"auto, (max-width: 640px) 100vw, 640px\" \/><\/a><br class=\"html-br\" \/><br \/>\n<br class=\"html-br\" \/><br \/>\nTe compartimos las bases del concurso y el documento de inscripci\u00f3n:<br class=\"html-br\" \/><br \/>\n<br class=\"html-br\" \/><br \/>\n<a class=\"x1i10hfl xjbqb8w x1ejq31n xd10rxx x1sy0etr x17r0tee x972fbf xcfux6l x1qhh985 xm0m39n x9f619 x1ypdohk xt0psk2 xe8uvvx xdj266r x11i5rnm xat24cr x1mh8g0r xexx8yu x4uap5 x18d9i69 xkhd6sd x16tdsg8 x1hl2dhg xggy1nq x1a2a7pz xt0b8zv x1fey0fg\" tabindex=\"0\" role=\"link\" href=\"https:\/\/drive.google.com\/file\/d\/1r8BgeGJpqYTLQlrjWAL9oNyVydY2z-cA\/view?usp=sharing&amp;fbclid=IwZXh0bgNhZW0CMTAAAR0we5ksq-4NU93Igh3r3QdPRfvUjeBnMSwAUfCv2oAT7zvbPBRHCM-iCmA_aem_ASXtuO7suitHLIM9V6n9FUaJvMH89qb7p62O8D5LmdfM_mwD6tKvVrK-OnmlQoVDJSevMWyLYyINrJsdzs8vTmCu\" target=\"_blank\" rel=\"nofollow noopener noreferrer\">https:\/\/drive.google.com\/&#8230;\/1r8BgeGJpqYTLQlrjWAL&#8230;\/view&#8230;<\/a><br class=\"html-br\" \/><br \/>\n<br class=\"html-br\" \/><br \/>\n<a class=\"x1i10hfl xjbqb8w x1ejq31n xd10rxx x1sy0etr x17r0tee x972fbf xcfux6l x1qhh985 xm0m39n x9f619 x1ypdohk xt0psk2 xe8uvvx xdj266r x11i5rnm xat24cr x1mh8g0r xexx8yu x4uap5 x18d9i69 xkhd6sd x16tdsg8 x1hl2dhg xggy1nq x1a2a7pz xt0b8zv x1fey0fg\" tabindex=\"0\" role=\"link\" href=\"https:\/\/drive.google.com\/file\/d\/15x9XC04oSKtfPJfTKLJ43oqdNEXWfQ5O\/view?usp=sharing&amp;fbclid=IwZXh0bgNhZW0CMTAAAR1GRc33HmOvn71IxmTGqhIiQRQcRltpUQ6jl-y-YgV6vrkoQYSoDcehpYM_aem_ASWWYdqj-UceohsmTDxYq93VBxEpNEQAGNYZ_9CHsJiZBDe129GamVq_sqWis3aLCYsYGQrbGo9FDgdARnt4dbKE\" target=\"_blank\" rel=\"nofollow noopener noreferrer\">https:\/\/drive.google.com\/&#8230;\/15x9XC04oSKtfPJfTKLJ&#8230;\/view&#8230;<\/a><br class=\"html-br\" \/><br \/>\n<br class=\"html-br\" \/><br \/>\n\u00a1No te pierdas la oportunidad de ser parte de esta maravillosa tradici\u00f3n! Vamos a llenar Atarfe de fiesta, colorido y alegr\u00eda<\/span><\/p>\n","protected":false},"excerpt":{"rendered":"<p>\u00a1Ya falta muy poco para la Fiesta del D\u00eda de la Cruz, y el Ayuntamiento&#8230;<\/p>\n","protected":false},"author":1,"featured_media":68827,"comment_status":"closed","ping_status":"closed","sticky":false,"template":"","format":"standard","meta":{"_coblocks_attr":"","_coblocks_dimensions":"","_coblocks_responsive_height":"","_coblocks_accordion_ie_support":"","jetpack_post_was_ever_published":false,"_jetpack_newsletter_access":"","_jetpack_dont_email_post_to_subs":false,"_jetpack_newsletter_tier_id":0,"_jetpack_memberships_contains_paywalled_content":false,"_jetpack_memberships_contains_paid_content":false,"footnotes":"","jetpack_publicize_message":"","jetpack_publicize_feature_enabled":true,"jetpack_social_post_already_shared":true,"jetpack_social_options":{"image_generator_settings":{"template":"highway","default_image_id":0,"enabled":false},"version":2}},"categories":[6916,186,44],"tags":[],"class_list":["post-68825","post","type-post","status-publish","format-standard","has-post-thumbnail","hentry","category-ayuntamiento-de-atarfe","category-instituciones","category-noticias-de-hoy"],"jetpack_publicize_connections":[],"jetpack_featured_media_url":"https:\/\/i0.wp.com\/miradordeatarfe.es\/wp-content\/uploads\/2024\/04\/CRUCES-2.jpg?fit=1131%2C722&ssl=1","jetpack_likes_enabled":true,"jetpack_sharing_enabled":true,"_links":{"self":[{"href":"https:\/\/miradordeatarfe.es\/index.php?rest_route=\/wp\/v2\/posts\/68825","targetHints":{"allow":["GET"]}}],"collection":[{"href":"https:\/\/miradordeatarfe.es\/index.php?rest_route=\/wp\/v2\/posts"}],"about":[{"href":"https:\/\/miradordeatarfe.es\/index.php?rest_route=\/wp\/v2\/types\/post"}],"author":[{"embeddable":true,"href":"https:\/\/miradordeatarfe.es\/index.php?rest_route=\/wp\/v2\/users\/1"}],"replies":[{"embeddable":true,"href":"https:\/\/miradordeatarfe.es\/index.php?rest_route=%2Fwp%2Fv2%2Fcomments&post=68825"}],"version-history":[{"count":1,"href":"https:\/\/miradordeatarfe.es\/index.php?rest_route=\/wp\/v2\/posts\/68825\/revisions"}],"predecessor-version":[{"id":68828,"href":"https:\/\/miradordeatarfe.es\/index.php?rest_route=\/wp\/v2\/posts\/68825\/revisions\/68828"}],"wp:featuredmedia":[{"embeddable":true,"href":"https:\/\/miradordeatarfe.es\/index.php?rest_route=\/wp\/v2\/media\/68827"}],"wp:attachment":[{"href":"https:\/\/miradordeatarfe.es\/index.php?rest_route=%2Fwp%2Fv2%2Fmedia&parent=68825"}],"wp:term":[{"taxonomy":"category","embeddable":true,"href":"https:\/\/miradordeatarfe.es\/index.php?rest_route=%2Fwp%2Fv2%2Fcategories&post=68825"},{"taxonomy":"post_tag","embeddable":true,"href":"https:\/\/miradordeatarfe.es\/index.php?rest_route=%2Fwp%2Fv2%2Ftags&post=68825"}],"curies":[{"name":"wp","href":"https:\/\/api.w.org\/{rel}","templated":true}]}}