{"id":68845,"date":"2024-04-21T10:15:26","date_gmt":"2024-04-21T08:15:26","guid":{"rendered":"https:\/\/miradordeatarfe.es\/?p=68845"},"modified":"2024-04-21T09:56:29","modified_gmt":"2024-04-21T07:56:29","slug":"atarfe-celebra-la-vii-semana-de-la-vega","status":"publish","type":"post","link":"https:\/\/miradordeatarfe.es\/?p=68845","title":{"rendered":"ATARFE: \u00a1Celebra la VII Semana de la Vega!"},"content":{"rendered":"<h3>Participa del 22 al 28 de abril en la s\u00e9ptima edici\u00f3n de la Semana de la Vega! Organizada por el Ayuntamiento de Atarfe y la Asociaci\u00f3n Atarfe Sostenible, exploraremos, celebraremos y preservaremos nuestra Vega.<\/h3>\n<h3>Actividades Programadas:<\/h3>\n<p>&#8211; <strong>Salida a la Vega<\/strong>: \u00abConozcamos el pasado, analicemos el presente y miremos al futuro\u00bb &#8211; Una excursi\u00f3n educativa para todas las edades.<\/p>\n<p>&#8211; <strong>Concurso de Fotograf\u00eda<\/strong>: \u00abLa Vega: Una foto, una palabra o frase\u00bb &#8211; Captura la esencia de la Vega con tu c\u00e1mara y a\u00f1ade unas palabras que reflejen su significado.<\/p>\n<p>&#8211; <strong>Concurso de Relatos Cortos<\/strong>: \u00abHistorias De la Vega. Qu\u00e9 sabes, qu\u00e9 te han contado\u00bb &#8211; Comparte tus historias o las que has escuchado sobre nuestra tierra.<\/p>\n<p><a href=\"https:\/\/i0.wp.com\/miradordeatarfe.es\/wp-content\/uploads\/2024\/04\/Cartel-ATARFE-Semana-de-la-Vega-24-A4.jpeg?ssl=1\"><img data-recalc-dims=\"1\" loading=\"lazy\" decoding=\"async\" class=\"alignnone wp-image-68859 size-full\" src=\"https:\/\/i0.wp.com\/miradordeatarfe.es\/wp-content\/uploads\/2024\/04\/Cartel-ATARFE-Semana-de-la-Vega-24-A4.jpeg?resize=640%2C905&#038;ssl=1\" alt=\"\" width=\"640\" height=\"905\" srcset=\"https:\/\/i0.wp.com\/miradordeatarfe.es\/wp-content\/uploads\/2024\/04\/Cartel-ATARFE-Semana-de-la-Vega-24-A4.jpeg?w=1654&amp;ssl=1 1654w, https:\/\/i0.wp.com\/miradordeatarfe.es\/wp-content\/uploads\/2024\/04\/Cartel-ATARFE-Semana-de-la-Vega-24-A4.jpeg?resize=212%2C300&amp;ssl=1 212w, https:\/\/i0.wp.com\/miradordeatarfe.es\/wp-content\/uploads\/2024\/04\/Cartel-ATARFE-Semana-de-la-Vega-24-A4.jpeg?resize=724%2C1024&amp;ssl=1 724w, https:\/\/i0.wp.com\/miradordeatarfe.es\/wp-content\/uploads\/2024\/04\/Cartel-ATARFE-Semana-de-la-Vega-24-A4.jpeg?resize=768%2C1086&amp;ssl=1 768w, https:\/\/i0.wp.com\/miradordeatarfe.es\/wp-content\/uploads\/2024\/04\/Cartel-ATARFE-Semana-de-la-Vega-24-A4.jpeg?resize=1086%2C1536&amp;ssl=1 1086w, https:\/\/i0.wp.com\/miradordeatarfe.es\/wp-content\/uploads\/2024\/04\/Cartel-ATARFE-Semana-de-la-Vega-24-A4.jpeg?resize=1448%2C2048&amp;ssl=1 1448w, https:\/\/i0.wp.com\/miradordeatarfe.es\/wp-content\/uploads\/2024\/04\/Cartel-ATARFE-Semana-de-la-Vega-24-A4.jpeg?resize=1024%2C1448&amp;ssl=1 1024w, https:\/\/i0.wp.com\/miradordeatarfe.es\/wp-content\/uploads\/2024\/04\/Cartel-ATARFE-Semana-de-la-Vega-24-A4.jpeg?resize=1320%2C1867&amp;ssl=1 1320w\" sizes=\"auto, (max-width: 640px) 100vw, 640px\" \/><\/a><\/p>\n<p>&nbsp;<\/p>\n<p>&nbsp;<\/p>\n","protected":false},"excerpt":{"rendered":"<p>Participa del 22 al 28 de abril en la s\u00e9ptima edici\u00f3n de la Semana de&#8230;<\/p>\n","protected":false},"author":1,"featured_media":68847,"comment_status":"closed","ping_status":"closed","sticky":false,"template":"","format":"standard","meta":{"_coblocks_attr":"","_coblocks_dimensions":"","_coblocks_responsive_height":"","_coblocks_accordion_ie_support":"","jetpack_post_was_ever_published":false,"_jetpack_newsletter_access":"","_jetpack_dont_email_post_to_subs":false,"_jetpack_newsletter_tier_id":0,"_jetpack_memberships_contains_paywalled_content":false,"_jetpack_memberships_contains_paid_content":false,"footnotes":"","jetpack_publicize_message":"","jetpack_publicize_feature_enabled":true,"jetpack_social_post_already_shared":true,"jetpack_social_options":{"image_generator_settings":{"template":"highway","default_image_id":0,"enabled":false},"version":2}},"categories":[7725,6916,9,44],"tags":[],"class_list":["post-68845","post","type-post","status-publish","format-standard","has-post-thumbnail","hentry","category-atarfe-sostenible","category-ayuntamiento-de-atarfe","category-medio-ambiente","category-noticias-de-hoy"],"jetpack_publicize_connections":[],"jetpack_featured_media_url":"https:\/\/i0.wp.com\/miradordeatarfe.es\/wp-content\/uploads\/2024\/04\/Captura20240420132544.png?fit=845%2C377&ssl=1","jetpack_likes_enabled":true,"jetpack_sharing_enabled":true,"_links":{"self":[{"href":"https:\/\/miradordeatarfe.es\/index.php?rest_route=\/wp\/v2\/posts\/68845","targetHints":{"allow":["GET"]}}],"collection":[{"href":"https:\/\/miradordeatarfe.es\/index.php?rest_route=\/wp\/v2\/posts"}],"about":[{"href":"https:\/\/miradordeatarfe.es\/index.php?rest_route=\/wp\/v2\/types\/post"}],"author":[{"embeddable":true,"href":"https:\/\/miradordeatarfe.es\/index.php?rest_route=\/wp\/v2\/users\/1"}],"replies":[{"embeddable":true,"href":"https:\/\/miradordeatarfe.es\/index.php?rest_route=%2Fwp%2Fv2%2Fcomments&post=68845"}],"version-history":[{"count":3,"href":"https:\/\/miradordeatarfe.es\/index.php?rest_route=\/wp\/v2\/posts\/68845\/revisions"}],"predecessor-version":[{"id":68860,"href":"https:\/\/miradordeatarfe.es\/index.php?rest_route=\/wp\/v2\/posts\/68845\/revisions\/68860"}],"wp:featuredmedia":[{"embeddable":true,"href":"https:\/\/miradordeatarfe.es\/index.php?rest_route=\/wp\/v2\/media\/68847"}],"wp:attachment":[{"href":"https:\/\/miradordeatarfe.es\/index.php?rest_route=%2Fwp%2Fv2%2Fmedia&parent=68845"}],"wp:term":[{"taxonomy":"category","embeddable":true,"href":"https:\/\/miradordeatarfe.es\/index.php?rest_route=%2Fwp%2Fv2%2Fcategories&post=68845"},{"taxonomy":"post_tag","embeddable":true,"href":"https:\/\/miradordeatarfe.es\/index.php?rest_route=%2Fwp%2Fv2%2Ftags&post=68845"}],"curies":[{"name":"wp","href":"https:\/\/api.w.org\/{rel}","templated":true}]}}