{"id":68915,"date":"2024-05-10T10:30:30","date_gmt":"2024-05-10T08:30:30","guid":{"rendered":"https:\/\/miradordeatarfe.es\/?p=68915"},"modified":"2024-05-09T19:08:35","modified_gmt":"2024-05-09T17:08:35","slug":"las-titulaciones-de-fp-con-mayor-insercion-laboral-en-espana-salario-tipo-de-contrato-y-anos-trabajados","status":"publish","type":"post","link":"https:\/\/miradordeatarfe.es\/?p=68915","title":{"rendered":"Las titulaciones de FP con mayor inserci\u00f3n laboral en Espa\u00f1a: salario, tipo de contrato y a\u00f1os trabajados"},"content":{"rendered":"<div class=\"default_summaryList__gJSl7 default_col-1__o8qlH default_content___ctRp\">\n<h3 style=\"text-align: justify;\">Los titulados de Formaci\u00f3n Profesional de grado medio y superior tienen una tasa de actividad y de empleo por encima de la media y una tasa de paro menor en comparaci\u00f3n con las personas de su mismo grupo de edad, se\u00f1ala un nuevo informe.<\/h3>\n<ul style=\"text-align: justify;\">\n<li>Estas son las titulaciones de FP de grado medio y superior con las mayores tasas de empleo, m\u00e1s contratos indefinidos y la mayor proporci\u00f3n de sueldos altos.<\/li>\n<\/ul>\n<\/div>\n<div class=\"prose_prose__d7bcC default_col-1__o8qlH default_content___ctRp\">\n<p style=\"text-align: justify;\">\u00abCursar estudios se ha convertido en un requisito para la participaci\u00f3n en el mercado de trabajo para las generaciones m\u00e1s j\u00f3venes. En la \u00faltima d\u00e9cada, la econom\u00eda espa\u00f1ola no <a title=\"Que Espa\u00f1a siga creando empleo ha dejado de ser una buena noticia (si no mejora la productividad)\" href=\"https:\/\/www.businessinsider.es\/record-empleo-no-buena-noticia-productividad-1367014\">ha creado empleos<\/a> para trabajadores con un nivel educativo bajo\u00bb, y la tasa de desempleo entre j\u00f3venes con este grado de educaci\u00f3n duplica a la de aquellos con nivel alto, se\u00f1ala el informe <em>Formaci\u00f3n Profesional y Empleabilidad<\/em>.<\/p>\n<p style=\"text-align: justify;\">Sin embargo, y a pesar de cierto \u00abdeclive demogr\u00e1fico\u00bb en la juventud, \u00abel n\u00famero de titulados totales en <a title=\"Ya no solo vale la universidad: la FP crece y garantiza empleo\" href=\"https:\/\/www.businessinsider.es\/no-necesitas-titulo-universitario-fp-crece-garantiza-empleo-1232024\">Formaci\u00f3n Profesional no ha parado de crecer<\/a>\u00ab, desde unas 150.000 personas al a\u00f1o en 2005 hasta cerca de 250.000 en los \u00faltimos a\u00f1os.<\/p>\n<p style=\"text-align: justify;\"><strong>\u00abLos titulados de Formaci\u00f3n Profesional, tanto de grado medio como de grado superior, tienen una tasa de actividad y de empleo por encima de la media<\/strong> y una tasa de paro menor en comparaci\u00f3n con las personas de su mismo grupo de edad [25 a 29 a\u00f1os]. Las diferencias son especialmente significativas en comparaci\u00f3n con las personas de nivel educativo bajo\u00bb, analizan Randstad Research y la Universidad San Pablo CEU en el documento, presentado este jueves 18.<\/p>\n<p style=\"text-align: justify;\">\u00abEn coherencia con la mayor exigencia formativa del mercado laboral, <strong>los resultados son mejores en grado superior que en grado medio\u00bb<\/strong>: la tasa de empleo es de un 79,5% frente a un 74,6% y la tasa de paro es de 12,6% en comparaci\u00f3n con un 16%, respectivamente.\u00a0<\/p>\n<p style=\"text-align: justify;\">Eso s\u00ed, existen \u00abimportant\u00edsimas diferencias\u00bb en el valor que aporta la FP seg\u00fan la familia profesional y la titulaci\u00f3n, en aspectos como la inserci\u00f3n laboral, el tipo de jornada, <a title=\"Las 8 carreras con los peores sueldos en Espa\u00f1a para reci\u00e9n graduados: por debajo del salario medio\" href=\"https:\/\/www.businessinsider.es\/carreras-sueldos-bajos-espana-recien-graduados-1320732\">el nivel salarial<\/a> o lograr un empleo que requiera un nivel formativo coherente con la formaci\u00f3n cursada, matiza el informe.<\/p>\n<h2 style=\"text-align: justify;\">Empleabilidad en la Formaci\u00f3n Profesional de grado medio en Espa\u00f1a: tasa de empleo, contratos y sueldos<\/h2>\n<p style=\"text-align: justify;\">Las personas tituladas en Formaci\u00f3n Profesional de grado medio tienen una tasa de actividad de 88,5% (cinco puntos por encima de la media y 7,6 puntos mayor que los trabajadores con nivel educativo bajo), una <strong>tasa de empleo de 72,7%<\/strong> (cinco puntos y 14,3 puntos mayor, respectivamente) y una tasa de paro de 17,8% (1,2 puntos y 9,9 puntos inferior, respectivamente), seg\u00fan datos del INE y en comparaci\u00f3n con su grupo de edad.<\/p>\n<p style=\"text-align: justify;\">Las diferencias por <strong>sexo<\/strong>, a favor de los hombres, se encuentran sobre todo en <a title=\"\u00bfQu\u00e9 ciclos de Formaci\u00f3n Profesional tienen m\u00e1s ofertas de trabajo y cu\u00e1l es el sueldo que se cobra?\" href=\"https:\/\/www.businessinsider.es\/ciclos-fp-ofertas-trabajo-sueldo-cobra-1276434\">la empleabilidad<\/a> (77,5% por 71,6%) y en el paro (13,5% por 18,7%), mientras que las tres tasas \u00abson casi id\u00e9nticas\u00bb en <strong>centros <\/strong>p\u00fablicos y privados.<\/p>\n<p style=\"text-align: justify;\">Donde s\u00ed existen \u00abamplias diferencias\u00bb son entre ciudades y <strong>comunidades aut\u00f3nomas<\/strong>: desde las que tienen <a title=\"No es pa\u00eds para Indiana Jones: las 10 carreras con peor tasa de empleo en Espa\u00f1a\" href=\"https:\/\/www.businessinsider.es\/carreras-universitarias-peor-tasa-empleo-espana-2023-1263144\">menores tasas de empleo<\/a> \u2014Ceuta (64,6%), Murcia (67%), Andaluc\u00eda (69%), Comunidad Valenciana (69,4%), Extremadura (70%) y Melilla (70,1%)\u2014 hasta las de porcentajes superiores \u2014lideradas por Pa\u00eds Vasco (85,7%) y Navarra (85,2%), seguidas de Cantabria (82,1%), Arag\u00f3n (80,6%), Comunidad de Madrid (80,1%) y Baleares (80%)\u2014.<\/p>\n<p style=\"text-align: justify;\">Tambi\u00e9n son \u00absustanciales\u00bb entre <strong>familias profesionales<\/strong>, con una variaci\u00f3n de 24,3 puntos entre la de menor tasa de empleo (Actividades f\u00edsicas y deportivas, con 63%) y la de mayor (Instalaci\u00f3n y mantenimiento, con 87,4%). El resto de familias profesionales en FP con mayor tasa de empleo son Transporte y mantenimiento de veh\u00edculo (83,8%), Fabricaci\u00f3n mec\u00e1nica (83,7%), Mar\u00edtimo-pesquera (79,1%), Sanidad (78,8%) y tanto Agraria como Electricidad y electr\u00f3nica (ambas con 77,4%).<\/p>\n<p style=\"text-align: justify;\">Finalmente, respecto a la inserci\u00f3n laboral por titulaciones, la tasa de empleo oscila de un 65,6% (T\u00e9cnico en instalaciones de telecomunicaciones) a un 90,7% (T\u00e9cnico en emergencias sanitarias), detalla el informe.<\/p>\n<p style=\"text-align: justify;\">Seg\u00fan este, y a partir de la estad\u00edstica del INE de 2019, estas son <strong>las titulaciones de FP de grado medio con mayor tasa de empleo<\/strong>:<\/p>\n<ol style=\"text-align: justify;\">\n<li>T\u00e9cnico en emergencias sanitarias: 90,7% de tasa de empleo para los titulados<\/li>\n<li>T\u00e9cnico en carrocer\u00eda: 87,8%<\/li>\n<li>T\u00e9cnico en mantenimiento electromec\u00e1nico: 87,5%<\/li>\n<li>T\u00e9cnico en instalaciones de producci\u00f3n de calor, T\u00e9cnico en instalaciones frigor\u00edficas y de climatizaci\u00f3n e Instalaci\u00f3n y mantenimiento (Sin distribuir): 87,1%<\/li>\n<li>T\u00e9cnico en mecanizado: 84,6%<\/li>\n<li>Equipos electr\u00f3nicos de consumo: 83,9%<\/li>\n<li>T\u00e9cnico en soldadura y calderer\u00eda, T\u00e9cnico en conformado por moldeo de metales y pol\u00edmeros y T\u00e9cnico en Joyer\u00eda: 82,5%<\/li>\n<li>T\u00e9cnico en electromec\u00e1nica de veh\u00edculos autom\u00f3viles, T\u00e9cnico en electromec\u00e1nica de maquinaria y Mantenimiento de material rodante ferroviario: 82,3%<\/li>\n<li>T\u00e9cnico en producci\u00f3n agroecol\u00f3gica y T\u00e9cnico en producci\u00f3n agropecuaria: 80,7%<\/li>\n<li>T\u00e9cnico en instalaciones el\u00e9ctricas y autom\u00e1ticas: 79,8%<\/li>\n<\/ol>\n<p style=\"text-align: justify;\">En cuanto a las condiciones de esa inserci\u00f3n laboral, tres de cada cuatro titulados de ciclos formativos de grado medio han trabajado al menos dos a\u00f1os desde que acabaron sus estudios (curso 2013-2014, en el plazo hasta 2019) y nueve de cada 10 lo han hecho como asalariados. Entre estos \u00faltimos, cuatro de cada 10 ten\u00edan contrato temporal y el resto, indefinido.<\/p>\n<p style=\"text-align: justify;\">Las titulaciones de T\u00e9cnico en mecanizado (72,4%), T\u00e9cnico en mantenimiento electromec\u00e1nico (68,9%) y T\u00e9cnico en emergencias sanitarias (66,6%) son las de mayores porcentajes de personas asalariadas con contrato permanente.<\/p>\n<p style=\"text-align: justify;\">En referencia a los salarios, la mayor\u00eda (48,4%) ganaba entre 1.000 y 1.500 euros al mes, mientras que el 40,3% cobraba menos de 1.000 euros y solo el 11,4% <a title=\"Las 10 carreras con m\u00e1s posibilidad de cobrar un sueldo a partir de 1.500 euros\" href=\"https:\/\/www.businessinsider.es\/carreras-posibilidad-ganar-sueldo-1500-euros-1270212\">percib\u00eda un sueldo superior a los 1.500 euros mensuales<\/a>, de acuerdo con el INE y el informe.<\/p>\n<p style=\"text-align: justify;\">Finalmente, estas son las <strong>titulaciones FP de grado medio que m\u00e1s dan lugar a salarios netos superiores a 1.500 euros<\/strong> al mes:<\/p>\n<ul style=\"text-align: justify;\">\n<li>T\u00e9cnico en mecanizado: 34,3%<\/li>\n<li>T\u00e9cnico en emergencias sanitarias: 29,9% de los titulados<\/li>\n<li>T\u00e9cnico en mantenimiento electromec\u00e1nico: 26,6%<\/li>\n<li>T\u00e9cnico en soldadura y calderer\u00eda, T\u00e9cnico en conformado: 26,1%<\/li>\n<li>T\u00e9cnico en instalaciones el\u00e9ctricas y autom\u00e1ticas: 19,6%<\/li>\n<li>T\u00e9cnico en cocina y gastronom\u00eda: 19,6%<\/li>\n<\/ul>\n<h2 style=\"text-align: justify;\">Las titulaciones de FP de grado superior con mayor inserci\u00f3n laboral y con salarios m\u00e1s altos<\/h2>\n<p style=\"text-align: justify;\">Comparado con el grupo de edad de 30 a 34 a\u00f1os, <a title=\"Las titulaciones de FP con m\u00e1s empleo y sueldos por encima de los 2.000 euros\" href=\"https:\/\/www.businessinsider.es\/titulaciones-fp-mayor-empleo-sueldos-mas-altos-1008581\">las personas tituladas de FP superior<\/a> tienen una <strong>tasa de empleo (91,8%)<\/strong> 5,6 puntos superior a la media y 14,8 puntos mayor que los trabajadores con nivel educativo bajo, as\u00ed como una tasa de paro del 10,1%, inferior en 3,8 y en 10,2 puntos, respectivamente.<\/p>\n<p style=\"text-align: justify;\">Ambas tasas son mejores en hombres que en mujeres (82% frente a 77,1% en empleo, 10,9% y 14,3% en paro, respectivamente), no hay diferencias \u00absignificativas\u00bb por tipo de centro (1,8 puntos en tasa de empleo a favor de los p\u00fablicos) y hay m\u00e1s empleabilidad en las comunidades de Catalu\u00f1a (87,6%), La Rioja (87,2%) y Arag\u00f3n (87%).<\/p>\n<p style=\"text-align: justify;\">Adem\u00e1s, hay diferencias \u00abconsiderables\u00bb en la <strong>tasa de empleo por familia profesional<\/strong>, donde destacan Instalaci\u00f3n y Mantenimiento (89,4%), Fabricaci\u00f3n mec\u00e1nica (88%), Transporte y Mantenimiento de veh\u00edculos (87,2%) y Electricidad y electr\u00f3nica (86,1%).<\/p>\n<p style=\"text-align: justify;\">Respecto a la inserci\u00f3n laboral por titulaciones, las diferencias var\u00edan entre un 67,3% (T\u00e9cnico superior en producci\u00f3n de audiovisuales y espect\u00e1culos) y un 94,2% (T\u00e9cnico superior en audiolog\u00eda prot\u00e9sica). As\u00ed, las <strong>titulaciones de FP de grado superior con mayor tasa de empleo <\/strong>son las siguientes:<\/p>\n<ol style=\"text-align: justify;\">\n<li>T\u00e9cnico Superior en audiolog\u00eda prot\u00e9sica: 94,2%<\/li>\n<li>TS en desarrollo de proyectos de instalaciones t\u00e9rmicas y de fluidos: 92,3%<\/li>\n<li>T\u00e9cnico superior en automatizaci\u00f3n y rob\u00f3tica industrial: 91,5%<\/li>\n<li>T\u00e9cnico superior en sistemas electrot\u00e9cnicos y automatizados: 90,8%<\/li>\n<li>T\u00e9cnico superior en programaci\u00f3n de la producci\u00f3n en fabricaci\u00f3n mec\u00e1nica: 89%<\/li>\n<li>T\u00e9cnico superior en mecatr\u00f3nica industrial: 88,4%<\/li>\n<li>T\u00e9cnico superior en comercio internacional: 87,4%<\/li>\n<li>T\u00e9cnico superior en transporte y log\u00edstica: 87,3%<\/li>\n<li>TS en construcciones met\u00e1licas, TS en dise\u00f1o en fabricaci\u00f3n mec\u00e1nica: 87,2%<\/li>\n<li>TS en estilismo y direcci\u00f3n de peluquer\u00eda y TS en asesor\u00eda de imagen personal y corporativa: 86,7%<\/li>\n<\/ol>\n<p style=\"text-align: justify;\">Asimismo, en cuanto a las condiciones laborales, cuatro de cada cinco titulados han trabajado dos a\u00f1os o m\u00e1s, el 90,1% lo ha hecho como asalariado y, de estos, dos tercios ten\u00edan contrato indefinido: la contrataci\u00f3n permanente se daba sobre todo en las familias profesionales de Inform\u00e1tica y comunicaciones (74,8%), Instalaci\u00f3n y mantenimiento (71,4%), Qu\u00edmica (68,3%) y Fabricaci\u00f3n mec\u00e1nica (68,1%).<\/p>\n<p style=\"text-align: justify;\">Por \u00faltimo, la proporci\u00f3n de salarios mejora entre los titulados en ciclos formativos de grado superior: el 46,2% ganan entre 1.000 y 1.500 euros al mes, el 32,4% cobra menos de 1.000 euros y el 21,3% recibe m\u00e1s de 1.500 euros para el a\u00f1o analizado.<\/p>\n<p style=\"text-align: justify;\">Las <strong>titulaciones de FP en grado superior con m\u00e1s sueldos que superan los 1.500 euros netos<\/strong> al mes son:<\/p>\n<ul style=\"text-align: justify;\">\n<li>T\u00e9cnico superior en qu\u00edmica industrial, Fabricaci\u00f3n de productos farmac\u00e9uticos, biotecnol\u00f3gicos y afines: 54,6%<\/li>\n<li>T\u00e9cnico superior en mecatr\u00f3nica industrial: 47,1%<\/li>\n<li>T\u00e9cnico superior en desarrollo de aplicaciones multiplataforma: 45,8%<\/li>\n<li>T\u00e9cnico superior en desarrollo de aplicaciones web: 44,4%<\/li>\n<li>TS en construcciones met\u00e1licas, TS en dise\u00f1o en fabricaci\u00f3n mec\u00e1nica: 40,5%<\/li>\n<li>TS en desarrollo de proyectos de instalaciones t\u00e9rmicas y de fluidos: 40,2%<\/li>\n<\/ul>\n<p style=\"text-align: justify;\">Aparte, el an\u00e1lisis apunta a la Formaci\u00f3n Profesional Dual (aquella que incorpora una fase de formaci\u00f3n en una empresa o un organismo equiparado), que \u00abobtiene sistem\u00e1ticamente mejores resultados de participaci\u00f3n en el empleo, tanto a nivel de afiliaci\u00f3n como de remuneraci\u00f3n\u00bb, aunque con \u00abimportantes oscilaciones\u00bb entre familias profesionales.<\/p>\n<p style=\"text-align: justify;\">El informe de Randstad y San Pablo CEU se basa en datos del Instituto Nacional de Estad\u00edstica, centrado especialmente en la situaci\u00f3n laboral en 2019 de los titulados en ciclos formativos de grado superior del curso 2013-2014 \u2014\u00bbresulta clave que se incremente la frecuencia de esta publicaci\u00f3n estad\u00edstica y que preferentemente est\u00e9 disponible con car\u00e1cter anual\u00bb, alegan los autores\u2014, y del Ministerio de Educaci\u00f3n, <a title=\"INSIDER EVENTS: Nuevos retos de la Formaci\u00f3n Profesional\" href=\"https:\/\/www.businessinsider.es\/insider-events-nuevos-retos-formacion-profesional-1324966\">Formaci\u00f3n Profesional<\/a> y Deportes, entre otras fuentes.<\/p>\n<p style=\"text-align: justify;\"><a href=\"https:\/\/www.businessinsider.es\/redaccion\/carlos-galan-feced\" rel=\"author\"><strong>Carlos Gal\u00e1n Feced<\/strong><\/a><\/p>\n<p style=\"text-align: justify;\">FOTO: Getty Images<\/p>\n<p style=\"text-align: justify;\">https:\/\/www.businessinsider.es\/titulaciones-fp-mayor-insercion-laboral-salario-1380090?utm_source=pocket-newtab-es-es<\/p>\n<\/div>\n","protected":false},"excerpt":{"rendered":"<p>Los titulados de Formaci\u00f3n Profesional de grado medio y superior tienen una tasa de actividad&#8230;<\/p>\n","protected":false},"author":1,"featured_media":68916,"comment_status":"closed","ping_status":"closed","sticky":false,"template":"","format":"standard","meta":{"_coblocks_attr":"","_coblocks_dimensions":"","_coblocks_responsive_height":"","_coblocks_accordion_ie_support":"","jetpack_post_was_ever_published":false,"_jetpack_newsletter_access":"","_jetpack_dont_email_post_to_subs":false,"_jetpack_newsletter_tier_id":0,"_jetpack_memberships_contains_paywalled_content":false,"_jetpack_memberships_contains_paid_content":false,"footnotes":"","jetpack_publicize_message":"","jetpack_publicize_feature_enabled":true,"jetpack_social_post_already_shared":true,"jetpack_social_options":{"image_generator_settings":{"template":"highway","default_image_id":0,"enabled":false},"version":2}},"categories":[187,44,6937],"tags":[],"class_list":["post-68915","post","type-post","status-publish","format-standard","has-post-thumbnail","hentry","category-centros-educativos","category-noticias-de-hoy","category-sociedad"],"jetpack_publicize_connections":[],"jetpack_featured_media_url":"https:\/\/i0.wp.com\/miradordeatarfe.es\/wp-content\/uploads\/2024\/04\/fp-electricista-mujer-joven-trabajando-3300758.webp?fit=1200%2C675&ssl=1","jetpack_likes_enabled":true,"jetpack_sharing_enabled":true,"_links":{"self":[{"href":"https:\/\/miradordeatarfe.es\/index.php?rest_route=\/wp\/v2\/posts\/68915","targetHints":{"allow":["GET"]}}],"collection":[{"href":"https:\/\/miradordeatarfe.es\/index.php?rest_route=\/wp\/v2\/posts"}],"about":[{"href":"https:\/\/miradordeatarfe.es\/index.php?rest_route=\/wp\/v2\/types\/post"}],"author":[{"embeddable":true,"href":"https:\/\/miradordeatarfe.es\/index.php?rest_route=\/wp\/v2\/users\/1"}],"replies":[{"embeddable":true,"href":"https:\/\/miradordeatarfe.es\/index.php?rest_route=%2Fwp%2Fv2%2Fcomments&post=68915"}],"version-history":[{"count":1,"href":"https:\/\/miradordeatarfe.es\/index.php?rest_route=\/wp\/v2\/posts\/68915\/revisions"}],"predecessor-version":[{"id":68917,"href":"https:\/\/miradordeatarfe.es\/index.php?rest_route=\/wp\/v2\/posts\/68915\/revisions\/68917"}],"wp:featuredmedia":[{"embeddable":true,"href":"https:\/\/miradordeatarfe.es\/index.php?rest_route=\/wp\/v2\/media\/68916"}],"wp:attachment":[{"href":"https:\/\/miradordeatarfe.es\/index.php?rest_route=%2Fwp%2Fv2%2Fmedia&parent=68915"}],"wp:term":[{"taxonomy":"category","embeddable":true,"href":"https:\/\/miradordeatarfe.es\/index.php?rest_route=%2Fwp%2Fv2%2Fcategories&post=68915"},{"taxonomy":"post_tag","embeddable":true,"href":"https:\/\/miradordeatarfe.es\/index.php?rest_route=%2Fwp%2Fv2%2Ftags&post=68915"}],"curies":[{"name":"wp","href":"https:\/\/api.w.org\/{rel}","templated":true}]}}