{"id":68931,"date":"2024-04-24T11:27:46","date_gmt":"2024-04-24T09:27:46","guid":{"rendered":"https:\/\/miradordeatarfe.es\/?p=68931"},"modified":"2024-04-24T11:38:18","modified_gmt":"2024-04-24T09:38:18","slug":"certamen-de-pintura-al-aire-libre-ciudad-de-atarfe","status":"publish","type":"post","link":"https:\/\/miradordeatarfe.es\/?p=68931","title":{"rendered":"Certamen de Pintura al Aire Libre \u00abCiudad de Atarfe\u00bb"},"content":{"rendered":"<div class=\"xdj266r x11i5rnm xat24cr x1mh8g0r x1vvkbs x126k92a\">\n<div dir=\"auto\" style=\"text-align: justify;\">\u00a0<\/div>\n<\/div>\n<div class=\"x11i5rnm xat24cr x1mh8g0r x1vvkbs xtlvy1s x126k92a\" style=\"text-align: justify;\">\n<h3 dir=\"auto\">En el marco de la Programaci\u00f3n de Abril Cultural, el Certamen de Pintura al Aire Libre \u00abCiudad de Atarfe\u00bb ha sido un escaparate de talento y creatividad.<\/h3>\n<div dir=\"auto\">Como el mismo nombre de esta t\u00e9cnica lo dice, pintar al aire libre consiste en dejar atr\u00e1s las cuatro paredes de tu estudio y experimentar la pintura y el dibujo en el paisaje, al exterior. De hecho, la pr\u00e1ctica se remonta a siglos atr\u00e1s,\u00a0 los impresionistas franceses realmente la convirtieron en una t\u00e9cnica como tal.<\/div>\n<\/div>\n<div dir=\"auto\" style=\"text-align: justify;\">\u00a0<\/div>\n<div dir=\"auto\" style=\"text-align: justify;\">Su deseo de pintar la luz y sus cualidades ef\u00edmeras y cambiantes, junto con la creaci\u00f3n de tubos de pintura transportables y el caballete de caja \u2014el precursor de los caballetes <em>plein air<\/em> de hoy\u2014 permitieron a los artistas la libertad de pintar \u00abau plein air\u00bb, que no es otra cosa que la expresi\u00f3n francesa para \u201cal aire libre\u201d.<\/div>\n<div dir=\"auto\" style=\"text-align: justify;\">\u00a0<\/div>\n<div dir=\"auto\" style=\"text-align: justify;\">As\u00ed pues, la t\u00e9cnica de pintura en plein air es la mejor manera para que un artista aprenda a ver los verdaderos colores de la naturaleza y tambi\u00e9n a capturar el estado de \u00e1nimo y el sentimiento de un lugar. Artistas a lo largo de la historia han salido a pintar al aire libre para comprender mejor el paisaje y han vuelto a sus estudios con una percepci\u00f3n ampliada del color, misma que se ve reflejada en todas sus obras. Quiz\u00e1s es por esta raz\u00f3n que, en un sentido m\u00e1s amplio, tambi\u00e9n se puede entender la t\u00e9cnica de pintura en plein air como el logro de una intensa expresi\u00f3n del aire libre en una pintura.<\/div>\n<div dir=\"auto\" style=\"text-align: justify;\">\u00a0<\/div>\n<div class=\"x11i5rnm xat24cr x1mh8g0r x1vvkbs xtlvy1s x126k92a\" style=\"text-align: justify;\">\n<div dir=\"auto\">Agradecemos a cada uno de los artistas que participaron, llenando nuestro entorno con colores y visiones \u00fanicas que reflejan la belleza y el esp\u00edritu de Atarfe.<\/div>\n<div dir=\"auto\">\u00a0<\/div>\n<\/div>\n<div class=\"x11i5rnm xat24cr x1mh8g0r x1vvkbs xtlvy1s x126k92a\" style=\"text-align: justify;\">\u00a0<\/div>\n<div class=\"x11i5rnm xat24cr x1mh8g0r x1vvkbs xtlvy1s x126k92a\">\n<div dir=\"auto\">ESTOS SON LOS PREMIOS DEL CONCURSO:<\/div>\n<div dir=\"auto\">\u00a0<\/div>\n<\/div>\n<div dir=\"auto\"><a href=\"https:\/\/i0.wp.com\/miradordeatarfe.es\/wp-content\/uploads\/2024\/04\/Imagen-de-WhatsApp-2024-04-21-a-las-18.00.41_0358781e-2.jpg?ssl=1\"><img data-recalc-dims=\"1\" loading=\"lazy\" decoding=\"async\" class=\"alignnone wp-image-68933 size-full\" src=\"https:\/\/i0.wp.com\/miradordeatarfe.es\/wp-content\/uploads\/2024\/04\/Imagen-de-WhatsApp-2024-04-21-a-las-18.00.41_0358781e-2.jpg?resize=640%2C497&#038;ssl=1\" alt=\"\" width=\"640\" height=\"497\" srcset=\"https:\/\/i0.wp.com\/miradordeatarfe.es\/wp-content\/uploads\/2024\/04\/Imagen-de-WhatsApp-2024-04-21-a-las-18.00.41_0358781e-2.jpg?w=954&amp;ssl=1 954w, https:\/\/i0.wp.com\/miradordeatarfe.es\/wp-content\/uploads\/2024\/04\/Imagen-de-WhatsApp-2024-04-21-a-las-18.00.41_0358781e-2.jpg?resize=300%2C233&amp;ssl=1 300w, https:\/\/i0.wp.com\/miradordeatarfe.es\/wp-content\/uploads\/2024\/04\/Imagen-de-WhatsApp-2024-04-21-a-las-18.00.41_0358781e-2.jpg?resize=768%2C597&amp;ssl=1 768w\" sizes=\"auto, (max-width: 640px) 100vw, 640px\" \/>\u00a0 segundo premio<\/a> <a href=\"https:\/\/i0.wp.com\/miradordeatarfe.es\/wp-content\/uploads\/2024\/04\/Imagen-de-WhatsApp-2024-04-21-a-las-18.00.42_4b5520a7-2.jpg?ssl=1\"><img data-recalc-dims=\"1\" loading=\"lazy\" decoding=\"async\" class=\"alignnone wp-image-68934 size-full\" src=\"https:\/\/i0.wp.com\/miradordeatarfe.es\/wp-content\/uploads\/2024\/04\/Imagen-de-WhatsApp-2024-04-21-a-las-18.00.42_4b5520a7-2.jpg?resize=640%2C561&#038;ssl=1\" alt=\"\" width=\"640\" height=\"561\" srcset=\"https:\/\/i0.wp.com\/miradordeatarfe.es\/wp-content\/uploads\/2024\/04\/Imagen-de-WhatsApp-2024-04-21-a-las-18.00.42_4b5520a7-2.jpg?w=910&amp;ssl=1 910w, https:\/\/i0.wp.com\/miradordeatarfe.es\/wp-content\/uploads\/2024\/04\/Imagen-de-WhatsApp-2024-04-21-a-las-18.00.42_4b5520a7-2.jpg?resize=300%2C263&amp;ssl=1 300w, https:\/\/i0.wp.com\/miradordeatarfe.es\/wp-content\/uploads\/2024\/04\/Imagen-de-WhatsApp-2024-04-21-a-las-18.00.42_4b5520a7-2.jpg?resize=768%2C673&amp;ssl=1 768w\" sizes=\"auto, (max-width: 640px) 100vw, 640px\" \/>\u00a0 tercer premio<\/a> <a href=\"https:\/\/i0.wp.com\/miradordeatarfe.es\/wp-content\/uploads\/2024\/04\/Imagen-de-WhatsApp-2024-04-21-a-las-18.00.42_1555c4d0-2.jpg?ssl=1\"><img data-recalc-dims=\"1\" loading=\"lazy\" decoding=\"async\" class=\"alignnone wp-image-68935 size-full\" src=\"https:\/\/i0.wp.com\/miradordeatarfe.es\/wp-content\/uploads\/2024\/04\/Imagen-de-WhatsApp-2024-04-21-a-las-18.00.42_1555c4d0-2.jpg?resize=640%2C774&#038;ssl=1\" alt=\"\" width=\"640\" height=\"774\" srcset=\"https:\/\/i0.wp.com\/miradordeatarfe.es\/wp-content\/uploads\/2024\/04\/Imagen-de-WhatsApp-2024-04-21-a-las-18.00.42_1555c4d0-2.jpg?w=791&amp;ssl=1 791w, https:\/\/i0.wp.com\/miradordeatarfe.es\/wp-content\/uploads\/2024\/04\/Imagen-de-WhatsApp-2024-04-21-a-las-18.00.42_1555c4d0-2.jpg?resize=248%2C300&amp;ssl=1 248w, https:\/\/i0.wp.com\/miradordeatarfe.es\/wp-content\/uploads\/2024\/04\/Imagen-de-WhatsApp-2024-04-21-a-las-18.00.42_1555c4d0-2.jpg?resize=768%2C929&amp;ssl=1 768w\" sizes=\"auto, (max-width: 640px) 100vw, 640px\" \/>premio infantil<\/a><\/div>\n<div dir=\"auto\">\u00a0<\/div>\n<h3 dir=\"auto\">FOTO PORTADA: PRIMER PREMIO<\/h3>\n<div dir=\"auto\">\n<div class=\"x11i5rnm xat24cr x1mh8g0r x1vvkbs xtlvy1s x126k92a\">\n<div dir=\"auto\" style=\"text-align: justify;\">\u00a0<\/div>\n<div dir=\"auto\" style=\"text-align: justify;\">Compartimos el video con los momentos m\u00e1s especiales de la jornada. Es un verdadero placer ver c\u00f3mo los artistas transforman paisajes cotidianos en impresionantes obras de arte.<\/div>\n<\/div>\n<div class=\"x11i5rnm xat24cr x1mh8g0r x1vvkbs xtlvy1s x126k92a\" style=\"text-align: justify;\">\n<div dir=\"auto\">\u00a0Esta actividad ser\u00e1 una constante en los pr\u00f3ximos a\u00f1os, estableciendo una tradici\u00f3n que seguir\u00e1 enriqueciendo nuestra cultura.<\/div>\n<div dir=\"auto\">\u00a0<\/div>\n<div dir=\"auto\"><iframe loading=\"lazy\" src=\"\/\/www.youtube.com\/embed\/0ff0U2QimpE?feature=shared\" width=\"560\" height=\"314\" allowfullscreen=\"allowfullscreen\"><\/iframe><\/div>\n<\/div>\n<\/div>\n<div class=\"x11i5rnm xat24cr x1mh8g0r x1vvkbs xtlvy1s x126k92a\" style=\"text-align: justify;\">\n<h2 dir=\"auto\">Las obras estar\u00e1n expuestas en el Centro Cultural Medina Elvira hasta el 1 de Mayo, de 9:00 a 14:00, y 16:00 a 21:00. \u00a1No te las pierdas!<\/h2>\n<\/div>\n<div class=\"x11i5rnm xat24cr x1mh8g0r x1vvkbs xtlvy1s x126k92a\">\n<div dir=\"auto\" style=\"text-align: justify;\">\u00a1Gracias por ser parte de este d\u00eda art\u00edstico y por ayudarnos a hacer de Atarfe un lugar a\u00fan m\u00e1s colorido!<\/div>\n<\/div>\n","protected":false},"excerpt":{"rendered":"<p>\u00a0 En el marco de la Programaci\u00f3n de Abril Cultural, el Certamen de Pintura al&#8230;<\/p>\n","protected":false},"author":1,"featured_media":68938,"comment_status":"closed","ping_status":"closed","sticky":false,"template":"","format":"standard","meta":{"_coblocks_attr":"","_coblocks_dimensions":"","_coblocks_responsive_height":"","_coblocks_accordion_ie_support":"","jetpack_post_was_ever_published":false,"_jetpack_newsletter_access":"","_jetpack_dont_email_post_to_subs":false,"_jetpack_newsletter_tier_id":0,"_jetpack_memberships_contains_paywalled_content":false,"_jetpack_memberships_contains_paid_content":false,"footnotes":"","jetpack_publicize_message":"","jetpack_publicize_feature_enabled":true,"jetpack_social_post_already_shared":true,"jetpack_social_options":{"image_generator_settings":{"template":"highway","default_image_id":0,"enabled":false},"version":2}},"categories":[12,6916,44],"tags":[],"class_list":["post-68931","post","type-post","status-publish","format-standard","has-post-thumbnail","hentry","category-cultura","category-ayuntamiento-de-atarfe","category-noticias-de-hoy"],"jetpack_publicize_connections":[],"jetpack_featured_media_url":"https:\/\/i0.wp.com\/miradordeatarfe.es\/wp-content\/uploads\/2024\/04\/Imagen-de-WhatsApp-2024-04-21-a-las-18.00.41_5f997359-2-1.jpg?fit=1080%2C914&ssl=1","jetpack_likes_enabled":true,"jetpack_sharing_enabled":true,"_links":{"self":[{"href":"https:\/\/miradordeatarfe.es\/index.php?rest_route=\/wp\/v2\/posts\/68931","targetHints":{"allow":["GET"]}}],"collection":[{"href":"https:\/\/miradordeatarfe.es\/index.php?rest_route=\/wp\/v2\/posts"}],"about":[{"href":"https:\/\/miradordeatarfe.es\/index.php?rest_route=\/wp\/v2\/types\/post"}],"author":[{"embeddable":true,"href":"https:\/\/miradordeatarfe.es\/index.php?rest_route=\/wp\/v2\/users\/1"}],"replies":[{"embeddable":true,"href":"https:\/\/miradordeatarfe.es\/index.php?rest_route=%2Fwp%2Fv2%2Fcomments&post=68931"}],"version-history":[{"count":3,"href":"https:\/\/miradordeatarfe.es\/index.php?rest_route=\/wp\/v2\/posts\/68931\/revisions"}],"predecessor-version":[{"id":68939,"href":"https:\/\/miradordeatarfe.es\/index.php?rest_route=\/wp\/v2\/posts\/68931\/revisions\/68939"}],"wp:featuredmedia":[{"embeddable":true,"href":"https:\/\/miradordeatarfe.es\/index.php?rest_route=\/wp\/v2\/media\/68938"}],"wp:attachment":[{"href":"https:\/\/miradordeatarfe.es\/index.php?rest_route=%2Fwp%2Fv2%2Fmedia&parent=68931"}],"wp:term":[{"taxonomy":"category","embeddable":true,"href":"https:\/\/miradordeatarfe.es\/index.php?rest_route=%2Fwp%2Fv2%2Fcategories&post=68931"},{"taxonomy":"post_tag","embeddable":true,"href":"https:\/\/miradordeatarfe.es\/index.php?rest_route=%2Fwp%2Fv2%2Ftags&post=68931"}],"curies":[{"name":"wp","href":"https:\/\/api.w.org\/{rel}","templated":true}]}}