{"id":68982,"date":"2024-05-11T10:00:49","date_gmt":"2024-05-11T08:00:49","guid":{"rendered":"https:\/\/miradordeatarfe.es\/?p=68982"},"modified":"2024-05-09T20:55:19","modified_gmt":"2024-05-09T18:55:19","slug":"la-vega-de-granada-impresiona-llena-de-amapolas-hacia-mucho-que-no-veia-tantas","status":"publish","type":"post","link":"https:\/\/miradordeatarfe.es\/?p=68982","title":{"rendered":"La Vega de Granada impresiona llena de amapolas: \u00abHac\u00eda mucho que no ve\u00eda tantas\u00bb"},"content":{"rendered":"<h2 class=\"v-a-sub-t\" style=\"text-align: justify;\">Este a\u00f1o, a diferencia de los anteriores, se han dado las condiciones propicias de temperatura y humedad para que sus semillas germinen<\/h2>\n<p class=\"v-p\" style=\"text-align: justify;\">Hasta ahora la primavera en Granada est\u00e1 siendo una primavera de las de antes a nivel meteorol\u00f3gico, con tiempo cambiante, d\u00edas soleados y bastantes jornadas de lluvias. Una situaci\u00f3n completamente opuesta a la de los \u00faltimos a\u00f1os, en la que esta estaci\u00f3n parec\u00eda pr\u00e1cticamente un verano adelantado. Y esto ha provocado que algunas plantas que no se ve\u00edan desde hace tiempo vuelvan a tomar el protagonismo en la Vega de Granada.<\/p>\n<div class=\"paywall container-wall-exclusive\" data-mrf-recirculation=\"Link art\u00edculos\">\n<p class=\"v-p\" style=\"text-align: justify;\">Es el caso de la amapola, que durante las \u00faltimas semanas se ha convertido en una de las protagonistas de diversos puntos del \u00e1rea metropolitana de Granada. \u00abEs tiempo de amapolas, que se abren paso entre tanto jaramago amarillo y dejan estampas preciosas en la Vega de Granada\u00bb, publica en la red social X @Granada_Meteo, que acompa\u00f1a su mensaje de varias fotograf\u00edas de campos de amapolas.<\/p>\n<div id=\"wms-intext\" class=\"wms-intext\" style=\"text-align: justify;\">\u00a0Adem\u00e1s, detalla que \u00abhac\u00eda mucho que no ve\u00eda tantas\u00bb. Una publicaci\u00f3n que, debido a la belleza de las im\u00e1genes, no ha tardado en volverse viral y cuenta ya con m\u00e1s de 14.000 reproducciones y cerca de 500 &#8216;Me gusta&#8217;. Seg\u00fan cuenta a IDEAL, la zona de las fotograf\u00edas se ubica entre Og\u00edjares y La Zubia y suele recorrerla con asiduidad. \u00abLlevo viviendo aqu\u00ed ocho a\u00f1os y no hab\u00eda visto tantas como ahora\u00bb, detalla.<\/div>\n<div class=\"v-c-cmp v-n-mrg\" style=\"text-align: justify;\">\n<h3 class=\"v-cmp-suh\">\u00bfPor qu\u00e9 hay tantas amapolas este a\u00f1o?<\/h3>\n<\/div>\n<p class=\"v-p\" style=\"text-align: justify;\">Aunque durante los \u00faltimos a\u00f1os no se ve\u00edan tantas amapolas, m\u00e1s all\u00e1 de encontrar alguna que otra de forma aislada, es una planta bastante t\u00edpica de esta zona. Y la gran diferencia por la que esta primavera hay tantas, formando bonitos campos de amapolas, reside \u00fanica y exclusivamente en el clima.<\/p>\n<p class=\"v-p\" style=\"text-align: justify;\">\u00abLa explicaci\u00f3n es sencilla: se debe al tiempo que ha hecho\u00bb, detalla a IDEAL Francisco Valle, catedr\u00e1tico de Bot\u00e1nica de la Universidad de Granada, que explica que este a\u00f1o las lluvias \u00abhan ca\u00eddo en su momento\u00bb y esto se ha sumado al hecho de que hab\u00eda muchas \u00absemillas durmientes\u00bb de amapola en el suelo. \u00abEstas semillas solo germinan con las condiciones adecuadas de temperatura y humedad, algo que ha ocurrido este a\u00f1o porque ha ca\u00eddo una cantidad de agua enorme\u00bb, finaliza Valle.<\/p>\n<article class=\"v-a v-a--d v-a--d-bs v-a--p-b\">\n<div class=\"v-a-img-c v-a-img-c--fw-xs\">\n<figure class=\"v-a-fig\" style=\"text-align: justify;\"><figcaption class=\"v-fc\"><span class=\"v-fc__t\"><strong>Alberto Flores<\/p>\n<p><\/strong>FOTO: Campos de amapolas en la Vega de Granada.<\/span> <span class=\"v-fc__p\">@Granada_Meteo<br \/>\nhttps:\/\/www.ideal.es\/granada\/vega-granada-impresiona-llena-amapolas-veia-tantas-20240424101943-nt.html<br \/>\n<\/span><\/figcaption><\/figure>\n<\/div>\n<div class=\"v-a-info-c \">\n<h2 class=\"v-a-sub-t\">\u00a0<\/h2>\n<\/div>\n<\/article>\n<div class=\"v-d v-d--ab-c v-d--bs\">\n<div class=\"v-mdl-ath \" data-voc-component=\"viewport-not-visible\">\n<div class=\"v-mdl-ath__c v-mdl-ath__c--1\">\n<div class=\"v-mdl-ath__inf\">\n<p class=\"v-mdl-ath__p v-mdl-ath__p--2\"><strong>\u00a0<\/strong><\/p>\n<\/div>\n<\/div>\n<\/div>\n<\/div>\n<\/div>\n","protected":false},"excerpt":{"rendered":"<p>Este a\u00f1o, a diferencia de los anteriores, se han dado las condiciones propicias de temperatura&#8230;<\/p>\n","protected":false},"author":1,"featured_media":68983,"comment_status":"closed","ping_status":"closed","sticky":false,"template":"","format":"standard","meta":{"_coblocks_attr":"","_coblocks_dimensions":"","_coblocks_responsive_height":"","_coblocks_accordion_ie_support":"","jetpack_post_was_ever_published":false,"_jetpack_newsletter_access":"","_jetpack_dont_email_post_to_subs":false,"_jetpack_newsletter_tier_id":0,"_jetpack_memberships_contains_paywalled_content":false,"_jetpack_memberships_contains_paid_content":false,"footnotes":"","jetpack_publicize_message":"","jetpack_publicize_feature_enabled":true,"jetpack_social_post_already_shared":true,"jetpack_social_options":{"image_generator_settings":{"template":"highway","default_image_id":0,"enabled":false},"version":2}},"categories":[10781,9,44],"tags":[],"class_list":["post-68982","post","type-post","status-publish","format-standard","has-post-thumbnail","hentry","category-granada","category-medio-ambiente","category-noticias-de-hoy"],"jetpack_publicize_connections":[],"jetpack_featured_media_url":"https:\/\/i0.wp.com\/miradordeatarfe.es\/wp-content\/uploads\/2024\/04\/vega-granada-llena-amapolas-kUF-U2102186193218EzE-1200x840%40Ideal.webp?fit=1200%2C840&ssl=1","jetpack_likes_enabled":true,"jetpack_sharing_enabled":true,"_links":{"self":[{"href":"https:\/\/miradordeatarfe.es\/index.php?rest_route=\/wp\/v2\/posts\/68982","targetHints":{"allow":["GET"]}}],"collection":[{"href":"https:\/\/miradordeatarfe.es\/index.php?rest_route=\/wp\/v2\/posts"}],"about":[{"href":"https:\/\/miradordeatarfe.es\/index.php?rest_route=\/wp\/v2\/types\/post"}],"author":[{"embeddable":true,"href":"https:\/\/miradordeatarfe.es\/index.php?rest_route=\/wp\/v2\/users\/1"}],"replies":[{"embeddable":true,"href":"https:\/\/miradordeatarfe.es\/index.php?rest_route=%2Fwp%2Fv2%2Fcomments&post=68982"}],"version-history":[{"count":1,"href":"https:\/\/miradordeatarfe.es\/index.php?rest_route=\/wp\/v2\/posts\/68982\/revisions"}],"predecessor-version":[{"id":68984,"href":"https:\/\/miradordeatarfe.es\/index.php?rest_route=\/wp\/v2\/posts\/68982\/revisions\/68984"}],"wp:featuredmedia":[{"embeddable":true,"href":"https:\/\/miradordeatarfe.es\/index.php?rest_route=\/wp\/v2\/media\/68983"}],"wp:attachment":[{"href":"https:\/\/miradordeatarfe.es\/index.php?rest_route=%2Fwp%2Fv2%2Fmedia&parent=68982"}],"wp:term":[{"taxonomy":"category","embeddable":true,"href":"https:\/\/miradordeatarfe.es\/index.php?rest_route=%2Fwp%2Fv2%2Fcategories&post=68982"},{"taxonomy":"post_tag","embeddable":true,"href":"https:\/\/miradordeatarfe.es\/index.php?rest_route=%2Fwp%2Fv2%2Ftags&post=68982"}],"curies":[{"name":"wp","href":"https:\/\/api.w.org\/{rel}","templated":true}]}}