{"id":69002,"date":"2024-05-10T11:02:20","date_gmt":"2024-05-10T09:02:20","guid":{"rendered":"https:\/\/miradordeatarfe.es\/?p=69002"},"modified":"2024-04-25T12:21:00","modified_gmt":"2024-04-25T10:21:00","slug":"inmaculada-concepcion","status":"publish","type":"post","link":"https:\/\/miradordeatarfe.es\/?p=69002","title":{"rendered":"PATRIMONIO DE ATARFE: INMACULADA CONCEPCI\u00d3N"},"content":{"rendered":"<h3 align=\"JUSTIFY\"><span style=\"color: #000000;\"><span style=\"font-family: Times New Roman, serif;\"><span style=\"font-size: large;\">Esta escultura de talla completa se encuentra ubicada en la Capilla Mayor, sobre una peana de m\u00e1rmol junto al tabern\u00e1culo.<\/span><\/span><\/span><\/h3>\n<p align=\"JUSTIFY\"><span style=\"color: #000000;\"><span style=\"font-family: Times New Roman, serif;\"><span style=\"font-size: large;\"><a href=\"https:\/\/i0.wp.com\/miradordeatarfe.es\/wp-content\/uploads\/2024\/04\/inmaculada-de-la-encarnacion.png?ssl=1\"><img data-recalc-dims=\"1\" loading=\"lazy\" decoding=\"async\" class=\"wp-image-69003 alignleft\" src=\"https:\/\/i0.wp.com\/miradordeatarfe.es\/wp-content\/uploads\/2024\/04\/inmaculada-de-la-encarnacion-162x300.png?resize=179%2C331&#038;ssl=1\" alt=\"\" width=\"179\" height=\"331\" srcset=\"https:\/\/i0.wp.com\/miradordeatarfe.es\/wp-content\/uploads\/2024\/04\/inmaculada-de-la-encarnacion.png?resize=162%2C300&amp;ssl=1 162w, https:\/\/i0.wp.com\/miradordeatarfe.es\/wp-content\/uploads\/2024\/04\/inmaculada-de-la-encarnacion.png?w=203&amp;ssl=1 203w\" sizes=\"auto, (max-width: 179px) 100vw, 179px\" \/><\/a>De autor an\u00f3nimo granadino, es de estilo Barroco y se fecha su realizaci\u00f3n entre 1750 a 1799. El material utilizado para su realizaci\u00f3n es madera, pigmentos y pan de oro, siendo su soporte a base de madera tallada y policromada. Mide 65 por 31 por 22 cm. <\/span><\/span><\/span><span style=\"color: #000000;\"><span style=\"font-family: Times New Roman, serif;\"><span style=\"font-size: large;\">Seg\u00fan el libro de inventario de 1799, esta imagen formaba parte del desaparecido retablo mayor.<\/span><\/span><\/span><\/p>\n<p align=\"JUSTIFY\"><span style=\"color: #000000;\"><span style=\"font-family: Times New Roman, serif;\"><span style=\"font-size: large;\">La iconografia representa a la \u00abInmaculada Concepci\u00f3n\u00bb sobre una peana dorada, aparece una nube con tres cabezas de \u00e1ngeles, un drag\u00f3n y media luna con los picos hacia abajo. Sobre ellos, la imagen de Mar\u00eda Inmaculada de pie, vestida con t\u00fanica de fondo blanco y decoraci\u00f3n vegetal y floral, y manto azul con bordes decorados que recoge con su brazo izquierdo. Se representa como una mujer joven de larga cabellera negra que une sus manos a la altura del pecho.<\/span><\/span><\/span><\/p>\n<p align=\"JUSTIFY\"><span style=\"color: #000000;\"><span style=\"font-family: Times New Roman, serif;\"><span style=\"font-size: large;\">Su conservaci\u00f3n es muy mala y es prioritaria una urgente restauraci\u00f3n ya que, es una de las piezas de mayor valor art\u00edstico que poseemos. <\/span><\/span><\/span><span style=\"color: #000000;\"><span style=\"font-family: Times New Roman, serif;\"><span style=\"font-size: large;\">Presenta numerosos deterioros como la separaci\u00f3n de uno de los \u00e1ngeles y el pico de la izquierda de la media luna, con riesgo de llegar a desprenderse del conjunto. Tambi\u00e9n presenta algunas microfisuras, le faltan los dedos de ambas manos, tiene una p\u00e9rdida del conjunto pict\u00f3rico&#8217; en un 15% de la superficie de la obra y ha sufrido repintes parciales muy mal hechos,<\/span><\/span><\/span><\/p>\n<h3 align=\"LEFT\"><span style=\"color: #000000;\"><span style=\"font-family: Times New Roman, serif;\"><span style=\"font-size: large;\"><u>FISONOM\u00cdA<\/u>.<\/span><\/span><\/span><\/h3>\n<p align=\"JUSTIFY\"><span style=\"color: #000000;\"><span style=\"font-family: Times New Roman, serif;\"><span style=\"font-size: large;\">El dogma de la Inmaculada Concepci\u00f3n de Santa Mat\u00c5a Virgen fue ilustrado por la bula \u00abIneff\u00e1bilis Deus\u00bb, de P\u00edo IX, en el 1854. <\/span><\/span><\/span><span style=\"color: #000000;\"><span style=\"font-family: Times New Roman, serif;\"><span style=\"font-size: large;\">La oraci\u00f3n colecta compuesta en tiempos de Sixto IV en 1477, es una s\u00edntesis casi verbal de la definici\u00f3n dogm\u00e1tica por que afirma que \u00aben <\/span><\/span><\/span><span style=\"color: #000000;\"><span style=\"font-family: Times New Roman, serif;\"><span style=\"font-size: large;\">previsi\u00f3n de la muerte de tu Hijo la (a Mar\u00eda) preservaste (Dios) de todo pecado\u00bb. <\/span><\/span><\/span><span style=\"color: #000000;\"><span style=\"font-family: Times New Roman, serif;\"><span style=\"font-size: large;\">Mar\u00eda ocupa un lugar singular en el plan salvador del Padre. Fue preparada por Dios desde que fue concebida. Ella ha puesto toda la fuerza de su alma libre al solticio de ese plan de salvaci\u00f3n.<\/span><\/span><\/span><\/p>\n<p align=\"JUSTIFY\"><span style=\"color: #000000;\"><span style=\"font-family: Times New Roman, serif;\"><span style=\"font-size: large;\">Fue en ella donde empez\u00f3 a realizarse esa anunciada salvaci\u00f3n. En Mar\u00eda se juntaron el plan de Dios y la m\u00e1s impresionante disponibilidad que jamas se vio en criatura alguna. Dios la escogi\u00f3 para que fuese su madre y la empez\u00f3 a preparar haci\u00e9ndola limpia desde el<\/span><\/span><\/span><\/p>\n<p align=\"JUSTIFY\"><span style=\"color: #000000;\"><span style=\"font-family: Times New Roman, serif;\"><span style=\"font-size: large;\">La Iglesia celebra la festividad de la Inmaculada Concepci\u00f3n de Mar\u00eda el d\u00eda 8 de diciembre.<\/span><\/span><\/span><\/p>\n<h3 align=\"JUSTIFY\">Comision de Liturgia de la Parroquia<\/h3>\n","protected":false},"excerpt":{"rendered":"<p>Esta escultura de talla completa se encuentra ubicada en la Capilla Mayor, sobre una peana&#8230;<\/p>\n","protected":false},"author":1,"featured_media":0,"comment_status":"closed","ping_status":"closed","sticky":false,"template":"","format":"standard","meta":{"_coblocks_attr":"","_coblocks_dimensions":"","_coblocks_responsive_height":"","_coblocks_accordion_ie_support":"","jetpack_post_was_ever_published":false,"_jetpack_newsletter_access":"","_jetpack_dont_email_post_to_subs":false,"_jetpack_newsletter_tier_id":0,"_jetpack_memberships_contains_paywalled_content":false,"_jetpack_memberships_contains_paid_content":false,"footnotes":"","jetpack_publicize_message":"","jetpack_publicize_feature_enabled":true,"jetpack_social_post_already_shared":true,"jetpack_social_options":{"image_generator_settings":{"template":"highway","default_image_id":0,"enabled":false},"version":2}},"categories":[1225,186,44],"tags":[],"class_list":["post-69002","post","type-post","status-publish","format-standard","hentry","category-ha-de-atarfe","category-instituciones","category-noticias-de-hoy"],"jetpack_publicize_connections":[],"jetpack_featured_media_url":"","jetpack_likes_enabled":true,"jetpack_sharing_enabled":true,"_links":{"self":[{"href":"https:\/\/miradordeatarfe.es\/index.php?rest_route=\/wp\/v2\/posts\/69002","targetHints":{"allow":["GET"]}}],"collection":[{"href":"https:\/\/miradordeatarfe.es\/index.php?rest_route=\/wp\/v2\/posts"}],"about":[{"href":"https:\/\/miradordeatarfe.es\/index.php?rest_route=\/wp\/v2\/types\/post"}],"author":[{"embeddable":true,"href":"https:\/\/miradordeatarfe.es\/index.php?rest_route=\/wp\/v2\/users\/1"}],"replies":[{"embeddable":true,"href":"https:\/\/miradordeatarfe.es\/index.php?rest_route=%2Fwp%2Fv2%2Fcomments&post=69002"}],"version-history":[{"count":3,"href":"https:\/\/miradordeatarfe.es\/index.php?rest_route=\/wp\/v2\/posts\/69002\/revisions"}],"predecessor-version":[{"id":69067,"href":"https:\/\/miradordeatarfe.es\/index.php?rest_route=\/wp\/v2\/posts\/69002\/revisions\/69067"}],"wp:attachment":[{"href":"https:\/\/miradordeatarfe.es\/index.php?rest_route=%2Fwp%2Fv2%2Fmedia&parent=69002"}],"wp:term":[{"taxonomy":"category","embeddable":true,"href":"https:\/\/miradordeatarfe.es\/index.php?rest_route=%2Fwp%2Fv2%2Fcategories&post=69002"},{"taxonomy":"post_tag","embeddable":true,"href":"https:\/\/miradordeatarfe.es\/index.php?rest_route=%2Fwp%2Fv2%2Ftags&post=69002"}],"curies":[{"name":"wp","href":"https:\/\/api.w.org\/{rel}","templated":true}]}}