{"id":69029,"date":"2024-04-29T08:10:20","date_gmt":"2024-04-29T06:10:20","guid":{"rendered":"https:\/\/miradordeatarfe.es\/?p=69029"},"modified":"2024-04-25T11:16:56","modified_gmt":"2024-04-25T09:16:56","slug":"granada-cambia-sus-farolas-del-centro-por-iluminacion-artistica-y-con-control-remoto","status":"publish","type":"post","link":"https:\/\/miradordeatarfe.es\/?p=69029","title":{"rendered":"Granada cambia sus farolas del centro por iluminaci\u00f3n art\u00edstica y con control remoto"},"content":{"rendered":"<h3 style=\"text-align: justify;\">Casi 600 farolas del centro hist\u00f3rico de Granada han dejado de proyectar luz vial para ofrecer una iluminaci\u00f3n art\u00edstica sin contaminaci\u00f3n lum\u00ednica<\/h3>\n<p style=\"text-align: justify;\">Granada ha sustituido las farolas de m\u00e1s de setenta calles de su conjunto monumental por iluminaci\u00f3n art\u00edstica, eficiente y con control remoto, una actuaci\u00f3n financiada con el Plan Alhambra que pretende reducir la contaminaci\u00f3n lum\u00ednica y el gasto.<\/p>\n<p style=\"text-align: justify;\">Casi 600 farolas del centro hist\u00f3rico de Granada han dejado de proyectar luz vial para ofrecer una iluminaci\u00f3n art\u00edstica sin contaminaci\u00f3n lum\u00ednica y tecnolog\u00eda led para reducir el consumo el\u00e9ctrico hasta un 56 %.<\/p>\n<p style=\"text-align: justify;\">La actuaci\u00f3n aporta una iluminaci\u00f3n m\u00e1s sensible y eficiente que se amolda a la riqueza patrimonial y cultural del conjunto hist\u00f3rico del centro de Granada y se enmarca en el Plan Alhambra que destina presupuesto del monumento a mejorar el resto de la ciudad.<\/p>\n<p style=\"text-align: justify;\">La alcaldesa de Granada, Marifr\u00e1n Carazo; el delegado del Gobierno andaluz en Granada, Antonio Granados; y el director del Patronato de la Alhambra, Rodrigo Ruiz Jim\u00e9nez, han visitado este lunes los trabajos para instalar esta nueva iluminaci\u00f3n.<\/p>\n<p style=\"text-align: justify;\">La intervenci\u00f3n terminar\u00e1 en un plazo de nueve meses y se ha dise\u00f1ado atendiendo a factores de conservaci\u00f3n y protecci\u00f3n del patrimonio, adem\u00e1s de modificar los moldes de los fustes y basamentos de las farolas para poder incorporar la tecnolog\u00eda Led.<\/p>\n<p style=\"text-align: justify;\">Granados ha subrayado que la actuaci\u00f3n ejemplifica la colaboraci\u00f3n entre administraciones al implicar a la Junta y al Ayuntamiento para el embellecimiento de la ciudad.<\/p>\n<p style=\"text-align: justify;\">La modificaci\u00f3n de estos 600 puntos de luz reducir\u00e1 a la mitad el gasto energ\u00e9tico y dejar\u00e1 de emitir 41.000 toneladas de CO2.<\/p>\n<p style=\"text-align: justify;\">El proyecto utiliza un sistema punto a punto mediante telegesti\u00f3n con nodo superior de comunicaciones que permite programar de forma remota el encendido y apagado del alumbrado p\u00fablico, regular el nivel de iluminaci\u00f3n, controlar su consumo en tiempo real y reaccionar a aver\u00edas.<\/p>\n<p>REDACCI\u00d3N VIVA GRANADA<\/p>\n<p>FOTO: Ayuntamiento de Granada<\/p>\n<p>https:\/\/vivagranada.es\/granada\/1637359\/granada-cambia-sus-farolas-del-centro-por-iluminacion-artistica-y-con-control-remoto\/?utm_source=dlvr.it&#038;utm_medium=facebook&#038;fbclid=IwZXh0bgNhZW0CMTEAAR0FJRnh9XSlNLUCAjO9zcBQMNSC5gd_opwnHHdwXaLeOywAFU19KKVn6bU_aem_AeAwVeXK527oWw9IVPxE2XsQpFrCHLaoQEzTeF8Hd7GXVcl33VEdzxvumeed2r7cDPiHIqHDOMdInCpC-HwX__RG<\/p>\n<p>&nbsp;<\/p>\n","protected":false},"excerpt":{"rendered":"<p>Casi 600 farolas del centro hist\u00f3rico de Granada han dejado de proyectar luz vial para&#8230;<\/p>\n","protected":false},"author":1,"featured_media":69030,"comment_status":"closed","ping_status":"closed","sticky":false,"template":"","format":"standard","meta":{"_coblocks_attr":"","_coblocks_dimensions":"","_coblocks_responsive_height":"","_coblocks_accordion_ie_support":"","jetpack_post_was_ever_published":false,"_jetpack_newsletter_access":"","_jetpack_dont_email_post_to_subs":false,"_jetpack_newsletter_tier_id":0,"_jetpack_memberships_contains_paywalled_content":false,"_jetpack_memberships_contains_paid_content":false,"footnotes":"","jetpack_publicize_message":"","jetpack_publicize_feature_enabled":true,"jetpack_social_post_already_shared":true,"jetpack_social_options":{"image_generator_settings":{"template":"highway","default_image_id":0,"enabled":false},"version":2}},"categories":[1161,10781,44],"tags":[],"class_list":["post-69029","post","type-post","status-publish","format-standard","has-post-thumbnail","hentry","category-ciudadania","category-granada","category-noticias-de-hoy"],"jetpack_publicize_connections":[],"jetpack_featured_media_url":"https:\/\/i0.wp.com\/miradordeatarfe.es\/wp-content\/uploads\/2024\/04\/granada-cambia-farolas-centro-historico-tendran-iluminacion-artistica_98.webp?fit=1900%2C1069&ssl=1","jetpack_likes_enabled":true,"jetpack_sharing_enabled":true,"_links":{"self":[{"href":"https:\/\/miradordeatarfe.es\/index.php?rest_route=\/wp\/v2\/posts\/69029","targetHints":{"allow":["GET"]}}],"collection":[{"href":"https:\/\/miradordeatarfe.es\/index.php?rest_route=\/wp\/v2\/posts"}],"about":[{"href":"https:\/\/miradordeatarfe.es\/index.php?rest_route=\/wp\/v2\/types\/post"}],"author":[{"embeddable":true,"href":"https:\/\/miradordeatarfe.es\/index.php?rest_route=\/wp\/v2\/users\/1"}],"replies":[{"embeddable":true,"href":"https:\/\/miradordeatarfe.es\/index.php?rest_route=%2Fwp%2Fv2%2Fcomments&post=69029"}],"version-history":[{"count":3,"href":"https:\/\/miradordeatarfe.es\/index.php?rest_route=\/wp\/v2\/posts\/69029\/revisions"}],"predecessor-version":[{"id":69033,"href":"https:\/\/miradordeatarfe.es\/index.php?rest_route=\/wp\/v2\/posts\/69029\/revisions\/69033"}],"wp:featuredmedia":[{"embeddable":true,"href":"https:\/\/miradordeatarfe.es\/index.php?rest_route=\/wp\/v2\/media\/69030"}],"wp:attachment":[{"href":"https:\/\/miradordeatarfe.es\/index.php?rest_route=%2Fwp%2Fv2%2Fmedia&parent=69029"}],"wp:term":[{"taxonomy":"category","embeddable":true,"href":"https:\/\/miradordeatarfe.es\/index.php?rest_route=%2Fwp%2Fv2%2Fcategories&post=69029"},{"taxonomy":"post_tag","embeddable":true,"href":"https:\/\/miradordeatarfe.es\/index.php?rest_route=%2Fwp%2Fv2%2Ftags&post=69029"}],"curies":[{"name":"wp","href":"https:\/\/api.w.org\/{rel}","templated":true}]}}