{"id":69034,"date":"2024-05-03T09:18:52","date_gmt":"2024-05-03T07:18:52","guid":{"rendered":"https:\/\/miradordeatarfe.es\/?p=69034"},"modified":"2024-04-26T11:53:37","modified_gmt":"2024-04-26T09:53:37","slug":"leyes-contra-el-ecocidio","status":"publish","type":"post","link":"https:\/\/miradordeatarfe.es\/?p=69034","title":{"rendered":"Leyes contra el ecocidio"},"content":{"rendered":"<h3 style=\"text-align: justify;\">La delincuencia medioambiental es la tercera industria criminal del mundo. Recientemente, diversos pa\u00edses han ido incorporando el ecocidio a su c\u00f3digo penal. Su codificaci\u00f3n legal ser\u00eda una de las mejores v\u00edas para la protecci\u00f3n del planeta<\/h3>\n<p style=\"text-align: justify;\">En el verano, Chile incorpor\u00f3 a su c\u00f3digo penal el concepto de ecocidio. Lo hizo de forma <a href=\"https:\/\/stopecocidio.org\/press-releases\/chile-reforma-codigo-penal-introduce-elementos-de-definicion-juridica-ecocidio\" target=\"_blank\" rel=\"noopener\">indirecta,<\/a> aunque no lo menciona como tal, s\u00ed habla de lo que el ecocidio supone. Ha sido una decisi\u00f3n hist\u00f3rica que confirma que <strong>atacar v\u00eda legislaci\u00f3n el abuso de los recursos naturales<\/strong> se est\u00e1 asentando como uno de los caminos que est\u00e1n tomando diferentes pa\u00edses alrededor del mundo.<\/p>\n<p style=\"text-align: justify;\">Por definici\u00f3n, el ecocidio es \u00ab<strong>cualquier acto il\u00edcito o arbitrario perpetrado a sabiendas de que existe una probabilidad sustancial de que cause da\u00f1os graves que sean extensos o duraderos al medio ambiente<\/strong>\u00bb. El concepto fue definido en 2021 por un panel de expertos independientes convocados por la Fundaci\u00f3n Stop Ecocidio. Y esa <a href=\"https:\/\/stopecocidio.org\/press-releases\/expertos-piden-a-la-corte-penal-internacional-que-se-incorpore-el-ecocidio-como-un-nuevo-crimen\" target=\"_blank\" rel=\"noopener\">es<\/a> la que est\u00e1n pidiendo ahora que la Corte Penal Internacional incorpore al Estatuto de Roma.<\/p>\n<p style=\"text-align: justify;\">Aun as\u00ed, el t\u00e9rmino no es nuevo. De hecho, algo m\u00e1s de <strong>una docena de pa\u00edses en todo el mundo ya <a href=\"https:\/\/ecocidelaw.com\/existing-ecocide-laws\/\" target=\"_blank\" rel=\"noopener\">tienen<\/a>\u00a0leyes sobre el ecocidio, algunos desde incluso los a\u00f1os 90<\/strong>. Unos cuantos m\u00e1s <a href=\"https:\/\/www.theguardian.com\/environment\/2023\/aug\/26\/growing-number-of-countries-consider-making-ecocide-crime\" target=\"_blank\" rel=\"noopener\">est\u00e1n<\/a> trabajando para hacerlo o est\u00e1n cerca de tipificarlo. B\u00e9lgica es el caso m\u00e1s reciente. Adem\u00e1s, en febrero, el Parlamento Europeo aprob\u00f3 la nueva normativa europea de delitos ambientales, que no incluye el t\u00e9rmino pero que, como en el caso chileno, s\u00ed sus \u00e1reas de impacto.<\/p>\n<p style=\"text-align: justify;\">La Uni\u00f3n Europea <a href=\"https:\/\/www.consilium.europa.eu\/en\/press\/press-releases\/2023\/11\/16\/environmental-crime-council-and-european-parliament-reach-provisional-agreement-on-new-eu-law\/\" target=\"_blank\" rel=\"noopener\">ha estado<\/a> endureciendo en los \u00faltimos meses las diferentes normas comunitarias relacionadas con los delitos ambientales. Seg\u00fan <a href=\"https:\/\/www.consilium.europa.eu\/es\/press\/press-releases\/2023\/11\/16\/environmental-crime-council-and-european-parliament-reach-provisional-agreement-on-new-eu-law\/\" target=\"_blank\" rel=\"noopener\">datos<\/a> del Consejo de la Uni\u00f3n Europea, \u00ab<strong>la delincuencia medioambiental es una de las actividades delictivas organizadas m\u00e1s lucrativas del mundo<\/strong>\u00bb. Ahora mismo, <a href=\"https:\/\/www.consilium.europa.eu\/en\/infographics\/eu-fight-environmental-crime-2022\/\" target=\"_blank\" rel=\"noopener\">es<\/a> la tercera industria criminal del mundo, con un crecimiento de entre el 5 y el 7% interanual y causa p\u00e9rdidas de entre 110.000 y 281.000 millones de d\u00f3lares en todo el mundo. Sin embargo, es dif\u00edcil de detectar y de sancionar.<\/p>\n<blockquote class=\"right\">\n<p>El Parlamento Europeo aprob\u00f3 este a\u00f1o la nueva normativa europea de delitos ambientales<\/p>\n<\/blockquote>\n<p style=\"text-align: justify;\">En noviembre de 2023, se cerr\u00f3 un acuerdo para aumentar la lista de potenciales delitos ambientales y sus penas. As\u00ed, la lista pas\u00f3 de 9 a 18 cr\u00edmenes tipificados en la normativa europea. Entre los nuevos delitos, se encuentran el <strong>tr\u00e1fico de madera, el reciclado ilegal de componentes de barcos o las infracciones serias en la normativa sobre qu\u00edmicos<\/strong>. Las penas tambi\u00e9n se han vuelto m\u00e1s duras, tanto en tiempo de c\u00e1rcel como en multas. Por ejemplo, la penalizaci\u00f3n econ\u00f3mica oscilar\u00e1 entre el 3 y el 5% de la facturaci\u00f3n de las empresas, o entre los 24 y los 40 millones de euros.<\/p>\n<p style=\"text-align: justify;\">\u00abLa delincuencia medioambiental causa da\u00f1os devastadores a nuestro medio ambiente, perjudica nuestra salud y nuestra econom\u00eda\u00bb, asegura Virginijus Sinkevi\u010dius, comisario responsable de Medio Ambiente, Oc\u00e9anos y Pesca. \u00abDurante demasiado tiempo, <strong>los delincuentes se han beneficiado de la debilidad de las sanciones y de la falta de ejecuci\u00f3n<\/strong>\u00bb, <a href=\"https:\/\/ec.europa.eu\/commission\/presscorner\/detail\/es\/ip_23_5817\" target=\"_blank\" rel=\"noopener\">lamenta<\/a>.<\/p>\n<p style=\"text-align: justify;\">En paralelo, la UE ha ido cerrando acuerdos provisionales para afianzar otras normativas comunitarias que reduzcan el impacto en el medio ambiente. En los \u00faltimos meses, se ha endurecido la norma de gesti\u00f3n de residuos, incorporando obligaciones de pago para las industrias contaminantes (las farmac\u00e9uticas y cosm\u00e9ticas deber\u00e1n <a href=\"https:\/\/www.consilium.europa.eu\/en\/press\/press-releases\/2024\/01\/29\/urban-wastewater-council-and-parliament-reach-a-deal-on-new-rules-for-more-efficient-treatment-and-monitoring\/\" target=\"_blank\" rel=\"noopener\">asumir<\/a> el 80% del coste del tratamiento adicional para eliminar micropl\u00e1sticos); se ha regulado el <em>packaging<\/em>, para obligar a que este sea m\u00e1s sostenible y reducirlo al m\u00ednimo; y se han aprobado medidas parlamentarias para reducir contaminaci\u00f3n industrial y de las granjas, codificando multas para quienes incumplan.<\/p>\n<h2 style=\"text-align: justify;\">El medio ambiente, a juicio<\/h2>\n<p style=\"text-align: justify;\">Las leyes concretas est\u00e1n emergiendo, pero la cuesti\u00f3n verde lleva siendo una cuesti\u00f3n penal ya desde hace alg\u00fan tiempo. A nivel global, activistas y organizaciones de todo tipo llevan d\u00e9cadas haciendo activismo judicial. En 2022, se registr\u00f3 en Francia \u2013el primer pa\u00eds de la Uni\u00f3n Europea en tipificarlo en su c\u00f3digo penal\u2013 la <strong>primera demanda por ecocidio en Europa<\/strong>, centrada en la contaminaci\u00f3n qu\u00edmica. Pero incluso all\u00ed donde el ecocidio no es todav\u00eda parte de la ley, se han presentado demandas, aprovechando otras normas.<\/p>\n<p style=\"text-align: justify;\"><strong>Desde 2017, se han duplicado los litigios ambientales<\/strong>, seg\u00fan estimaciones del Programa de las Naciones Unidas para el Medio Ambiente (PNUMA) y del Sabin Center for Climate Change Law de la Universidad de Columbia. Y los demandados no son solo empresas; tambi\u00e9n se <a href=\"https:\/\/www.abc.es\/antropia\/cambio-climatico-sienta-banquillo-acusados-20230927160633-nt.html\" target=\"_blank\" rel=\"noopener\">est\u00e1 acusando<\/a> a los organismos p\u00fablicos de no hacer lo suficiente para frenar el cambio clim\u00e1tico.<\/p>\n<p style=\"text-align: justify;\">Fuentes expertas esperan que la cifra de litigios clim\u00e1ticos vaya en aumento en las pr\u00f3ximas d\u00e9cadas. Las sentencias, al convertirse en jurisprudencia, pueden afianzarse como material para el cambio.<\/p>\n<p style=\"text-align: justify;\">Una gran parte de los litigios clim\u00e1ticos se producen en los tribunales estadounidenses, aunque tambi\u00e9n se est\u00e1n produciendo ejemplos m\u00e1s cercanos. En Espa\u00f1a, la demanda colectiva de varias oeneg\u00e9s contra el Gobierno se resolvi\u00f3 a favor del Estado. La m\u00e1s reciente \u2013y llamativa, porque implica a dos compa\u00f1\u00edas privadas tanto como demandante como demandada\u2013 es la que acaba de enfrentar a Repsol e Iberdrola. Esta \u00faltima ha denunciado a la primera por, seg\u00fan sus <a href=\"https:\/\/elpais.com\/clima-y-medio-ambiente\/2024-03-23\/la-batalla-contra-el-ecopostureo-explota-en-los-tribunales.html\" target=\"_blank\" rel=\"noopener\">acusaciones<\/a>, hacer <a href=\"https:\/\/ethic.es\/2023\/06\/el-greenwashing-sale-caro\/\"><em>greenwashing<\/em><\/a> y, con ello, distorsionar el mercado.<\/p>\n<p style=\"text-align: justify;\">El ecopostureo es una de las grandes preocupaciones de este momento, incluso fuera de los tribunales. Euromonitor ya apuntaba en diciembre en sus proyecciones de consumo para 2024 que una de las claves ser\u00eda lo que llamaban \u00ab<em>greenwashed<\/em> <em>out<\/em>\u00bb, un <strong>mayor cuestionamiento de las promesas \u00abeco\u00bb<\/strong> y un rechazo m\u00e1s pleno de las que no tienen fundamentos reales.<\/p>\n<p style=\"text-align: justify;\">Por ello, no sorprende que vaya a ser tambi\u00e9n una de las \u00e1reas clave de la normativa verde que se avecina. En Espa\u00f1a, se trabaja en la llamada Ley de Consumo Sostenible, que penalizar\u00e1 que se vendan como \u00abverdes\u00bb productos que no lo son y los considerar\u00e1 competencia desleal. Las multas, seg\u00fan <a href=\"https:\/\/elpais.com\/clima-y-medio-ambiente\/2024-03-15\/adios-a-los-productos-sostenibles-y-verdes-el-gobierno-quiere-multar-con-100000-euros-a-las-empresas-que-hagan-ecopostureo.html\" target=\"_blank\" rel=\"noopener\">ha adelantado<\/a> <em>El Pa\u00eds<\/em>, podr\u00edan llegar a los 100.000 euros.<\/p>\n<p style=\"text-align: justify;\">Sobre el ecocidio, aunque todav\u00eda no forma parte del c\u00f3digo penal espa\u00f1ol, el Parlamento catal\u00e1n ha <a href=\"https:\/\/stopecocidio.org\/press-releases\/el-parlamento-catalan-inicia-la-tramitacion-para-incluir-el-ecocidio-en-el-codigo-penal-estatal\" target=\"_blank\" rel=\"noopener\">iniciado<\/a> un procedimiento para conseguirlo.<\/p>\n<h2><a href=\"https:\/\/ethic.es\/articulistas\/raquel-c-pico?_gl=1*12b03qm*_up*MQ..*_ga*MTk4NzM1Njc1My4xNzE0MDM2NzI0*_ga_0LL6WCT924*MTcxNDAzNjcyMy4xLjAuMTcxNDAzNjcyMy4wLjAuMTk1MTU4NzExMA..\"><strong>Raquel C. Pico<\/strong><\/a><\/h2>\n<blockquote class=\"wp-embedded-content\" data-secret=\"b8wX3cfRRn\"><p><a href=\"https:\/\/ethic.es\/2024\/04\/leyes-contra-el-ecocidio\/\">Leyes contra el ecocidio<\/a><\/p><\/blockquote>\n<p><iframe loading=\"lazy\" class=\"wp-embedded-content\" sandbox=\"allow-scripts\" security=\"restricted\" style=\"position: absolute; visibility: hidden;\" title=\"\u00abLeyes contra el ecocidio\u00bb \u2014 Ethic\" src=\"https:\/\/ethic.es\/2024\/04\/leyes-contra-el-ecocidio\/embed\/#?secret=Y5Th4jywBJ#?secret=b8wX3cfRRn\" data-secret=\"b8wX3cfRRn\" width=\"600\" height=\"338\" frameborder=\"0\" marginwidth=\"0\" marginheight=\"0\" scrolling=\"no\"><\/iframe><\/p>\n<p style=\"text-align: justify;\">\u00a0<\/p>\n","protected":false},"excerpt":{"rendered":"<p>La delincuencia medioambiental es la tercera industria criminal del mundo. Recientemente, diversos pa\u00edses han ido&#8230;<\/p>\n","protected":false},"author":1,"featured_media":69035,"comment_status":"closed","ping_status":"closed","sticky":false,"template":"","format":"standard","meta":{"_coblocks_attr":"","_coblocks_dimensions":"","_coblocks_responsive_height":"","_coblocks_accordion_ie_support":"","jetpack_post_was_ever_published":false,"_jetpack_newsletter_access":"","_jetpack_dont_email_post_to_subs":false,"_jetpack_newsletter_tier_id":0,"_jetpack_memberships_contains_paywalled_content":false,"_jetpack_memberships_contains_paid_content":false,"footnotes":"","jetpack_publicize_message":"","jetpack_publicize_feature_enabled":true,"jetpack_social_post_already_shared":true,"jetpack_social_options":{"image_generator_settings":{"template":"highway","default_image_id":0,"enabled":false},"version":2}},"categories":[1161,9,44],"tags":[],"class_list":["post-69034","post","type-post","status-publish","format-standard","has-post-thumbnail","hentry","category-ciudadania","category-medio-ambiente","category-noticias-de-hoy"],"jetpack_publicize_connections":[],"jetpack_featured_media_url":"https:\/\/i0.wp.com\/miradordeatarfe.es\/wp-content\/uploads\/2024\/04\/ecocidio-1280x768-1.webp?fit=1280%2C768&ssl=1","jetpack_likes_enabled":true,"jetpack_sharing_enabled":true,"_links":{"self":[{"href":"https:\/\/miradordeatarfe.es\/index.php?rest_route=\/wp\/v2\/posts\/69034","targetHints":{"allow":["GET"]}}],"collection":[{"href":"https:\/\/miradordeatarfe.es\/index.php?rest_route=\/wp\/v2\/posts"}],"about":[{"href":"https:\/\/miradordeatarfe.es\/index.php?rest_route=\/wp\/v2\/types\/post"}],"author":[{"embeddable":true,"href":"https:\/\/miradordeatarfe.es\/index.php?rest_route=\/wp\/v2\/users\/1"}],"replies":[{"embeddable":true,"href":"https:\/\/miradordeatarfe.es\/index.php?rest_route=%2Fwp%2Fv2%2Fcomments&post=69034"}],"version-history":[{"count":1,"href":"https:\/\/miradordeatarfe.es\/index.php?rest_route=\/wp\/v2\/posts\/69034\/revisions"}],"predecessor-version":[{"id":69036,"href":"https:\/\/miradordeatarfe.es\/index.php?rest_route=\/wp\/v2\/posts\/69034\/revisions\/69036"}],"wp:featuredmedia":[{"embeddable":true,"href":"https:\/\/miradordeatarfe.es\/index.php?rest_route=\/wp\/v2\/media\/69035"}],"wp:attachment":[{"href":"https:\/\/miradordeatarfe.es\/index.php?rest_route=%2Fwp%2Fv2%2Fmedia&parent=69034"}],"wp:term":[{"taxonomy":"category","embeddable":true,"href":"https:\/\/miradordeatarfe.es\/index.php?rest_route=%2Fwp%2Fv2%2Fcategories&post=69034"},{"taxonomy":"post_tag","embeddable":true,"href":"https:\/\/miradordeatarfe.es\/index.php?rest_route=%2Fwp%2Fv2%2Ftags&post=69034"}],"curies":[{"name":"wp","href":"https:\/\/api.w.org\/{rel}","templated":true}]}}