{"id":69039,"date":"2024-04-29T10:26:43","date_gmt":"2024-04-29T08:26:43","guid":{"rendered":"https:\/\/miradordeatarfe.es\/?p=69039"},"modified":"2024-04-25T11:40:32","modified_gmt":"2024-04-25T09:40:32","slug":"world-press-photo-2024","status":"publish","type":"post","link":"https:\/\/miradordeatarfe.es\/?p=69039","title":{"rendered":"World Press Photo 2024"},"content":{"rendered":"<h2 style=\"text-align: justify;\">Fotograf\u00edas que muestran la p\u00e9rdida de vidas en Gaza, la salud mental en Madagascar, la migraci\u00f3n en M\u00e9xico y la guerra en Ucrania han recibido los principales premios del World Press Photo 2024.<\/h2>\n<div class=\"contenido\" style=\"text-align: justify;\">\n<h2 id=\"image-title\">Una mujer palestina abraza el cuerpo de su sobrina. Mohammed Salem<\/h2>\n<p><a href=\"https:\/\/i0.wp.com\/miradordeatarfe.es\/wp-content\/uploads\/2024\/04\/Screenshot-2024-04-25-at-11-27-46-World-Press-Photo-2024.png?ssl=1\"><img data-recalc-dims=\"1\" loading=\"lazy\" decoding=\"async\" class=\"wp-image-69040 size-full aligncenter\" src=\"https:\/\/i0.wp.com\/miradordeatarfe.es\/wp-content\/uploads\/2024\/04\/Screenshot-2024-04-25-at-11-27-46-World-Press-Photo-2024.png?resize=409%2C622&#038;ssl=1\" alt=\"\" width=\"409\" height=\"622\" srcset=\"https:\/\/i0.wp.com\/miradordeatarfe.es\/wp-content\/uploads\/2024\/04\/Screenshot-2024-04-25-at-11-27-46-World-Press-Photo-2024.png?w=409&amp;ssl=1 409w, https:\/\/i0.wp.com\/miradordeatarfe.es\/wp-content\/uploads\/2024\/04\/Screenshot-2024-04-25-at-11-27-46-World-Press-Photo-2024.png?resize=197%2C300&amp;ssl=1 197w\" sizes=\"auto, (max-width: 409px) 100vw, 409px\" \/><\/a><\/p>\n<h6 id=\"image-caption\">Inas Abu Maamar (36 a\u00f1os) acuna el cuerpo sin vida de su sobrina Saly (5), v\u00edctima de un misil israel\u00ed, en Khan Younis, Gaza.<\/h6>\n<p>\u00abNuestro prop\u00f3sito es conectar el mundo con las historias que importan\u00bb. Es el esp\u00edritu que impuls\u00f3 el 1955 la creaci\u00f3n del premio internacional de fotograf\u00eda <a href=\"https:\/\/www.worldpressphoto.org\/\" target=\"_blank\" rel=\"noopener\">World Press Photo<\/a>.\u00a0En estas seis d\u00e9cadas, el mundo ha cambiado continuamente y los nuevos avances tanto en la tecnolog\u00eda como en los medios de comunicaci\u00f3n han transformado la forma de hacer periodismo y narrar historias.<\/p>\n<p>La fotograf\u00eda de una mujer abrazando a una ni\u00f1a que acaba de perder la vida en Gaza, del fotoperiodista palestino Mohammed Salem, ha sido la ganadora del World Press Photo 2024. Mostramos aqu\u00ed algunos de los 24 trabajos premiados este a\u00f1o, que junto a las seis menciones honor\u00edficas y dos menciones especiales del jurado han sido seleccionados de entre 61.062 fotograf\u00edas de 3.851 fot\u00f3grafos de 130 pa\u00edses.<\/p>\n<p>Estas im\u00e1genes documentan algunos de los desaf\u00edos m\u00e1s urgentes que enfrenta el mundo hoy: desde la crisis clim\u00e1tica y las migraciones forzosas a la agitaci\u00f3n pol\u00edtica y el conflicto armado. \u00abAl reunir historias tan importantes, la selecci\u00f3n fomenta una mayor comprensi\u00f3n y conciencia de los acontecimientos actuales, adem\u00e1s de servir como recordatorio de la necesidad de libertad de prensa en todos los rincones del mundo\u00bb, sostienen desde World Press Photo.<\/p>\n<\/div>\n<p style=\"text-align: justify;\"><a href=\"https:\/\/i0.wp.com\/miradordeatarfe.es\/wp-content\/uploads\/2024\/04\/Screenshot-2024-04-25-at-11-29-44-World-Press-Photo-2024.png?ssl=1\"><img data-recalc-dims=\"1\" loading=\"lazy\" decoding=\"async\" class=\"alignnone wp-image-69041 size-full\" src=\"https:\/\/i0.wp.com\/miradordeatarfe.es\/wp-content\/uploads\/2024\/04\/Screenshot-2024-04-25-at-11-29-44-World-Press-Photo-2024.png?resize=640%2C467&#038;ssl=1\" alt=\"\" width=\"640\" height=\"467\" srcset=\"https:\/\/i0.wp.com\/miradordeatarfe.es\/wp-content\/uploads\/2024\/04\/Screenshot-2024-04-25-at-11-29-44-World-Press-Photo-2024.png?w=747&amp;ssl=1 747w, https:\/\/i0.wp.com\/miradordeatarfe.es\/wp-content\/uploads\/2024\/04\/Screenshot-2024-04-25-at-11-29-44-World-Press-Photo-2024.png?resize=300%2C219&amp;ssl=1 300w\" sizes=\"auto, (max-width: 640px) 100vw, 640px\" \/><\/a><\/p>\n<div class=\"contenido\" style=\"text-align: justify;\">\n<h2 id=\"image-title\">Valim-babena. Lee-Ann Olwage<\/h2>\n<h6 id=\"image-caption\">En Madagascar, la falta de conciencia p\u00fablica sobre la demencia significa que las personas que muestran s\u00edntomas de p\u00e9rdida de memoria a menudo son estigmatizadas.<\/h6>\n<p>\u00abNuestro prop\u00f3sito es conectar el mundo con las historias que importan\u00bb. Es el esp\u00edritu que impuls\u00f3 el 1955 la creaci\u00f3n del premio internacional de fotograf\u00eda <a href=\"https:\/\/www.worldpressphoto.org\/\" target=\"_blank\" rel=\"noopener\">World Press Photo<\/a>.\u00a0En estas seis d\u00e9cadas, el mundo ha cambiado continuamente y los nuevos avances tanto en la tecnolog\u00eda como en los medios de comunicaci\u00f3n han transformado la forma de hacer periodismo y narrar historias.<\/p>\n<p>La fotograf\u00eda de una mujer abrazando a una ni\u00f1a que acaba de perder la vida en Gaza, del fotoperiodista palestino Mohammed Salem, ha sido la ganadora del World Press Photo 2024. Mostramos aqu\u00ed algunos de los 24 trabajos premiados este a\u00f1o, que junto a las seis menciones honor\u00edficas y dos menciones especiales del jurado han sido seleccionados de entre 61.062 fotograf\u00edas de 3.851 fot\u00f3grafos de 130 pa\u00edses.<\/p>\n<p>Estas im\u00e1genes documentan algunos de los desaf\u00edos m\u00e1s urgentes que enfrenta el mundo hoy: desde la crisis clim\u00e1tica y las migraciones forzosas a la agitaci\u00f3n pol\u00edtica y el conflicto armado. \u00abAl reunir historias tan importantes, la selecci\u00f3n fomenta una mayor comprensi\u00f3n y conciencia de los acontecimientos actuales, adem\u00e1s de servir como recordatorio de la necesidad de libertad de prensa en todos los rincones del mundo\u00bb, sostienen desde World Press Photo.<\/p>\n<\/div>\n<p style=\"text-align: justify;\"><a href=\"https:\/\/i0.wp.com\/miradordeatarfe.es\/wp-content\/uploads\/2024\/04\/Screenshot-2024-04-25-at-11-31-48-World-Press-Photo-2024.png?ssl=1\"><img data-recalc-dims=\"1\" loading=\"lazy\" decoding=\"async\" class=\"alignnone wp-image-69042 size-full\" src=\"https:\/\/i0.wp.com\/miradordeatarfe.es\/wp-content\/uploads\/2024\/04\/Screenshot-2024-04-25-at-11-31-48-World-Press-Photo-2024.png?resize=640%2C447&#038;ssl=1\" alt=\"\" width=\"640\" height=\"447\" srcset=\"https:\/\/i0.wp.com\/miradordeatarfe.es\/wp-content\/uploads\/2024\/04\/Screenshot-2024-04-25-at-11-31-48-World-Press-Photo-2024.png?w=801&amp;ssl=1 801w, https:\/\/i0.wp.com\/miradordeatarfe.es\/wp-content\/uploads\/2024\/04\/Screenshot-2024-04-25-at-11-31-48-World-Press-Photo-2024.png?resize=300%2C210&amp;ssl=1 300w, https:\/\/i0.wp.com\/miradordeatarfe.es\/wp-content\/uploads\/2024\/04\/Screenshot-2024-04-25-at-11-31-48-World-Press-Photo-2024.png?resize=768%2C537&amp;ssl=1 768w\" sizes=\"auto, (max-width: 640px) 100vw, 640px\" \/><\/a><\/p>\n<p style=\"text-align: justify;\">\u00a0<\/p>\n<div class=\"contenido\" style=\"text-align: justify;\">\n<h2 id=\"image-title\">Regreso a casa de la guerra. Vicente Haiges<\/h2>\n<h6 id=\"image-caption\">Kibrom Berhane (24 a\u00f1os) saluda a su madre por primera vez desde que se uni\u00f3 al Tigray Defense Forces dos a\u00f1os atr\u00e1s. Saesie Tsada, Etiop\u00eda.<\/h6>\n<p>\u00abNuestro prop\u00f3sito es conectar el mundo con las historias que importan\u00bb. Es el esp\u00edritu que impuls\u00f3 el 1955 la creaci\u00f3n del premio internacional de fotograf\u00eda <a href=\"https:\/\/www.worldpressphoto.org\/\" target=\"_blank\" rel=\"noopener\">World Press Photo<\/a>.\u00a0En estas seis d\u00e9cadas, el mundo ha cambiado continuamente y los nuevos avances tanto en la tecnolog\u00eda como en los medios de comunicaci\u00f3n han transformado la forma de hacer periodismo y narrar historias.<\/p>\n<p>La fotograf\u00eda de una mujer abrazando a una ni\u00f1a que acaba de perder la vida en Gaza, del fotoperiodista palestino Mohammed Salem, ha sido la ganadora del World Press Photo 2024. Mostramos aqu\u00ed algunos de los 24 trabajos premiados este a\u00f1o, que junto a las seis menciones honor\u00edficas y dos menciones especiales del jurado han sido seleccionados de entre 61.062 fotograf\u00edas de 3.851 fot\u00f3grafos de 130 pa\u00edses.<\/p>\n<p>Estas im\u00e1genes documentan algunos de los desaf\u00edos m\u00e1s urgentes que enfrenta el mundo hoy: desde la crisis clim\u00e1tica y las migraciones forzosas a la agitaci\u00f3n pol\u00edtica y el conflicto armado. \u00abAl reunir historias tan importantes, la selecci\u00f3n fomenta una mayor comprensi\u00f3n y conciencia de los acontecimientos actuales, adem\u00e1s de servir como recordatorio de la necesidad de libertad de prensa en todos los rincones del mundo\u00bb, sostienen desde World Press Photo.<\/p>\n<\/div>\n<p style=\"text-align: justify;\"><a href=\"https:\/\/i0.wp.com\/miradordeatarfe.es\/wp-content\/uploads\/2024\/04\/Screenshot-2024-04-25-at-11-34-35-World-Press-Photo-2024.png?ssl=1\"><img data-recalc-dims=\"1\" loading=\"lazy\" decoding=\"async\" class=\"alignnone wp-image-69043 size-full\" src=\"https:\/\/i0.wp.com\/miradordeatarfe.es\/wp-content\/uploads\/2024\/04\/Screenshot-2024-04-25-at-11-34-35-World-Press-Photo-2024.png?resize=640%2C385&#038;ssl=1\" alt=\"\" width=\"640\" height=\"385\" srcset=\"https:\/\/i0.wp.com\/miradordeatarfe.es\/wp-content\/uploads\/2024\/04\/Screenshot-2024-04-25-at-11-34-35-World-Press-Photo-2024.png?w=909&amp;ssl=1 909w, https:\/\/i0.wp.com\/miradordeatarfe.es\/wp-content\/uploads\/2024\/04\/Screenshot-2024-04-25-at-11-34-35-World-Press-Photo-2024.png?resize=300%2C181&amp;ssl=1 300w, https:\/\/i0.wp.com\/miradordeatarfe.es\/wp-content\/uploads\/2024\/04\/Screenshot-2024-04-25-at-11-34-35-World-Press-Photo-2024.png?resize=768%2C462&amp;ssl=1 768w\" sizes=\"auto, (max-width: 640px) 100vw, 640px\" \/><\/a><\/p>\n<div class=\"contenido\" style=\"text-align: justify;\">\n<h2 id=\"image-title\">Afganist\u00e1n al l\u00edmite. Ebrahim Noroozi<\/h2>\n<h6 id=\"image-caption\">Los ni\u00f1os miran fijamente una manzana que su madre trajo a casa despu\u00e9s de mendigar en un campamento para desplazados internos a la afueras de Kabul, Afganist\u00e1n.<\/h6>\n<p>\u00abNuestro prop\u00f3sito es conectar el mundo con las historias que importan\u00bb. Es el esp\u00edritu que impuls\u00f3 el 1955 la creaci\u00f3n del premio internacional de fotograf\u00eda <a href=\"https:\/\/www.worldpressphoto.org\/\" target=\"_blank\" rel=\"noopener\">World Press Photo<\/a>.\u00a0En estas seis d\u00e9cadas, el mundo ha cambiado continuamente y los nuevos avances tanto en la tecnolog\u00eda como en los medios de comunicaci\u00f3n han transformado la forma de hacer periodismo y narrar historias.<\/p>\n<p>La fotograf\u00eda de una mujer abrazando a una ni\u00f1a que acaba de perder la vida en Gaza, del fotoperiodista palestino Mohammed Salem, ha sido la ganadora del World Press Photo 2024. Mostramos aqu\u00ed algunos de los 24 trabajos premiados este a\u00f1o, que junto a las seis menciones honor\u00edficas y dos menciones especiales del jurado han sido seleccionados de entre 61.062 fotograf\u00edas de 3.851 fot\u00f3grafos de 130 pa\u00edses.<\/p>\n<p>Estas im\u00e1genes documentan algunos de los desaf\u00edos m\u00e1s urgentes que enfrenta el mundo hoy: desde la crisis clim\u00e1tica y las migraciones forzosas a la agitaci\u00f3n pol\u00edtica y el conflicto armado. \u00abAl reunir historias tan importantes, la selecci\u00f3n fomenta una mayor comprensi\u00f3n y conciencia de los acontecimientos actuales, adem\u00e1s de servir como recordatorio de la necesidad de libertad de prensa en todos los rincones del mundo\u00bb, sostienen desde World Press Photo.<\/p>\n<\/div>\n<blockquote class=\"wp-embedded-content\" data-secret=\"oMEwUGA5qx\"><p><a href=\"https:\/\/ethic.es\/galerias\/world-press-photo-2024\/\">World Press Photo 2024<\/a><\/p><\/blockquote>\n<p><iframe loading=\"lazy\" class=\"wp-embedded-content\" sandbox=\"allow-scripts\" security=\"restricted\" style=\"position: absolute; visibility: hidden;\" title=\"\u00abWorld Press Photo 2024\u00bb \u2014 Ethic\" src=\"https:\/\/ethic.es\/galerias\/world-press-photo-2024\/embed\/#?secret=w0ws1sWwOv#?secret=oMEwUGA5qx\" data-secret=\"oMEwUGA5qx\" width=\"600\" height=\"338\" frameborder=\"0\" marginwidth=\"0\" marginheight=\"0\" scrolling=\"no\"><\/iframe><\/p>\n","protected":false},"excerpt":{"rendered":"<p>Fotograf\u00edas que muestran la p\u00e9rdida de vidas en Gaza, la salud mental en Madagascar, la&#8230;<\/p>\n","protected":false},"author":1,"featured_media":69044,"comment_status":"closed","ping_status":"closed","sticky":false,"template":"","format":"standard","meta":{"_coblocks_attr":"","_coblocks_dimensions":"","_coblocks_responsive_height":"","_coblocks_accordion_ie_support":"","jetpack_post_was_ever_published":false,"_jetpack_newsletter_access":"","_jetpack_dont_email_post_to_subs":false,"_jetpack_newsletter_tier_id":0,"_jetpack_memberships_contains_paywalled_content":false,"_jetpack_memberships_contains_paid_content":false,"footnotes":"","jetpack_publicize_message":"","jetpack_publicize_feature_enabled":true,"jetpack_social_post_already_shared":true,"jetpack_social_options":{"image_generator_settings":{"template":"highway","default_image_id":0,"enabled":false},"version":2}},"categories":[44,6937,6920],"tags":[],"class_list":["post-69039","post","type-post","status-publish","format-standard","has-post-thumbnail","hentry","category-noticias-de-hoy","category-sociedad","category-tecnologia"],"jetpack_publicize_connections":[],"jetpack_featured_media_url":"https:\/\/i0.wp.com\/miradordeatarfe.es\/wp-content\/uploads\/2024\/04\/Screenshot-2024-04-25-at-11-37-42-World-Press-Photo-2024.png?fit=1729%2C632&ssl=1","jetpack_likes_enabled":true,"jetpack_sharing_enabled":true,"_links":{"self":[{"href":"https:\/\/miradordeatarfe.es\/index.php?rest_route=\/wp\/v2\/posts\/69039","targetHints":{"allow":["GET"]}}],"collection":[{"href":"https:\/\/miradordeatarfe.es\/index.php?rest_route=\/wp\/v2\/posts"}],"about":[{"href":"https:\/\/miradordeatarfe.es\/index.php?rest_route=\/wp\/v2\/types\/post"}],"author":[{"embeddable":true,"href":"https:\/\/miradordeatarfe.es\/index.php?rest_route=\/wp\/v2\/users\/1"}],"replies":[{"embeddable":true,"href":"https:\/\/miradordeatarfe.es\/index.php?rest_route=%2Fwp%2Fv2%2Fcomments&post=69039"}],"version-history":[{"count":2,"href":"https:\/\/miradordeatarfe.es\/index.php?rest_route=\/wp\/v2\/posts\/69039\/revisions"}],"predecessor-version":[{"id":69046,"href":"https:\/\/miradordeatarfe.es\/index.php?rest_route=\/wp\/v2\/posts\/69039\/revisions\/69046"}],"wp:featuredmedia":[{"embeddable":true,"href":"https:\/\/miradordeatarfe.es\/index.php?rest_route=\/wp\/v2\/media\/69044"}],"wp:attachment":[{"href":"https:\/\/miradordeatarfe.es\/index.php?rest_route=%2Fwp%2Fv2%2Fmedia&parent=69039"}],"wp:term":[{"taxonomy":"category","embeddable":true,"href":"https:\/\/miradordeatarfe.es\/index.php?rest_route=%2Fwp%2Fv2%2Fcategories&post=69039"},{"taxonomy":"post_tag","embeddable":true,"href":"https:\/\/miradordeatarfe.es\/index.php?rest_route=%2Fwp%2Fv2%2Ftags&post=69039"}],"curies":[{"name":"wp","href":"https:\/\/api.w.org\/{rel}","templated":true}]}}